{"id":3464,"date":"2025-07-11T13:42:36","date_gmt":"2025-07-11T13:42:36","guid":{"rendered":"https:\/\/www.xn--kprmedya-n4a6d.com\/?p=3464"},"modified":"2025-07-11T13:42:38","modified_gmt":"2025-07-11T13:42:38","slug":"tarladan-sofraya-gida-guvenilirligi-icin-onemli-adim-28-temmuzda-zorunlu-oluyor","status":"publish","type":"post","link":"https:\/\/www.xn--kprmedya-n4a6d.com\/index.php\/2025\/07\/11\/tarladan-sofraya-gida-guvenilirligi-icin-onemli-adim-28-temmuzda-zorunlu-oluyor\/","title":{"rendered":"\u201cTarladan sofraya\u201d g\u0131da g\u00fcvenilirli\u011fi i\u00e7in \u00f6nemli ad\u0131m: 28 Temmuz\u2019da Zorunlu Oluyor!"},"content":{"rendered":"\n<p><strong>Tar\u0131m ve Orman Bakanl\u0131\u011f\u0131, t\u00fcketicilerin g\u00fcvenilir g\u0131daya eri\u015fimini sa\u011flamak amac\u0131yla hayata ge\u00e7irdi\u011fi \u201cG\u0131da \u0130\u015fletmelerinde Karekod Uygulamas\u0131\u201dn\u0131 28 Temmuz 2025 itibariyle zorunlu hale getiriyor.<\/strong><\/p>\n\n\n\n<p>G\u0131da g\u00fcvenilirli\u011fini birincil \u00fcretimden son t\u00fcketime kadar izlemeyi hedefleyen uygulama, 7 Haziran 2024 D\u00fcnya G\u0131da G\u00fcvenilirli\u011fi G\u00fcn\u00fc\u2019nde duyurulmu\u015ftu. 08 May\u0131s 2025 tarihinde Resm\u00ee Gazete\u2019de yay\u0131mlanan y\u00f6netmelik de\u011fi\u015fikli\u011fiyle market, kasap, manav gibi sat\u0131\u015f yerleri ile restoran, kafe, yemekhane gibi toplu t\u00fcketim alanlar\u0131nda karekod uygulamas\u0131 yasal zorunluluk haline getirildi.<\/p>\n\n\n\n<p>Uygulaman\u0131n detaylar\u0131 ise 29 May\u0131s 2025 tarihinde kamuoyuyla payla\u015f\u0131lm\u0131\u015f ve g\u0131da i\u015fletmelerine 60 g\u00fcnl\u00fck bir uyum s\u00fcresi tan\u0131nm\u0131\u015ft\u0131. Bu s\u00fcre 28 Temmuz 2025\u2019te sona eriyor.<\/p>\n\n\n\n<p><strong>T\u00fcketiciye \u015eeffafl\u0131k Sa\u011flanacak<\/strong><\/p>\n\n\n\n<p>Bakanl\u0131k taraf\u0131ndan her i\u015fletmeye \u00f6zel olarak haz\u0131rlanan karekodlar, i\u015fletmeler taraf\u0131ndan ilgili internet adresi \u00fczerinden olu\u015fturulabilecek. T\u00fcketicilerin g\u00f6rebilece\u011fi \u015fekilde i\u015fletmelerde yer alacak bu karekodlar sayesinde vatanda\u015flar, ilgili i\u015fletmenin denetim durumuna kolayca ula\u015fabilecek.<\/p>\n\n\n\n<p><strong>Karekodsuz \u0130\u015fletmelere Yasal \u0130\u015flem<\/strong><\/p>\n\n\n\n<p>28 Temmuz 2025 tarihinden itibaren g\u0131da sat\u0131\u015f ve toplu t\u00fcketim yerlerinde karekodu t\u00fcketiciye sunmayan i\u015fletmelere yasal yapt\u0131r\u0131m uygulanaca\u011f\u0131 belirtildi. Karekod uygulamas\u0131, g\u0131da \u00fcretim yerleri i\u00e7in ise g\u00f6n\u00fcll\u00fcl\u00fck esas\u0131na g\u00f6re devam edecek.<\/p>\n\n\n\n<p>Bakanl\u0131k yetkilileri, uygulaman\u0131n hem denetim s\u00fcre\u00e7lerini dijitalle\u015ftirerek kolayla\u015ft\u0131raca\u011f\u0131n\u0131 hem de t\u00fcketici g\u00fcvenli\u011fini art\u0131rarak sekt\u00f6r standartlar\u0131n\u0131 y\u00fckseltece\u011fini ifade etti.<\/p>\n","protected":false},"excerpt":{"rendered":"<p>Tar\u0131m ve Orman Bakanl\u0131\u011f\u0131, t\u00fcketicilerin g\u00fcvenilir g\u0131daya eri\u015fimini sa\u011flamak amac\u0131yla hayata ge\u00e7irdi\u011fi \u201cG\u0131da \u0130\u015fletmelerinde Karekod Uygulamas\u0131\u201dn\u0131 28 Temmuz 2025 itibariyle zorunlu hale getiriyor. G\u0131da g\u00fcvenilirli\u011fini&hellip;<\/p>\n","protected":false},"author":1,"featured_media":3465,"comment_status":"open","ping_status":"open","sticky":false,"template":"","format":"standard","meta":{"advanced_seo_description":"","jetpack_seo_html_title":"","jetpack_seo_noindex":false,"_jetpack_memberships_contains_paid_content":false,"footnotes":"","jetpack_publicize_message":"","jetpack_publicize_feature_enabled":false,"jetpack_social_post_already_shared":false,"jetpack_social_options":{"image_generator_settings":{"template":"highway","default_image_id":0,"enabled":false},"version":2}},"categories":[8],"tags":[],"class_list":["post-3464","post","type-post","status-publish","format-standard","has-post-thumbnail","hentry","category-foto-galeri"],"jetpack_publicize_connections":[],"jetpack_featured_media_url":"https:\/\/www.xn--kprmedya-n4a6d.com\/wp-content\/uploads\/2025\/07\/IMG_2362.jpeg","jetpack_likes_enabled":true,"jetpack_sharing_enabled":true,"jetpack_shortlink":"https:\/\/wp.me\/pgAB3S-TS","_links":{"self":[{"href":"https:\/\/www.xn--kprmedya-n4a6d.com\/index.php\/wp-json\/wp\/v2\/posts\/3464","targetHints":{"allow":["GET"]}}],"collection":[{"href":"https:\/\/www.xn--kprmedya-n4a6d.com\/index.php\/wp-json\/wp\/v2\/posts"}],"about":[{"href":"https:\/\/www.xn--kprmedya-n4a6d.com\/index.php\/wp-json\/wp\/v2\/types\/post"}],"author":[{"embeddable":true,"href":"https:\/\/www.xn--kprmedya-n4a6d.com\/index.php\/wp-json\/wp\/v2\/users\/1"}],"replies":[{"embeddable":true,"href":"https:\/\/www.xn--kprmedya-n4a6d.com\/index.php\/wp-json\/wp\/v2\/comments?post=3464"}],"version-history":[{"count":1,"href":"https:\/\/www.xn--kprmedya-n4a6d.com\/index.php\/wp-json\/wp\/v2\/posts\/3464\/revisions"}],"predecessor-version":[{"id":3466,"href":"https:\/\/www.xn--kprmedya-n4a6d.com\/index.php\/wp-json\/wp\/v2\/posts\/3464\/revisions\/3466"}],"wp:featuredmedia":[{"embeddable":true,"href":"https:\/\/www.xn--kprmedya-n4a6d.com\/index.php\/wp-json\/wp\/v2\/media\/3465"}],"wp:attachment":[{"href":"https:\/\/www.xn--kprmedya-n4a6d.com\/index.php\/wp-json\/wp\/v2\/media?parent=3464"}],"wp:term":[{"taxonomy":"category","embeddable":true,"href":"https:\/\/www.xn--kprmedya-n4a6d.com\/index.php\/wp-json\/wp\/v2\/categories?post=3464"},{"taxonomy":"post_tag","embeddable":true,"href":"https:\/\/www.xn--kprmedya-n4a6d.com\/index.php\/wp-json\/wp\/v2\/tags?post=3464"}],"curies":[{"name":"wp","href":"https:\/\/api.w.org\/{rel}","templated":true}]}}