{"id":4135,"date":"2025-08-10T11:30:45","date_gmt":"2025-08-10T11:30:45","guid":{"rendered":"https:\/\/www.xn--kprmedya-n4a6d.com\/?p=4135"},"modified":"2025-08-10T11:30:47","modified_gmt":"2025-08-10T11:30:47","slug":"mugep-baskani-vahdettin-sevimin-aci-kaybi","status":"publish","type":"post","link":"https:\/\/www.xn--kprmedya-n4a6d.com\/index.php\/2025\/08\/10\/mugep-baskani-vahdettin-sevimin-aci-kaybi\/","title":{"rendered":"MUGEP Ba\u015fkan\u0131 Vahdettin Sevim\u2019in Ac\u0131 Kayb\u0131!"},"content":{"rendered":"\n<p>Mustafakemalpa\u015fa\u2019n\u0131n sevilen simalar\u0131ndan, Sevim Makine sahibi ve MUGEP Y\u00f6netim Kurulu Ba\u015fkan\u0131 Vahdettin Sevim\u2019in babas\u0131 Hac\u0131 Hayati Sevim vefat etti.<\/p>\n\n\n\n<p>Merhum Hac\u0131 Hayati Sevim\u2019in cenazesi, bug\u00fcn ikindi namaz\u0131na m\u00fcteakip G\u00fcllece Yeni Camii\u2019nden kald\u0131r\u0131larak son yolculu\u011funa u\u011furlanacak.<\/p>\n\n\n\n<p>K\u00f6pr\u00fc Medya olarak, merhuma Allah\u2019tan rahmet; Sevim ailesine, yak\u0131nlar\u0131na ve sevenlerine ba\u015fsa\u011fl\u0131\u011f\u0131 diliyoruz.<\/p>\n","protected":false},"excerpt":{"rendered":"<p>Mustafakemalpa\u015fa\u2019n\u0131n sevilen simalar\u0131ndan, Sevim Makine sahibi ve MUGEP Y\u00f6netim Kurulu Ba\u015fkan\u0131 Vahdettin Sevim\u2019in babas\u0131 Hac\u0131 Hayati Sevim vefat etti. Merhum Hac\u0131 Hayati Sevim\u2019in cenazesi, bug\u00fcn&hellip;<\/p>\n","protected":false},"author":1,"featured_media":4136,"comment_status":"open","ping_status":"open","sticky":false,"template":"","format":"standard","meta":{"advanced_seo_description":"","jetpack_seo_html_title":"","jetpack_seo_noindex":false,"_jetpack_memberships_contains_paid_content":false,"footnotes":"","jetpack_publicize_message":"","jetpack_publicize_feature_enabled":false,"jetpack_social_post_already_shared":false,"jetpack_social_options":{"image_generator_settings":{"template":"highway","default_image_id":0,"font":"","enabled":false},"version":2}},"categories":[8],"tags":[],"class_list":["post-4135","post","type-post","status-publish","format-standard","has-post-thumbnail","hentry","category-foto-galeri"],"jetpack_publicize_connections":[],"jetpack_featured_media_url":"https:\/\/www.xn--kprmedya-n4a6d.com\/wp-content\/uploads\/2025\/08\/\ud83d\udea8-SON-DAKIKA-Bu-Gece-OTV-Guncellemesi-Geliyor-Instagram-Gonderisi-18.png","jetpack_likes_enabled":true,"jetpack_sharing_enabled":true,"jetpack_shortlink":"https:\/\/wp.me\/pgAB3S-14H","_links":{"self":[{"href":"https:\/\/www.xn--kprmedya-n4a6d.com\/index.php\/wp-json\/wp\/v2\/posts\/4135","targetHints":{"allow":["GET"]}}],"collection":[{"href":"https:\/\/www.xn--kprmedya-n4a6d.com\/index.php\/wp-json\/wp\/v2\/posts"}],"about":[{"href":"https:\/\/www.xn--kprmedya-n4a6d.com\/index.php\/wp-json\/wp\/v2\/types\/post"}],"author":[{"embeddable":true,"href":"https:\/\/www.xn--kprmedya-n4a6d.com\/index.php\/wp-json\/wp\/v2\/users\/1"}],"replies":[{"embeddable":true,"href":"https:\/\/www.xn--kprmedya-n4a6d.com\/index.php\/wp-json\/wp\/v2\/comments?post=4135"}],"version-history":[{"count":1,"href":"https:\/\/www.xn--kprmedya-n4a6d.com\/index.php\/wp-json\/wp\/v2\/posts\/4135\/revisions"}],"predecessor-version":[{"id":4137,"href":"https:\/\/www.xn--kprmedya-n4a6d.com\/index.php\/wp-json\/wp\/v2\/posts\/4135\/revisions\/4137"}],"wp:featuredmedia":[{"embeddable":true,"href":"https:\/\/www.xn--kprmedya-n4a6d.com\/index.php\/wp-json\/wp\/v2\/media\/4136"}],"wp:attachment":[{"href":"https:\/\/www.xn--kprmedya-n4a6d.com\/index.php\/wp-json\/wp\/v2\/media?parent=4135"}],"wp:term":[{"taxonomy":"category","embeddable":true,"href":"https:\/\/www.xn--kprmedya-n4a6d.com\/index.php\/wp-json\/wp\/v2\/categories?post=4135"},{"taxonomy":"post_tag","embeddable":true,"href":"https:\/\/www.xn--kprmedya-n4a6d.com\/index.php\/wp-json\/wp\/v2\/tags?post=4135"}],"curies":[{"name":"wp","href":"https:\/\/api.w.org\/{rel}","templated":true}]}}