{"id":4138,"date":"2025-08-10T14:05:52","date_gmt":"2025-08-10T14:05:52","guid":{"rendered":"https:\/\/www.xn--kprmedya-n4a6d.com\/?p=4138"},"modified":"2025-08-10T14:05:54","modified_gmt":"2025-08-10T14:05:54","slug":"baskan-erdem-ve-baskan-demir-pasalarda-yagmur-duasina-katildi","status":"publish","type":"post","link":"https:\/\/www.xn--kprmedya-n4a6d.com\/index.php\/2025\/08\/10\/baskan-erdem-ve-baskan-demir-pasalarda-yagmur-duasina-katildi\/","title":{"rendered":"Ba\u015fkan Erdem ve Ba\u015fkan Demir, Pa\u015falar\u2019da Ya\u011fmur Duas\u0131na Kat\u0131ld\u0131!"},"content":{"rendered":"\n<p>Mustafakemalpa\u015fa Belediye Ba\u015fkan\u0131 \u015e\u00fckr\u00fc Erdem, CHP Mustafakemalpa\u015fa \u0130l\u00e7e Ba\u015fkan\u0131 G\u00f6khan Demir ile birlikte Pa\u015falar Mahallesi\u2019nde d\u00fczenlenen ya\u011fmur duas\u0131na kat\u0131ld\u0131.<\/p>\n\n\n\n<figure class=\"wp-block-image size-large\"><img loading=\"lazy\" decoding=\"async\" width=\"1024\" height=\"683\" src=\"https:\/\/www.xn--kprmedya-n4a6d.com\/wp-content\/uploads\/2025\/08\/IMG_3721-1024x683.jpeg\" alt=\"\" class=\"wp-image-4139\" srcset=\"https:\/\/www.xn--kprmedya-n4a6d.com\/wp-content\/uploads\/2025\/08\/IMG_3721-1024x683.jpeg 1024w, https:\/\/www.xn--kprmedya-n4a6d.com\/wp-content\/uploads\/2025\/08\/IMG_3721-300x200.jpeg 300w, https:\/\/www.xn--kprmedya-n4a6d.com\/wp-content\/uploads\/2025\/08\/IMG_3721-768x512.jpeg 768w, https:\/\/www.xn--kprmedya-n4a6d.com\/wp-content\/uploads\/2025\/08\/IMG_3721.jpeg 1066w\" sizes=\"auto, (max-width: 1024px) 100vw, 1024px\" \/><\/figure>\n\n\n\n<p>Kurak ge\u00e7en yaz aylar\u0131n\u0131n ard\u0131ndan Pa\u015falar Mahallesi sakinleri, bereketli ya\u011f\u0131\u015flar ve verimli bir sezon i\u00e7in dualar etti. Ba\u015fkan Erdem, \u201cKurak havalar\u0131n ya\u015fatt\u0131\u011f\u0131 olumsuzluklardan kurtulu\u015f diliyoruz. Dualar\u0131m\u0131z kabul olsun\u201d ifadelerini kulland\u0131.<\/p>\n\n\n\n<figure class=\"wp-block-image size-large\"><img loading=\"lazy\" decoding=\"async\" width=\"1024\" height=\"683\" src=\"https:\/\/www.xn--kprmedya-n4a6d.com\/wp-content\/uploads\/2025\/08\/IMG_3719-1024x683.jpeg\" alt=\"\" class=\"wp-image-4140\" srcset=\"https:\/\/www.xn--kprmedya-n4a6d.com\/wp-content\/uploads\/2025\/08\/IMG_3719-1024x683.jpeg 1024w, https:\/\/www.xn--kprmedya-n4a6d.com\/wp-content\/uploads\/2025\/08\/IMG_3719-300x200.jpeg 300w, https:\/\/www.xn--kprmedya-n4a6d.com\/wp-content\/uploads\/2025\/08\/IMG_3719-768x512.jpeg 768w, https:\/\/www.xn--kprmedya-n4a6d.com\/wp-content\/uploads\/2025\/08\/IMG_3719.jpeg 1440w\" sizes=\"auto, (max-width: 1024px) 100vw, 1024px\" \/><\/figure>\n\n\n\n<p>Program kapsam\u0131nda Eskik\u0131z\u0131lelma Mahallesi\u2019nin geleneksel k\u00f6y hayr\u0131 da ziyaret edildi. Hem\u015fehrileriyle ayn\u0131 sofrada bulu\u015fan ve sohbet eden Ba\u015fkan Erdem ile Ba\u015fkan Demir, misafirperverliklerinden dolay\u0131 mahalle halk\u0131na te\u015fekk\u00fcr etti.<\/p>\n\n\n\n<figure class=\"wp-block-image size-large\"><img loading=\"lazy\" decoding=\"async\" width=\"1024\" height=\"683\" src=\"https:\/\/www.xn--kprmedya-n4a6d.com\/wp-content\/uploads\/2025\/08\/IMG_3724-1024x683.jpeg\" alt=\"\" class=\"wp-image-4141\" srcset=\"https:\/\/www.xn--kprmedya-n4a6d.com\/wp-content\/uploads\/2025\/08\/IMG_3724-1024x683.jpeg 1024w, https:\/\/www.xn--kprmedya-n4a6d.com\/wp-content\/uploads\/2025\/08\/IMG_3724-300x200.jpeg 300w, https:\/\/www.xn--kprmedya-n4a6d.com\/wp-content\/uploads\/2025\/08\/IMG_3724-768x512.jpeg 768w, https:\/\/www.xn--kprmedya-n4a6d.com\/wp-content\/uploads\/2025\/08\/IMG_3724.jpeg 1440w\" sizes=\"auto, (max-width: 1024px) 100vw, 1024px\" \/><\/figure>\n\n\n\n<p>\u201cBirlik ve beraberli\u011fimiz daim olsun\u201d mesaj\u0131n\u0131 veren Ba\u015fkan Erdem, k\u00f6y hay\u0131rlar\u0131n\u0131n ve ya\u011fmur dualar\u0131n\u0131n, toplumun dayan\u0131\u015fma ve karde\u015flik ba\u011flar\u0131n\u0131 g\u00fc\u00e7lendirdi\u011fini vurgulad\u0131.<\/p>\n","protected":false},"excerpt":{"rendered":"<p>Mustafakemalpa\u015fa Belediye Ba\u015fkan\u0131 \u015e\u00fckr\u00fc Erdem, CHP Mustafakemalpa\u015fa \u0130l\u00e7e Ba\u015fkan\u0131 G\u00f6khan Demir ile birlikte Pa\u015falar Mahallesi\u2019nde d\u00fczenlenen ya\u011fmur duas\u0131na kat\u0131ld\u0131. Kurak ge\u00e7en yaz aylar\u0131n\u0131n ard\u0131ndan Pa\u015falar&hellip;<\/p>\n","protected":false},"author":1,"featured_media":4142,"comment_status":"open","ping_status":"open","sticky":false,"template":"","format":"standard","meta":{"advanced_seo_description":"","jetpack_seo_html_title":"","jetpack_seo_noindex":false,"_jetpack_memberships_contains_paid_content":false,"footnotes":"","jetpack_publicize_message":"","jetpack_publicize_feature_enabled":false,"jetpack_social_post_already_shared":false,"jetpack_social_options":{"image_generator_settings":{"template":"highway","default_image_id":0,"font":"","enabled":false},"version":2}},"categories":[8],"tags":[],"class_list":["post-4138","post","type-post","status-publish","format-standard","has-post-thumbnail","hentry","category-foto-galeri"],"jetpack_publicize_connections":[],"jetpack_featured_media_url":"https:\/\/www.xn--kprmedya-n4a6d.com\/wp-content\/uploads\/2025\/08\/\ud83d\udea8-SON-DAKIKA-Bu-Gece-OTV-Guncellemesi-Geliyor-Instagram-Gonderisi-19.png","jetpack_likes_enabled":true,"jetpack_sharing_enabled":true,"jetpack_shortlink":"https:\/\/wp.me\/pgAB3S-14K","_links":{"self":[{"href":"https:\/\/www.xn--kprmedya-n4a6d.com\/index.php\/wp-json\/wp\/v2\/posts\/4138","targetHints":{"allow":["GET"]}}],"collection":[{"href":"https:\/\/www.xn--kprmedya-n4a6d.com\/index.php\/wp-json\/wp\/v2\/posts"}],"about":[{"href":"https:\/\/www.xn--kprmedya-n4a6d.com\/index.php\/wp-json\/wp\/v2\/types\/post"}],"author":[{"embeddable":true,"href":"https:\/\/www.xn--kprmedya-n4a6d.com\/index.php\/wp-json\/wp\/v2\/users\/1"}],"replies":[{"embeddable":true,"href":"https:\/\/www.xn--kprmedya-n4a6d.com\/index.php\/wp-json\/wp\/v2\/comments?post=4138"}],"version-history":[{"count":1,"href":"https:\/\/www.xn--kprmedya-n4a6d.com\/index.php\/wp-json\/wp\/v2\/posts\/4138\/revisions"}],"predecessor-version":[{"id":4143,"href":"https:\/\/www.xn--kprmedya-n4a6d.com\/index.php\/wp-json\/wp\/v2\/posts\/4138\/revisions\/4143"}],"wp:featuredmedia":[{"embeddable":true,"href":"https:\/\/www.xn--kprmedya-n4a6d.com\/index.php\/wp-json\/wp\/v2\/media\/4142"}],"wp:attachment":[{"href":"https:\/\/www.xn--kprmedya-n4a6d.com\/index.php\/wp-json\/wp\/v2\/media?parent=4138"}],"wp:term":[{"taxonomy":"category","embeddable":true,"href":"https:\/\/www.xn--kprmedya-n4a6d.com\/index.php\/wp-json\/wp\/v2\/categories?post=4138"},{"taxonomy":"post_tag","embeddable":true,"href":"https:\/\/www.xn--kprmedya-n4a6d.com\/index.php\/wp-json\/wp\/v2\/tags?post=4138"}],"curies":[{"name":"wp","href":"https:\/\/api.w.org\/{rel}","templated":true}]}}