{"id":4144,"date":"2025-08-10T14:53:28","date_gmt":"2025-08-10T14:53:28","guid":{"rendered":"https:\/\/www.xn--kprmedya-n4a6d.com\/?p=4144"},"modified":"2025-08-10T14:53:30","modified_gmt":"2025-08-10T14:53:30","slug":"10-agustos-2014-turkiyede-cumhurbaskani-ilk-kez-halk-oyuyla-secildi","status":"publish","type":"post","link":"https:\/\/www.xn--kprmedya-n4a6d.com\/index.php\/2025\/08\/10\/10-agustos-2014-turkiyede-cumhurbaskani-ilk-kez-halk-oyuyla-secildi\/","title":{"rendered":"10 A\u011eUSTOS 2014: T\u00dcRK\u0130YE\u2019DE CUMHURBA\u015eKANI \u0130LK KEZ HALK OYUYLA SE\u00c7\u0130LD\u0130"},"content":{"rendered":"\n<p>10 A\u011fustos 2014, T\u00fcrk siyasi tarihinde \u00f6nemli bir d\u00f6n\u00fcm noktas\u0131 olarak kay\u0131tlara ge\u00e7ti. T\u00fcrkiye\u2019de ilk kez cumhurba\u015fkan\u0131 do\u011frudan halk oyuyla belirlendi. Yap\u0131lan se\u00e7imde, d\u00f6nemin Ba\u015fbakan\u0131 Recep Tayyip Erdo\u011fan, oylar\u0131n \u00e7o\u011funlu\u011funu alarak 12. Cumhurba\u015fkan\u0131 oldu.<\/p>\n\n\n\n<p>Bu se\u00e7im, cumhurba\u015fkan\u0131n\u0131n TBMM taraf\u0131ndan se\u00e7ildi\u011fi sistemden, do\u011frudan halk\u0131n oy kulland\u0131\u011f\u0131 sisteme ge\u00e7i\u015fin ilk \u00f6rne\u011fini olu\u015fturdu. Sand\u0131ktan \u00e7\u0131kan sonu\u00e7, T\u00fcrkiye\u2019nin demokratik s\u00fcrecinde yeni bir sayfan\u0131n a\u00e7\u0131lmas\u0131 olarak yorumland\u0131.<\/p>\n\n\n\n<p><strong>Sistemde de\u011fi\u015fim<\/strong><\/p>\n\n\n\n<p>2007\u2019de yap\u0131lan anayasa de\u011fi\u015fikli\u011fiyle kabul edilen d\u00fczenleme, cumhurba\u015fkan\u0131n\u0131n halk oyuyla se\u00e7ilmesini \u00f6ng\u00f6r\u00fcyordu. 2014 se\u00e7imleri, bu de\u011fi\u015fikli\u011fin ilk uygulamas\u0131 oldu. Se\u00e7im, ayn\u0131 zamanda halk\u0131n cumhurba\u015fkan\u0131n\u0131 do\u011frudan belirledi\u011fi tek turlu sistemin de ilk denemesi niteli\u011fi ta\u015f\u0131d\u0131.<\/p>\n\n\n\n<p>Se\u00e7imden sonra ba\u015flayan yeni d\u00f6nem, y\u00fcr\u00fctme ile halk aras\u0131ndaki ili\u015fkiyi do\u011frudan sand\u0131k arac\u0131l\u0131\u011f\u0131yla kuran bir s\u00fcre\u00e7 olarak de\u011ferlendirildi.<\/p>\n","protected":false},"excerpt":{"rendered":"<p>10 A\u011fustos 2014, T\u00fcrk siyasi tarihinde \u00f6nemli bir d\u00f6n\u00fcm noktas\u0131 olarak kay\u0131tlara ge\u00e7ti. T\u00fcrkiye\u2019de ilk kez cumhurba\u015fkan\u0131 do\u011frudan halk oyuyla belirlendi. Yap\u0131lan se\u00e7imde, d\u00f6nemin Ba\u015fbakan\u0131&hellip;<\/p>\n","protected":false},"author":1,"featured_media":4145,"comment_status":"open","ping_status":"open","sticky":false,"template":"","format":"standard","meta":{"advanced_seo_description":"","jetpack_seo_html_title":"","jetpack_seo_noindex":false,"_jetpack_memberships_contains_paid_content":false,"footnotes":"","jetpack_publicize_message":"","jetpack_publicize_feature_enabled":false,"jetpack_social_post_already_shared":false,"jetpack_social_options":{"image_generator_settings":{"template":"highway","default_image_id":0,"font":"","enabled":false},"version":2}},"categories":[8],"tags":[],"class_list":["post-4144","post","type-post","status-publish","format-standard","has-post-thumbnail","hentry","category-foto-galeri"],"jetpack_publicize_connections":[],"jetpack_featured_media_url":"https:\/\/www.xn--kprmedya-n4a6d.com\/wp-content\/uploads\/2025\/08\/\ud83d\udea8-SON-DAKIKA-Bu-Gece-OTV-Guncellemesi-Geliyor-Instagram-Gonderisi-20.png","jetpack_likes_enabled":true,"jetpack_sharing_enabled":true,"jetpack_shortlink":"https:\/\/wp.me\/pgAB3S-14Q","_links":{"self":[{"href":"https:\/\/www.xn--kprmedya-n4a6d.com\/index.php\/wp-json\/wp\/v2\/posts\/4144","targetHints":{"allow":["GET"]}}],"collection":[{"href":"https:\/\/www.xn--kprmedya-n4a6d.com\/index.php\/wp-json\/wp\/v2\/posts"}],"about":[{"href":"https:\/\/www.xn--kprmedya-n4a6d.com\/index.php\/wp-json\/wp\/v2\/types\/post"}],"author":[{"embeddable":true,"href":"https:\/\/www.xn--kprmedya-n4a6d.com\/index.php\/wp-json\/wp\/v2\/users\/1"}],"replies":[{"embeddable":true,"href":"https:\/\/www.xn--kprmedya-n4a6d.com\/index.php\/wp-json\/wp\/v2\/comments?post=4144"}],"version-history":[{"count":1,"href":"https:\/\/www.xn--kprmedya-n4a6d.com\/index.php\/wp-json\/wp\/v2\/posts\/4144\/revisions"}],"predecessor-version":[{"id":4146,"href":"https:\/\/www.xn--kprmedya-n4a6d.com\/index.php\/wp-json\/wp\/v2\/posts\/4144\/revisions\/4146"}],"wp:featuredmedia":[{"embeddable":true,"href":"https:\/\/www.xn--kprmedya-n4a6d.com\/index.php\/wp-json\/wp\/v2\/media\/4145"}],"wp:attachment":[{"href":"https:\/\/www.xn--kprmedya-n4a6d.com\/index.php\/wp-json\/wp\/v2\/media?parent=4144"}],"wp:term":[{"taxonomy":"category","embeddable":true,"href":"https:\/\/www.xn--kprmedya-n4a6d.com\/index.php\/wp-json\/wp\/v2\/categories?post=4144"},{"taxonomy":"post_tag","embeddable":true,"href":"https:\/\/www.xn--kprmedya-n4a6d.com\/index.php\/wp-json\/wp\/v2\/tags?post=4144"}],"curies":[{"name":"wp","href":"https:\/\/api.w.org\/{rel}","templated":true}]}}