{"id":4149,"date":"2025-08-10T18:56:37","date_gmt":"2025-08-10T18:56:37","guid":{"rendered":"https:\/\/www.xn--kprmedya-n4a6d.com\/?p=4149"},"modified":"2025-08-10T18:56:39","modified_gmt":"2025-08-10T18:56:39","slug":"pasa-mini-topta-ilk-duduk-caldi","status":"publish","type":"post","link":"https:\/\/www.xn--kprmedya-n4a6d.com\/index.php\/2025\/08\/10\/pasa-mini-topta-ilk-duduk-caldi\/","title":{"rendered":"Pa\u015fa Mini Top\u2019ta \u0130lk D\u00fcd\u00fck \u00c7ald\u0131!"},"content":{"rendered":"\n<p><strong>Mustafakemalpa\u015fa\u2019da futbolun unutulmaz heyecan\u0131 yeniden ya\u015fanmaya ba\u015flad\u0131. Uzun y\u0131llardan sonra ilk kez d\u00fczenlenen Pa\u015fa Mini Top Futbol Turnuvas\u0131, Amat\u00f6r Spor Kul\u00fcplerinin b\u00fcy\u00fck fedak\u00e2rl\u0131klar\u0131 ve \u00e7abalar\u0131yla hayata ge\u00e7irildi.<\/strong><\/p>\n\n\n\n<figure class=\"wp-block-image size-large\"><img loading=\"lazy\" decoding=\"async\" width=\"1024\" height=\"768\" src=\"https:\/\/www.xn--kprmedya-n4a6d.com\/wp-content\/uploads\/2025\/08\/IMG_3769-1-1024x768.jpeg\" alt=\"\" class=\"wp-image-4150\" srcset=\"https:\/\/www.xn--kprmedya-n4a6d.com\/wp-content\/uploads\/2025\/08\/IMG_3769-1-1024x768.jpeg 1024w, https:\/\/www.xn--kprmedya-n4a6d.com\/wp-content\/uploads\/2025\/08\/IMG_3769-1-300x225.jpeg 300w, https:\/\/www.xn--kprmedya-n4a6d.com\/wp-content\/uploads\/2025\/08\/IMG_3769-1-768x576.jpeg 768w, https:\/\/www.xn--kprmedya-n4a6d.com\/wp-content\/uploads\/2025\/08\/IMG_3769-1-1536x1152.jpeg 1536w, https:\/\/www.xn--kprmedya-n4a6d.com\/wp-content\/uploads\/2025\/08\/IMG_3769-1-2048x1536.jpeg 2048w\" sizes=\"auto, (max-width: 1024px) 100vw, 1024px\" \/><\/figure>\n\n\n\n<p>Turnuva, k\u0131sa bir s\u00fcre \u00f6nce kaybetti\u011fimiz, spor camias\u0131n\u0131n ve Mustafakemalpa\u015fal\u0131lar\u0131n b\u00fcy\u00fck sevgisine mazhar olmu\u015f \u0130brahim \u00c7avl\u0131 an\u0131s\u0131na d\u00fczenlendi. BARUT ET\u2019in ana sponsorlu\u011funda ve Mustafakemalpa\u015fa Amat\u00f6r Spor Kul\u00fcpler Birli\u011fi\u2019nin katk\u0131lar\u0131yla ger\u00e7ekle\u015ftirilen organizasyonun a\u00e7\u0131l\u0131\u015f\u0131, bu ak\u015fam co\u015fkulu bir atmosferde yap\u0131ld\u0131.<\/p>\n\n\n\n<figure class=\"wp-block-image size-large\"><img loading=\"lazy\" decoding=\"async\" width=\"1024\" height=\"768\" src=\"https:\/\/www.xn--kprmedya-n4a6d.com\/wp-content\/uploads\/2025\/08\/IMG_3752-1024x768.jpeg\" alt=\"\" class=\"wp-image-4151\" srcset=\"https:\/\/www.xn--kprmedya-n4a6d.com\/wp-content\/uploads\/2025\/08\/IMG_3752-1024x768.jpeg 1024w, https:\/\/www.xn--kprmedya-n4a6d.com\/wp-content\/uploads\/2025\/08\/IMG_3752-300x225.jpeg 300w, https:\/\/www.xn--kprmedya-n4a6d.com\/wp-content\/uploads\/2025\/08\/IMG_3752-768x576.jpeg 768w, https:\/\/www.xn--kprmedya-n4a6d.com\/wp-content\/uploads\/2025\/08\/IMG_3752-1536x1152.jpeg 1536w, https:\/\/www.xn--kprmedya-n4a6d.com\/wp-content\/uploads\/2025\/08\/IMG_3752-2048x1536.jpeg 2048w\" sizes=\"auto, (max-width: 1024px) 100vw, 1024px\" \/><\/figure>\n\n\n\n<p>\u0130stiklal Mar\u015f\u0131 ve sayg\u0131 duru\u015fuyla ba\u015flayan t\u00f6rende Amat\u00f6r Spor Kul\u00fcpler Birli\u011fi Ba\u015fkan\u0131 Atilla Ta\u015f\u00f6ren konu\u015fma yapt\u0131. Ard\u0131ndan Ta\u015f\u00f6ren\u2019in yapt\u0131\u011f\u0131 ilk vuru\u015fla turnuvan\u0131n start\u0131 verildi. Junior tak\u0131mlar\u0131n m\u00fccadelesiyle ba\u015flayan organizasyonda, bu y\u0131l 67 tak\u0131m sahaya \u00e7\u0131kacak ve grup ma\u00e7lar\u0131 13 g\u00fcn boyunca s\u00fcrecek.<\/p>\n\n\n\n<figure class=\"wp-block-image size-large\"><img loading=\"lazy\" decoding=\"async\" width=\"768\" height=\"1024\" src=\"https:\/\/www.xn--kprmedya-n4a6d.com\/wp-content\/uploads\/2025\/08\/IMG_3784-768x1024.jpeg\" alt=\"\" class=\"wp-image-4152\" srcset=\"https:\/\/www.xn--kprmedya-n4a6d.com\/wp-content\/uploads\/2025\/08\/IMG_3784-768x1024.jpeg 768w, https:\/\/www.xn--kprmedya-n4a6d.com\/wp-content\/uploads\/2025\/08\/IMG_3784-225x300.jpeg 225w, https:\/\/www.xn--kprmedya-n4a6d.com\/wp-content\/uploads\/2025\/08\/IMG_3784-1152x1536.jpeg 1152w, https:\/\/www.xn--kprmedya-n4a6d.com\/wp-content\/uploads\/2025\/08\/IMG_3784-1536x2048.jpeg 1536w, https:\/\/www.xn--kprmedya-n4a6d.com\/wp-content\/uploads\/2025\/08\/IMG_3784-scaled.jpeg 1920w\" sizes=\"auto, (max-width: 768px) 100vw, 768px\" \/><\/figure>\n\n\n\n<p>Mini Top, bu y\u0131l yaln\u0131zca bir turnuva de\u011fil, dostlu\u011fun, spora verilen eme\u011fin ve bir vefa borcunun ifadesi olarak sahalarda yerini ald\u0131.<\/p>\n\n\n\n<figure class=\"wp-block-image size-large\"><img loading=\"lazy\" decoding=\"async\" width=\"1024\" height=\"768\" src=\"https:\/\/www.xn--kprmedya-n4a6d.com\/wp-content\/uploads\/2025\/08\/IMG_3763-1024x768.jpeg\" alt=\"\" class=\"wp-image-4153\" srcset=\"https:\/\/www.xn--kprmedya-n4a6d.com\/wp-content\/uploads\/2025\/08\/IMG_3763-1024x768.jpeg 1024w, https:\/\/www.xn--kprmedya-n4a6d.com\/wp-content\/uploads\/2025\/08\/IMG_3763-300x225.jpeg 300w, https:\/\/www.xn--kprmedya-n4a6d.com\/wp-content\/uploads\/2025\/08\/IMG_3763-768x576.jpeg 768w, https:\/\/www.xn--kprmedya-n4a6d.com\/wp-content\/uploads\/2025\/08\/IMG_3763-1536x1152.jpeg 1536w, https:\/\/www.xn--kprmedya-n4a6d.com\/wp-content\/uploads\/2025\/08\/IMG_3763-2048x1536.jpeg 2048w\" sizes=\"auto, (max-width: 1024px) 100vw, 1024px\" \/><\/figure>\n","protected":false},"excerpt":{"rendered":"<p>Mustafakemalpa\u015fa\u2019da futbolun unutulmaz heyecan\u0131 yeniden ya\u015fanmaya ba\u015flad\u0131. Uzun y\u0131llardan sonra ilk kez d\u00fczenlenen Pa\u015fa Mini Top Futbol Turnuvas\u0131, Amat\u00f6r Spor Kul\u00fcplerinin b\u00fcy\u00fck fedak\u00e2rl\u0131klar\u0131 ve \u00e7abalar\u0131yla&hellip;<\/p>\n","protected":false},"author":1,"featured_media":4154,"comment_status":"open","ping_status":"open","sticky":false,"template":"","format":"standard","meta":{"advanced_seo_description":"","jetpack_seo_html_title":"","jetpack_seo_noindex":false,"_jetpack_memberships_contains_paid_content":false,"footnotes":"","jetpack_publicize_message":"","jetpack_publicize_feature_enabled":false,"jetpack_social_post_already_shared":false,"jetpack_social_options":{"image_generator_settings":{"template":"highway","default_image_id":0,"font":"","enabled":false},"version":2}},"categories":[8],"tags":[],"class_list":["post-4149","post","type-post","status-publish","format-standard","has-post-thumbnail","hentry","category-foto-galeri"],"jetpack_publicize_connections":[],"jetpack_featured_media_url":"https:\/\/www.xn--kprmedya-n4a6d.com\/wp-content\/uploads\/2025\/08\/\ud83d\udea8-SON-DAKIKA-Bu-Gece-OTV-Guncellemesi-Geliyor-Instagram-Gonderisi-45.png","jetpack_likes_enabled":true,"jetpack_sharing_enabled":true,"jetpack_shortlink":"https:\/\/wp.me\/pgAB3S-14V","_links":{"self":[{"href":"https:\/\/www.xn--kprmedya-n4a6d.com\/index.php\/wp-json\/wp\/v2\/posts\/4149","targetHints":{"allow":["GET"]}}],"collection":[{"href":"https:\/\/www.xn--kprmedya-n4a6d.com\/index.php\/wp-json\/wp\/v2\/posts"}],"about":[{"href":"https:\/\/www.xn--kprmedya-n4a6d.com\/index.php\/wp-json\/wp\/v2\/types\/post"}],"author":[{"embeddable":true,"href":"https:\/\/www.xn--kprmedya-n4a6d.com\/index.php\/wp-json\/wp\/v2\/users\/1"}],"replies":[{"embeddable":true,"href":"https:\/\/www.xn--kprmedya-n4a6d.com\/index.php\/wp-json\/wp\/v2\/comments?post=4149"}],"version-history":[{"count":1,"href":"https:\/\/www.xn--kprmedya-n4a6d.com\/index.php\/wp-json\/wp\/v2\/posts\/4149\/revisions"}],"predecessor-version":[{"id":4155,"href":"https:\/\/www.xn--kprmedya-n4a6d.com\/index.php\/wp-json\/wp\/v2\/posts\/4149\/revisions\/4155"}],"wp:featuredmedia":[{"embeddable":true,"href":"https:\/\/www.xn--kprmedya-n4a6d.com\/index.php\/wp-json\/wp\/v2\/media\/4154"}],"wp:attachment":[{"href":"https:\/\/www.xn--kprmedya-n4a6d.com\/index.php\/wp-json\/wp\/v2\/media?parent=4149"}],"wp:term":[{"taxonomy":"category","embeddable":true,"href":"https:\/\/www.xn--kprmedya-n4a6d.com\/index.php\/wp-json\/wp\/v2\/categories?post=4149"},{"taxonomy":"post_tag","embeddable":true,"href":"https:\/\/www.xn--kprmedya-n4a6d.com\/index.php\/wp-json\/wp\/v2\/tags?post=4149"}],"curies":[{"name":"wp","href":"https:\/\/api.w.org\/{rel}","templated":true}]}}