{"id":4156,"date":"2025-08-11T08:43:35","date_gmt":"2025-08-11T08:43:35","guid":{"rendered":"https:\/\/www.xn--kprmedya-n4a6d.com\/?p=4156"},"modified":"2025-08-11T08:43:37","modified_gmt":"2025-08-11T08:43:37","slug":"4156","status":"publish","type":"post","link":"https:\/\/www.xn--kprmedya-n4a6d.com\/index.php\/2025\/08\/11\/4156\/","title":{"rendered":""},"content":{"rendered":"\n<blockquote class=\"wp-block-quote is-layout-flow wp-block-quote-is-layout-flow\">\n<p><strong>Gard\u0131robumuzun Ana Par\u00e7alar\u0131 ve Mask\u00fclen Tarz\u0131n G\u00fcc\u00fc<\/strong><\/p>\n\n\n\n<p>Ma\u011fazadan i\u00e7eri giren, orta ya\u015flar\u0131nda ho\u015f bir han\u0131mefendi bende bir \u201ca\u00e7\u0131l\u0131m\u201d yaratt\u0131. Girdi\u011finde s\u00f6yledi\u011fi ilk c\u00fcmle dikkatimi \u00e7ekti: \u00dcr\u00fcnlere bay\u0131ld\u0131\u011f\u0131n\u0131 ama \u201cnereye giyece\u011fini bilemedi\u011fini\u201d s\u00f6yledi. Sosyal bir grubunun olmad\u0131\u011f\u0131n\u0131, sadece \u00e7al\u0131\u015ft\u0131\u011f\u0131n\u0131, onun d\u0131\u015f\u0131nda zaman\u0131n\u0131n olmad\u0131\u011f\u0131n\u0131 ekledi. Kamu personeli oldu\u011funu da belirtince, se\u00e7ti\u011fi \u00fcr\u00fcn\u00fcn kendi stat\u00fcs\u00fcne uygun olmad\u0131\u011f\u0131n\u0131 d\u00fc\u015f\u00fcnd\u00fcm.<\/p>\n\n\n\n<p>Ard\u0131ndan s\u00f6yledi\u011fi s\u00f6z ise adeta zihnimde bir fla\u015f \u00e7akt\u0131rd\u0131:<\/p>\n\n\n\n<p>\u201c\u0130ki adet giyinme odam var, a\u011fz\u0131na kadar dolu\u2026 Ama ben her g\u00fcn \u2018giyecek k\u0131yafetim yok\u2019 diye geziyorum. \u00c7ok zorlan\u0131yorum k\u0131yafet bulmakta.\u201d<\/p>\n\n\n\n<p>Bu s\u00f6zler beni \u00e7ocuklu\u011fuma, annelerimizin gen\u00e7lik d\u00f6nemine g\u00f6t\u00fcrd\u00fc. O eski foto\u011fraflarda g\u00f6rd\u00fc\u011f\u00fcm\u00fcz \u015f\u0131k kad\u0131nlar, onlar\u0131 \u00f6zenle giydiren annelerimiz\u2026 O zamanlar hemen her kad\u0131n diki\u015f dikmeyi bilirdi. Ellerindeki bir par\u00e7a kuma\u015fla harikalar yarat\u0131r, \u00e7ocuklar\u0131n\u0131 toplum kar\u015f\u0131s\u0131na \u015f\u0131k bir \u015fekilde \u00e7\u0131kar\u0131rlard\u0131.<\/p>\n\n\n\n<p>Bizim gen\u00e7li\u011fimizde ise az ama \u00f6zenle se\u00e7ilmi\u015f par\u00e7alarla zarif g\u00f6r\u00fcnmek m\u00fcmk\u00fcnd\u00fc. \u015eimdi ise binlerce \u00fcr\u00fcn kategorisi, her b\u00fct\u00e7eye uygun se\u00e7enekler ve yine de \u201cgiyecek hi\u00e7bir \u015feyim yok\u201d diyen y\u00fczlerce insan var. Demek ki bir yerde sistemli bir hata var: a\u015f\u0131r\u0131 bolluk, kalitesiz \u00fcretim, h\u0131zl\u0131 t\u00fcketim\u2026 K\u0131sa vadede \u00f6zg\u00fcrl\u00fck gibi g\u00f6r\u00fcnen bu durum, uzun vadede israf ve t\u00fcketim \u00e7\u0131lg\u0131nl\u0131\u011f\u0131na d\u00f6n\u00fc\u015f\u00fcyor.<\/p>\n\n\n\n<p>Peki, bug\u00fcn sil ba\u015ftan bir gard\u0131rop kursayd\u0131k neler eklerdik?<\/p>\n\n\n\n<p>Benim listemin ilk s\u0131ras\u0131nda&nbsp;<strong>basic siyah pantolon<\/strong>&nbsp;var. Son y\u0131llarda y\u00fcksek bel modas\u0131 h\u00e2kim; fazlal\u0131klar\u0131 toparlad\u0131\u011f\u0131 ve kusurlar\u0131 kapatt\u0131\u011f\u0131 i\u00e7in y\u00fcksek bel tercihim olurdu. Bir slim fit, bir de klasik pa\u00e7a siyah pantolon dolab\u0131mda mutlaka yer al\u0131rd\u0131.<\/p>\n\n\n\n<p>\u00dcst giyimde ise zamans\u0131z par\u00e7alardan: v\u00fccuda oturan bir basic ti\u015f\u00f6rt ve bir oversize ti\u015f\u00f6rt (siyah ve beyaz renklerde). Klasik kesim bir beyaz g\u00f6mlek, camel renk bir kemer ve yine camel tonlar\u0131nda bir stiletto olmazsa olmaz.<\/p>\n\n\n\n<p>Bunlara ek olarak diz alt\u0131 kalem etekler, blazer ceketler, belden oturtmal\u0131 diz boyu tren\u00e7kotlar, logosu ba\u011f\u0131rmayan sade modeller\u2026 Orta ya da y\u00fcksek bel klasik kot pantolon da g\u00f6mlek ve ti\u015f\u00f6rtlerle iyi bir tamamlay\u0131c\u0131d\u0131r. Zarif aksesuarlar ve minimal \u00e7antalarla bu kombinler tamamlanabilir.<\/p>\n\n\n\n<p>Elbiselerde ise v\u00fccut tipine g\u00f6re iki se\u00e7enek: hafif a\u00e7\u0131l\u0131ml\u0131 diz alt\u0131 elbiseler veya v\u00fccuda tam oturan basic elbiseler. Kuma\u015f se\u00e7iminde, dokundu\u011fumuz anda pamuk hissini veren kaliteli dokulara y\u00f6nelmek, al\u0131\u015fveri\u015fin \u201ck\u0131vam\u0131nda\u201d olmas\u0131n\u0131 sa\u011flar.<\/p>\n\n\n\n<p>Bu ana par\u00e7alar\u0131 tamamlad\u0131ktan sonras\u0131 keyif k\u0131sm\u0131: tarz\u0131m\u0131za, fizi\u011fimize ve sosyal hayat\u0131m\u0131za uygun \u201cyan par\u00e7alar\u201d ile gard\u0131robumuzu zenginle\u015ftirmek. B\u00f6ylece \u201cne giyece\u011fim\u201d sorusu tarihe kar\u0131\u015f\u0131r.<\/p>\n\n\n\n<p>Gelelim haftan\u0131n stil ba\u015fl\u0131\u011f\u0131na:&nbsp;<strong>Mask\u00fclen Tarz<\/strong>.<\/p>\n\n\n\n<p>Mask\u00fclen giyim, erkek giyim stilinin kad\u0131n modas\u0131na uyarlanmas\u0131d\u0131r. G\u00fc\u00e7l\u00fc ve sofistike bir duru\u015fun yans\u0131mas\u0131d\u0131r. Keskin \u00e7izgiler, geni\u015f omuzlu ceketler, d\u00fcz kesim pantolonlar, deri ceketler, loafer ve Oxford gibi klasik erkek ayakkab\u0131lar\u0131 bu tarz\u0131n temel unsurlar\u0131d\u0131r.<\/p>\n\n\n\n<p>Mask\u00fclenin bir rengi olsa, bu kesinlikle siyah olurdu. \u00dcstelik bu tarz sadece k\u0131yafette de\u011fil, sa\u00e7 stilinde ve tav\u0131rda da kendini g\u00f6sterir. Toplumda \u201cmask\u00fclen kad\u0131n\u201d tan\u0131m\u0131 bo\u015funa olu\u015fmam\u0131\u015ft\u0131r. Demek ki stil, bizi anlatan \u00e7ok g\u00fc\u00e7l\u00fc bir enstr\u00fcmand\u0131r.<\/p>\n\n\n\n<p>Okudu\u011funuz ve vakit ay\u0131rd\u0131\u011f\u0131n\u0131z i\u00e7in te\u015fekk\u00fcrler. Bir sonraki yaz\u0131da yeniden bulu\u015fmak \u00fczere\u2026<\/p>\n\n\n\n<p>Sayg\u0131lar\u0131mla.<\/p>\n\n\n\n<p>Bihter Alkan&nbsp;<\/p>\n<\/blockquote>\n","protected":false},"excerpt":{"rendered":"<p>Gard\u0131robumuzun Ana Par\u00e7alar\u0131 ve Mask\u00fclen Tarz\u0131n G\u00fcc\u00fc Ma\u011fazadan i\u00e7eri giren, orta ya\u015flar\u0131nda ho\u015f bir han\u0131mefendi bende bir \u201ca\u00e7\u0131l\u0131m\u201d yaratt\u0131. Girdi\u011finde s\u00f6yledi\u011fi ilk c\u00fcmle dikkatimi \u00e7ekti:&hellip;<\/p>\n","protected":false},"author":1,"featured_media":4157,"comment_status":"open","ping_status":"open","sticky":false,"template":"","format":"standard","meta":{"advanced_seo_description":"","jetpack_seo_html_title":"","jetpack_seo_noindex":false,"_jetpack_memberships_contains_paid_content":false,"footnotes":"","jetpack_publicize_message":"","jetpack_publicize_feature_enabled":false,"jetpack_social_post_already_shared":false,"jetpack_social_options":{"image_generator_settings":{"template":"highway","default_image_id":0,"font":"","enabled":false},"version":2}},"categories":[8],"tags":[],"class_list":["post-4156","post","type-post","status-publish","format-standard","has-post-thumbnail","hentry","category-foto-galeri"],"jetpack_publicize_connections":[],"jetpack_featured_media_url":"https:\/\/www.xn--kprmedya-n4a6d.com\/wp-content\/uploads\/2025\/08\/IMG_3803-scaled.jpeg","jetpack_likes_enabled":true,"jetpack_sharing_enabled":true,"jetpack_shortlink":"https:\/\/wp.me\/sgAB3S-4156","_links":{"self":[{"href":"https:\/\/www.xn--kprmedya-n4a6d.com\/index.php\/wp-json\/wp\/v2\/posts\/4156","targetHints":{"allow":["GET"]}}],"collection":[{"href":"https:\/\/www.xn--kprmedya-n4a6d.com\/index.php\/wp-json\/wp\/v2\/posts"}],"about":[{"href":"https:\/\/www.xn--kprmedya-n4a6d.com\/index.php\/wp-json\/wp\/v2\/types\/post"}],"author":[{"embeddable":true,"href":"https:\/\/www.xn--kprmedya-n4a6d.com\/index.php\/wp-json\/wp\/v2\/users\/1"}],"replies":[{"embeddable":true,"href":"https:\/\/www.xn--kprmedya-n4a6d.com\/index.php\/wp-json\/wp\/v2\/comments?post=4156"}],"version-history":[{"count":1,"href":"https:\/\/www.xn--kprmedya-n4a6d.com\/index.php\/wp-json\/wp\/v2\/posts\/4156\/revisions"}],"predecessor-version":[{"id":4158,"href":"https:\/\/www.xn--kprmedya-n4a6d.com\/index.php\/wp-json\/wp\/v2\/posts\/4156\/revisions\/4158"}],"wp:featuredmedia":[{"embeddable":true,"href":"https:\/\/www.xn--kprmedya-n4a6d.com\/index.php\/wp-json\/wp\/v2\/media\/4157"}],"wp:attachment":[{"href":"https:\/\/www.xn--kprmedya-n4a6d.com\/index.php\/wp-json\/wp\/v2\/media?parent=4156"}],"wp:term":[{"taxonomy":"category","embeddable":true,"href":"https:\/\/www.xn--kprmedya-n4a6d.com\/index.php\/wp-json\/wp\/v2\/categories?post=4156"},{"taxonomy":"post_tag","embeddable":true,"href":"https:\/\/www.xn--kprmedya-n4a6d.com\/index.php\/wp-json\/wp\/v2\/tags?post=4156"}],"curies":[{"name":"wp","href":"https:\/\/api.w.org\/{rel}","templated":true}]}}