{"id":4159,"date":"2025-08-12T08:53:08","date_gmt":"2025-08-12T08:53:08","guid":{"rendered":"https:\/\/www.xn--kprmedya-n4a6d.com\/?p=4159"},"modified":"2025-08-12T08:53:10","modified_gmt":"2025-08-12T08:53:10","slug":"sezen-aksu-pakize-sudanin-adini-hatira-ormani-ile-yasatacak","status":"publish","type":"post","link":"https:\/\/www.xn--kprmedya-n4a6d.com\/index.php\/2025\/08\/12\/sezen-aksu-pakize-sudanin-adini-hatira-ormani-ile-yasatacak\/","title":{"rendered":"Sezen Aksu, Pakize Suda\u2019n\u0131n Ad\u0131n\u0131 Hat\u0131ra Orman\u0131 ile Ya\u015fatacak"},"content":{"rendered":"\n<p>T\u00fcrk m\u00fczi\u011finin usta ismi Sezen Aksu, 2022 y\u0131l\u0131nda hayat\u0131n\u0131 kaybeden yak\u0131n dostu Pakize Suda an\u0131s\u0131na anlaml\u0131 bir projeye imza att\u0131. Sanat\u00e7\u0131, TEMA Vakf\u0131 arac\u0131l\u0131\u011f\u0131yla Erzurum Ta\u015fa\u011f\u0131l sahas\u0131nda 5 bin fidanl\u0131k bir&nbsp;<strong>\u201cPakize Suda Hat\u0131ra Orman\u0131\u201d<\/strong>&nbsp;olu\u015fturdu. Orman Genel M\u00fcd\u00fcrl\u00fc\u011f\u00fc ve TEMA Vakf\u0131 i\u015f birli\u011fiyle dikilen fidanlar, me\u015fe t\u00fcr\u00fcnden se\u00e7ildi.<\/p>\n\n\n\n<p>Sezen Aksu\u2019nun do\u011fa ve dostluk ad\u0131na yapt\u0131\u011f\u0131 bu ba\u011f\u0131\u015f, onun y\u0131llard\u0131r s\u00fcrd\u00fcrd\u00fc\u011f\u00fc \u00e7evre duyarl\u0131l\u0131\u011f\u0131n\u0131n yeni bir halkas\u0131 oldu. Sanat\u00e7\u0131 daha \u00f6nce de 2008 y\u0131l\u0131nda \u015eerif Y\u00fczba\u015f\u0131o\u011flu, Onno Tun\u00e7 ve Uzay Hepar\u0131 an\u0131s\u0131na Antalya D\u00f6\u015femealt\u0131\u2019nda 4 bin fidan, 2013\u2019te Manisa Salihli G\u00f6kk\u00f6y\u2019de 5 bin fidan dikilmesini sa\u011flam\u0131\u015ft\u0131.<\/p>\n\n\n\n<p>Aksu; 2015\u2019te Aysel G\u00fcrel, 2018\u2019de Adile Na\u015fit, 2019\u2019da Meral Okay, 2021\u2019de Attila \u00d6zdemiro\u011flu, 2022\u2019de O\u011fuz Aral, 2023\u2019te Ya\u015far Gaga ve 2024\u2019te Egemen Bostanc\u0131 an\u0131s\u0131na farkl\u0131 illerde her biri binlerce fidandan olu\u015fan hat\u0131ra ormanlar\u0131 kurdu.<\/p>\n\n\n\n<p>Pakize Suda Hat\u0131ra Orman\u0131 ile birlikte Sezen Aksu\u2019nun katk\u0131lar\u0131yla T\u00fcrkiye\u2019nin d\u00f6rt bir yan\u0131nda olu\u015fturulan 10 farkl\u0131 hat\u0131ra orman\u0131nda&nbsp;<strong>toplam 50 bin fidan<\/strong>&nbsp;toprakla bulu\u015ftu.<\/p>\n\n\n\n<p>TEMA Vakf\u0131, g\u00f6n\u00fcll\u00fcs\u00fc olan Sezen Aksu\u2019ya a\u011fa\u00e7land\u0131rma, erozyonla m\u00fccadele ve do\u011fal varl\u0131klar\u0131n korunmas\u0131na sa\u011flad\u0131\u011f\u0131 de\u011ferli katk\u0131lar i\u00e7in te\u015fekk\u00fcr etti.<\/p>\n","protected":false},"excerpt":{"rendered":"<p>T\u00fcrk m\u00fczi\u011finin usta ismi Sezen Aksu, 2022 y\u0131l\u0131nda hayat\u0131n\u0131 kaybeden yak\u0131n dostu Pakize Suda an\u0131s\u0131na anlaml\u0131 bir projeye imza att\u0131. Sanat\u00e7\u0131, TEMA Vakf\u0131 arac\u0131l\u0131\u011f\u0131yla Erzurum&hellip;<\/p>\n","protected":false},"author":1,"featured_media":4161,"comment_status":"open","ping_status":"open","sticky":false,"template":"","format":"standard","meta":{"advanced_seo_description":"","jetpack_seo_html_title":"","jetpack_seo_noindex":false,"_jetpack_memberships_contains_paid_content":false,"footnotes":"","jetpack_publicize_message":"","jetpack_publicize_feature_enabled":false,"jetpack_social_post_already_shared":false,"jetpack_social_options":{"image_generator_settings":{"template":"highway","default_image_id":0,"font":"","enabled":false},"version":2}},"categories":[8],"tags":[],"class_list":["post-4159","post","type-post","status-publish","format-standard","has-post-thumbnail","hentry","category-foto-galeri"],"jetpack_publicize_connections":[],"jetpack_featured_media_url":"https:\/\/www.xn--kprmedya-n4a6d.com\/wp-content\/uploads\/2025\/08\/IMG_3844.jpeg","jetpack_likes_enabled":true,"jetpack_sharing_enabled":true,"jetpack_shortlink":"https:\/\/wp.me\/pgAB3S-155","_links":{"self":[{"href":"https:\/\/www.xn--kprmedya-n4a6d.com\/index.php\/wp-json\/wp\/v2\/posts\/4159","targetHints":{"allow":["GET"]}}],"collection":[{"href":"https:\/\/www.xn--kprmedya-n4a6d.com\/index.php\/wp-json\/wp\/v2\/posts"}],"about":[{"href":"https:\/\/www.xn--kprmedya-n4a6d.com\/index.php\/wp-json\/wp\/v2\/types\/post"}],"author":[{"embeddable":true,"href":"https:\/\/www.xn--kprmedya-n4a6d.com\/index.php\/wp-json\/wp\/v2\/users\/1"}],"replies":[{"embeddable":true,"href":"https:\/\/www.xn--kprmedya-n4a6d.com\/index.php\/wp-json\/wp\/v2\/comments?post=4159"}],"version-history":[{"count":1,"href":"https:\/\/www.xn--kprmedya-n4a6d.com\/index.php\/wp-json\/wp\/v2\/posts\/4159\/revisions"}],"predecessor-version":[{"id":4162,"href":"https:\/\/www.xn--kprmedya-n4a6d.com\/index.php\/wp-json\/wp\/v2\/posts\/4159\/revisions\/4162"}],"wp:featuredmedia":[{"embeddable":true,"href":"https:\/\/www.xn--kprmedya-n4a6d.com\/index.php\/wp-json\/wp\/v2\/media\/4161"}],"wp:attachment":[{"href":"https:\/\/www.xn--kprmedya-n4a6d.com\/index.php\/wp-json\/wp\/v2\/media?parent=4159"}],"wp:term":[{"taxonomy":"category","embeddable":true,"href":"https:\/\/www.xn--kprmedya-n4a6d.com\/index.php\/wp-json\/wp\/v2\/categories?post=4159"},{"taxonomy":"post_tag","embeddable":true,"href":"https:\/\/www.xn--kprmedya-n4a6d.com\/index.php\/wp-json\/wp\/v2\/tags?post=4159"}],"curies":[{"name":"wp","href":"https:\/\/api.w.org\/{rel}","templated":true}]}}