{"id":4170,"date":"2025-08-12T12:19:21","date_gmt":"2025-08-12T12:19:21","guid":{"rendered":"https:\/\/www.xn--kprmedya-n4a6d.com\/?p=4170"},"modified":"2025-08-12T12:19:23","modified_gmt":"2025-08-12T12:19:23","slug":"mustafakemalpasanin-yargi-haritasi-yeniden-cizildi","status":"publish","type":"post","link":"https:\/\/www.xn--kprmedya-n4a6d.com\/index.php\/2025\/08\/12\/mustafakemalpasanin-yargi-haritasi-yeniden-cizildi\/","title":{"rendered":"MUSTAFAKEMALPA\u015eA\u2019NIN YARGI HAR\u0130TASI YEN\u0130DEN \u00c7\u0130Z\u0130LD\u0130\u00a0"},"content":{"rendered":"\n<p>Her y\u0131l artan i\u015f hacmine kar\u015f\u0131l\u0131k dosyalarda y\u00fczde y\u00fczleri bulan temizleme oran\u0131yla \u00f6ne \u00e7\u0131kan Mustafakemalpa\u015fa Adliyesi\u2019nde, 1 Eyl\u00fcl itibariyle yeni bir d\u00f6nem ba\u015flayacak.&nbsp;<\/p>\n\n\n\n<p>H\u00e2kimler ve Savc\u0131lar Kurulu (HSK), Mustafakemalpa\u015fa\u2019da yeni kurulan 1. ve 2. A\u011f\u0131r Ceza Mahkemeleri\u2019nin yarg\u0131 \u00e7evresini belirledi. HSK Genel Kurulu\u2019nun 6 A\u011fustos 2025 tarihli ve 1070 say\u0131l\u0131 karar\u0131yla Mustafakemalpa\u015fa, Bursa A\u011f\u0131r Ceza Mahkemesi yarg\u0131 \u00e7evresinden \u00e7\u0131kar\u0131ld\u0131.&nbsp;<\/p>\n\n\n\n<p>Yarg\u0131lamalar\u0131n makul s\u00fcrede sonu\u00e7land\u0131r\u0131lmas\u0131 ve mahkemelerde ihtisasla\u015fman\u0131n sa\u011flanmas\u0131 amac\u0131yla Mustafakemalpa\u015fa, yeni adli y\u0131lda Karacabey\u2019i de i\u00e7ine alarak art\u0131k kendi A\u011f\u0131r Ceza Mahkemesi\u2019ne sahip olacak.&nbsp;<\/p>\n\n\n\n<p>KARACABEY, MUSTAFAKEMALPA\u015eA\u2019YA BA\u011eLANDI<\/p>\n\n\n\n<p>Yeni d\u00fczenlemeye g\u00f6re Mustafakemalpa\u015fa A\u011f\u0131r Ceza Mahkemesi\u2019nin yarg\u0131 \u00e7evresi, Mustafakemalpa\u015fa ve Karacabey\u2019den olu\u015facak, yeni mahkemeler de 1 Eyl\u00fcl 2025 tarihi itibariyle Adli Yarg\u0131 Komisyonu kurularak faaliyete ba\u015flayacak.&nbsp;<\/p>\n\n\n\n<p>KAPSAMLI A\u00c7IKLAMA YAPILACAK<\/p>\n\n\n\n<p>Karacabey Adliyesi de b\u00f6lgedeki adli s\u00fcre\u00e7lerin daha h\u0131zl\u0131 ve etkin y\u00fcr\u00fct\u00fclmesi i\u00e7in Mustafakemalpa\u015fa\u2019ya m\u00fclhakat (ba\u011fl\u0131) adliye olarak hizmet verecek.<\/p>\n\n\n\n<p>Mustafakemalpa\u015fa Cumhuriyet Ba\u015fsavc\u0131l\u0131\u011f\u0131, 1 Eyl\u00fcl\u2019de t\u00f6renle a\u00e7\u0131lacak.<\/p>\n\n\n\n<p>Mustafakemalpa\u015fa Cumhuriyet Ba\u015fsavc\u0131l\u0131\u011f\u0131 mevcut yeni d\u00f6nemle alakal\u0131 bas\u0131n mensuplar\u0131 ile bir araya gelerek s\u00fcre\u00e7 hakk\u0131nda bilgilendirme yapacak.<\/p>\n\n\n\n<p>A\u011eIR CEZA MAHKEMELER\u0130 HANG\u0130 SU\u00c7LARA BAKACAK?<\/p>\n\n\n\n<p>Mustafakemalpa\u015fa A\u011f\u0131r Ceza Mahkemeleri, T\u00fcrkiye\u2019de ceza davalar\u0131na bakan mahkemeler aras\u0131nda, kanunlarda \u00f6ng\u00f6r\u00fclen cezalar\u0131n a\u011f\u0131rl\u0131\u011f\u0131 kriteri uygulanarak Asliye Ceza Mahkemeleri\u2019nin g\u00f6revini a\u015fan t\u00fcm su\u00e7lara ili\u015fkin davalara bakacak.&nbsp;<\/p>\n\n\n\n<p>Kanunlar\u0131n ayr\u0131ca g\u00f6revli k\u0131ld\u0131\u011f\u0131 haller sakl\u0131 kalmak \u00fczere, T\u00fcrk Ceza Kanunu\u2019nda yer alan ya\u011fma, irtikap, resmi belgede sahtecilik, nitelikli doland\u0131r\u0131c\u0131l\u0131k, hileli iflas su\u00e7lar\u0131 ile a\u011f\u0131rla\u015ft\u0131r\u0131lm\u0131\u015f m\u00fcebbet hapis, m\u00fcebbet hapis ve \u201810 y\u0131ldan fazla\u2019 hapis cezalar\u0131n\u0131 gerektiren su\u00e7larla ilgili dava ve i\u015flere de bu mahkemeler g\u00f6revlendirilecek. Bir ba\u015fkan ve iki \u00fcye olmak \u00fczere \u00fc\u00e7 hakimden olu\u015fan kurul halinde g\u00f6rev yapacak olan A\u011f\u0131r Ceza Mahkemeleri\u2019nde yarg\u0131lama i\u015flemleri ve duru\u015fmalar, Cumhuriyet Ba\u015fsavc\u0131l\u0131\u011f\u0131n\u0131 temsilen bir veya birden fazla savc\u0131n\u0131n kat\u0131l\u0131m\u0131 ile icra edilecek.<\/p>\n","protected":false},"excerpt":{"rendered":"<p>Her y\u0131l artan i\u015f hacmine kar\u015f\u0131l\u0131k dosyalarda y\u00fczde y\u00fczleri bulan temizleme oran\u0131yla \u00f6ne \u00e7\u0131kan Mustafakemalpa\u015fa Adliyesi\u2019nde, 1 Eyl\u00fcl itibariyle yeni bir d\u00f6nem ba\u015flayacak.&nbsp; H\u00e2kimler ve&hellip;<\/p>\n","protected":false},"author":1,"featured_media":4171,"comment_status":"open","ping_status":"open","sticky":false,"template":"","format":"standard","meta":{"advanced_seo_description":"","jetpack_seo_html_title":"","jetpack_seo_noindex":false,"_jetpack_memberships_contains_paid_content":false,"footnotes":"","jetpack_publicize_message":"","jetpack_publicize_feature_enabled":false,"jetpack_social_post_already_shared":false,"jetpack_social_options":{"image_generator_settings":{"template":"highway","default_image_id":0,"font":"","enabled":false},"version":2}},"categories":[8],"tags":[],"class_list":["post-4170","post","type-post","status-publish","format-standard","has-post-thumbnail","hentry","category-foto-galeri"],"jetpack_publicize_connections":[],"jetpack_featured_media_url":"https:\/\/www.xn--kprmedya-n4a6d.com\/wp-content\/uploads\/2025\/08\/\ud83d\udea8-SON-DAKIKA-Bu-Gece-OTV-Guncellemesi-Geliyor-Instagram-Gonderisi-21.png","jetpack_likes_enabled":true,"jetpack_sharing_enabled":true,"jetpack_shortlink":"https:\/\/wp.me\/pgAB3S-15g","_links":{"self":[{"href":"https:\/\/www.xn--kprmedya-n4a6d.com\/index.php\/wp-json\/wp\/v2\/posts\/4170","targetHints":{"allow":["GET"]}}],"collection":[{"href":"https:\/\/www.xn--kprmedya-n4a6d.com\/index.php\/wp-json\/wp\/v2\/posts"}],"about":[{"href":"https:\/\/www.xn--kprmedya-n4a6d.com\/index.php\/wp-json\/wp\/v2\/types\/post"}],"author":[{"embeddable":true,"href":"https:\/\/www.xn--kprmedya-n4a6d.com\/index.php\/wp-json\/wp\/v2\/users\/1"}],"replies":[{"embeddable":true,"href":"https:\/\/www.xn--kprmedya-n4a6d.com\/index.php\/wp-json\/wp\/v2\/comments?post=4170"}],"version-history":[{"count":1,"href":"https:\/\/www.xn--kprmedya-n4a6d.com\/index.php\/wp-json\/wp\/v2\/posts\/4170\/revisions"}],"predecessor-version":[{"id":4172,"href":"https:\/\/www.xn--kprmedya-n4a6d.com\/index.php\/wp-json\/wp\/v2\/posts\/4170\/revisions\/4172"}],"wp:featuredmedia":[{"embeddable":true,"href":"https:\/\/www.xn--kprmedya-n4a6d.com\/index.php\/wp-json\/wp\/v2\/media\/4171"}],"wp:attachment":[{"href":"https:\/\/www.xn--kprmedya-n4a6d.com\/index.php\/wp-json\/wp\/v2\/media?parent=4170"}],"wp:term":[{"taxonomy":"category","embeddable":true,"href":"https:\/\/www.xn--kprmedya-n4a6d.com\/index.php\/wp-json\/wp\/v2\/categories?post=4170"},{"taxonomy":"post_tag","embeddable":true,"href":"https:\/\/www.xn--kprmedya-n4a6d.com\/index.php\/wp-json\/wp\/v2\/tags?post=4170"}],"curies":[{"name":"wp","href":"https:\/\/api.w.org\/{rel}","templated":true}]}}