{"id":4173,"date":"2025-08-12T14:21:44","date_gmt":"2025-08-12T14:21:44","guid":{"rendered":"https:\/\/www.xn--kprmedya-n4a6d.com\/?p=4173"},"modified":"2025-08-12T14:21:46","modified_gmt":"2025-08-12T14:21:46","slug":"milletvekili-ahmet-kilictan-mustafakemalpasada-yogun-ziyaret-turu","status":"publish","type":"post","link":"https:\/\/www.xn--kprmedya-n4a6d.com\/index.php\/2025\/08\/12\/milletvekili-ahmet-kilictan-mustafakemalpasada-yogun-ziyaret-turu\/","title":{"rendered":"Milletvekili Ahmet K\u0131l\u0131\u00e7\u2019tan Mustafakemalpa\u015fa\u2019da Yo\u011fun Ziyaret Turu"},"content":{"rendered":"\n<p>AK Parti Bursa Milletvekili Ahmet K\u0131l\u0131\u00e7, Mustafakemalpa\u015fa\u2019da bir dizi temaslarda bulundu. \u0130l Ba\u015fkan Yard\u0131mc\u0131s\u0131 Kemal Ermi\u015f, \u0130l\u00e7e Ba\u015fkan\u0131 Mutlu Turgut ve Bursa B\u00fcy\u00fck\u015fehir Belediye Meclis \u00dcyesi Arif Kamil \u00d6zen\u2019in e\u015flik etti\u011fi program, g\u00fcn boyu s\u00fcrd\u00fc.<\/p>\n\n\n\n<figure class=\"wp-block-image size-full\"><img loading=\"lazy\" decoding=\"async\" width=\"900\" height=\"506\" src=\"https:\/\/www.xn--kprmedya-n4a6d.com\/wp-content\/uploads\/2025\/08\/IMG_3896.jpeg\" alt=\"\" class=\"wp-image-4174\" srcset=\"https:\/\/www.xn--kprmedya-n4a6d.com\/wp-content\/uploads\/2025\/08\/IMG_3896.jpeg 900w, https:\/\/www.xn--kprmedya-n4a6d.com\/wp-content\/uploads\/2025\/08\/IMG_3896-300x169.jpeg 300w, https:\/\/www.xn--kprmedya-n4a6d.com\/wp-content\/uploads\/2025\/08\/IMG_3896-768x432.jpeg 768w\" sizes=\"auto, (max-width: 900px) 100vw, 900px\" \/><\/figure>\n\n\n\n<p><strong>Gen\u00e7lik Merkezi Ziyareti<\/strong><\/p>\n\n\n\n<p>Program\u0131n ilk dura\u011f\u0131 Mustafakemalpa\u015fa Gen\u00e7lik Merkezi oldu. Burada gen\u00e7lerle bir araya gelen K\u0131l\u0131\u00e7, merkezde y\u00fcr\u00fct\u00fclen sosyal, k\u00fclt\u00fcrel ve sportif faaliyetler hakk\u0131nda bilgi ald\u0131.<\/p>\n\n\n\n<figure class=\"wp-block-image size-large\"><img loading=\"lazy\" decoding=\"async\" width=\"1024\" height=\"576\" src=\"https:\/\/www.xn--kprmedya-n4a6d.com\/wp-content\/uploads\/2025\/08\/IMG_3890-1024x576.jpeg\" alt=\"\" class=\"wp-image-4175\" srcset=\"https:\/\/www.xn--kprmedya-n4a6d.com\/wp-content\/uploads\/2025\/08\/IMG_3890-1024x576.jpeg 1024w, https:\/\/www.xn--kprmedya-n4a6d.com\/wp-content\/uploads\/2025\/08\/IMG_3890-300x169.jpeg 300w, https:\/\/www.xn--kprmedya-n4a6d.com\/wp-content\/uploads\/2025\/08\/IMG_3890-768x432.jpeg 768w, https:\/\/www.xn--kprmedya-n4a6d.com\/wp-content\/uploads\/2025\/08\/IMG_3890-1536x864.jpeg 1536w, https:\/\/www.xn--kprmedya-n4a6d.com\/wp-content\/uploads\/2025\/08\/IMG_3890.jpeg 1600w\" sizes=\"auto, (max-width: 1024px) 100vw, 1024px\" \/><\/figure>\n\n\n\n<p><strong>Cadde Esnaf\u0131yla Bulu\u015fma<\/strong><\/p>\n\n\n\n<p>Gen\u00e7lik Merkezi ziyaretinin ard\u0131ndan il\u00e7e merkezindeki cadde esnaf\u0131 ziyaret edildi. Esnafa hay\u0131rl\u0131 i\u015fler dile\u011finde bulunan heyet, kar\u015f\u0131la\u015ft\u0131klar\u0131 sorun ve talepleri not ald\u0131.<\/p>\n\n\n\n<figure class=\"wp-block-image size-large\"><img loading=\"lazy\" decoding=\"async\" width=\"1024\" height=\"576\" src=\"https:\/\/www.xn--kprmedya-n4a6d.com\/wp-content\/uploads\/2025\/08\/IMG_3886-1024x576.jpeg\" alt=\"\" class=\"wp-image-4176\" srcset=\"https:\/\/www.xn--kprmedya-n4a6d.com\/wp-content\/uploads\/2025\/08\/IMG_3886-1024x576.jpeg 1024w, https:\/\/www.xn--kprmedya-n4a6d.com\/wp-content\/uploads\/2025\/08\/IMG_3886-300x169.jpeg 300w, https:\/\/www.xn--kprmedya-n4a6d.com\/wp-content\/uploads\/2025\/08\/IMG_3886-768x432.jpeg 768w, https:\/\/www.xn--kprmedya-n4a6d.com\/wp-content\/uploads\/2025\/08\/IMG_3886-1536x864.jpeg 1536w, https:\/\/www.xn--kprmedya-n4a6d.com\/wp-content\/uploads\/2025\/08\/IMG_3886.jpeg 1600w\" sizes=\"auto, (max-width: 1024px) 100vw, 1024px\" \/><\/figure>\n\n\n\n<p><strong>Lala\u015fahin TOK\u0130 \u0130n\u015faat\u0131nda \u0130nceleme<\/strong><\/p>\n\n\n\n<p>Heyet, Lala\u015fahin Mahallesi\u2019nde yap\u0131m\u0131 s\u00fcren TOK\u0130 konutlar\u0131n\u0131n in\u015faat alan\u0131n\u0131 ziyaret etti. Burada yetkililerden \u00e7al\u0131\u015fmalar\u0131n ilerleyi\u015fi, teslim s\u00fcreci ve teknik detaylar hakk\u0131nda bilgi al\u0131nd\u0131.<\/p>\n\n\n\n<figure class=\"wp-block-image size-large\"><img loading=\"lazy\" decoding=\"async\" width=\"1024\" height=\"576\" src=\"https:\/\/www.xn--kprmedya-n4a6d.com\/wp-content\/uploads\/2025\/08\/IMG_3893-1024x576.jpeg\" alt=\"\" class=\"wp-image-4177\" srcset=\"https:\/\/www.xn--kprmedya-n4a6d.com\/wp-content\/uploads\/2025\/08\/IMG_3893-1024x576.jpeg 1024w, https:\/\/www.xn--kprmedya-n4a6d.com\/wp-content\/uploads\/2025\/08\/IMG_3893-300x169.jpeg 300w, https:\/\/www.xn--kprmedya-n4a6d.com\/wp-content\/uploads\/2025\/08\/IMG_3893-768x432.jpeg 768w, https:\/\/www.xn--kprmedya-n4a6d.com\/wp-content\/uploads\/2025\/08\/IMG_3893-1536x864.jpeg 1536w, https:\/\/www.xn--kprmedya-n4a6d.com\/wp-content\/uploads\/2025\/08\/IMG_3893.jpeg 1600w\" sizes=\"auto, (max-width: 1024px) 100vw, 1024px\" \/><\/figure>\n\n\n\n<p><strong>Karadenizliler Derne\u011fi\u2019ne Ziyaret<\/strong><\/p>\n\n\n\n<p>Mustafakemalpa\u015fa Karadenizliler Derne\u011fi\u2019ni ziyaret eden K\u0131l\u0131\u00e7 ve beraberindekiler, dernek y\u00f6netimi ve \u00fcyeleriyle bir araya gelerek k\u00fclt\u00fcrel faaliyetler \u00fczerine sohbet etti.<\/p>\n\n\n\n<figure class=\"wp-block-image size-large\"><img loading=\"lazy\" decoding=\"async\" width=\"1024\" height=\"576\" src=\"https:\/\/www.xn--kprmedya-n4a6d.com\/wp-content\/uploads\/2025\/08\/IMG_3895-1024x576.jpeg\" alt=\"\" class=\"wp-image-4178\" srcset=\"https:\/\/www.xn--kprmedya-n4a6d.com\/wp-content\/uploads\/2025\/08\/IMG_3895-1024x576.jpeg 1024w, https:\/\/www.xn--kprmedya-n4a6d.com\/wp-content\/uploads\/2025\/08\/IMG_3895-300x169.jpeg 300w, https:\/\/www.xn--kprmedya-n4a6d.com\/wp-content\/uploads\/2025\/08\/IMG_3895-768x432.jpeg 768w, https:\/\/www.xn--kprmedya-n4a6d.com\/wp-content\/uploads\/2025\/08\/IMG_3895-1536x864.jpeg 1536w, https:\/\/www.xn--kprmedya-n4a6d.com\/wp-content\/uploads\/2025\/08\/IMG_3895.jpeg 1600w\" sizes=\"auto, (max-width: 1024px) 100vw, 1024px\" \/><\/figure>\n\n\n\n<p><strong>S\u0131rmalar Minitop Turnuvas\u0131\u2019na Kat\u0131l\u0131m<\/strong><\/p>\n\n\n\n<p>S\u0131rmalar Mahallesi\u2019nde d\u00fczenlenen Minitop Turnuvas\u0131\u2019n\u0131n konu\u011fu olan heyet, m\u00fcsabakalar\u0131 izledi. Sporun gen\u00e7ler \u00fczerindeki olumlu etkilerine dikkat \u00e7ekildi.<\/p>\n\n\n\n<figure class=\"wp-block-image size-large\"><img loading=\"lazy\" decoding=\"async\" width=\"1024\" height=\"577\" src=\"https:\/\/www.xn--kprmedya-n4a6d.com\/wp-content\/uploads\/2025\/08\/IMG_3902-1024x577.jpeg\" alt=\"\" class=\"wp-image-4179\" srcset=\"https:\/\/www.xn--kprmedya-n4a6d.com\/wp-content\/uploads\/2025\/08\/IMG_3902-1024x577.jpeg 1024w, https:\/\/www.xn--kprmedya-n4a6d.com\/wp-content\/uploads\/2025\/08\/IMG_3902-300x169.jpeg 300w, https:\/\/www.xn--kprmedya-n4a6d.com\/wp-content\/uploads\/2025\/08\/IMG_3902-768x433.jpeg 768w, https:\/\/www.xn--kprmedya-n4a6d.com\/wp-content\/uploads\/2025\/08\/IMG_3902-1536x866.jpeg 1536w, https:\/\/www.xn--kprmedya-n4a6d.com\/wp-content\/uploads\/2025\/08\/IMG_3902.jpeg 2048w\" sizes=\"auto, (max-width: 1024px) 100vw, 1024px\" \/><\/figure>\n\n\n\n<p><strong>\u201cMahallede Genciz\u201d Bulu\u015fmas\u0131nda Gen\u00e7lerle Sohbet<\/strong><\/p>\n\n\n\n<p>Ziyaret program\u0131, \u201cMahallede Genciz\u201d etkinli\u011fi ile sona erdi. Gen\u00e7lerle sohbet eden Milletvekili K\u0131l\u0131\u00e7, gelece\u011fe dair hedeflerini dinledi, \u00f6nerilerini ald\u0131.<\/p>\n\n\n\n<p><strong>\u201cBirlik ve Beraberlik \u0130\u00e7inde \u00c7al\u0131\u015fmaya Devam\u201d<\/strong><\/p>\n\n\n\n<p>Program sonunda de\u011ferlendirmede bulunan K\u0131l\u0131\u00e7, \u201cMustafakemalpa\u015fa\u2019da hem\u015fehrilerimizle bir araya gelmekten b\u00fcy\u00fck memnuniyet duyduk. Birlik, beraberlik ve hizmet a\u015fk\u0131yla sahada olmaya devam edece\u011fiz\u201d dedi.<\/p>\n","protected":false},"excerpt":{"rendered":"<p>AK Parti Bursa Milletvekili Ahmet K\u0131l\u0131\u00e7, Mustafakemalpa\u015fa\u2019da bir dizi temaslarda bulundu. \u0130l Ba\u015fkan Yard\u0131mc\u0131s\u0131 Kemal Ermi\u015f, \u0130l\u00e7e Ba\u015fkan\u0131 Mutlu Turgut ve Bursa B\u00fcy\u00fck\u015fehir Belediye Meclis&hellip;<\/p>\n","protected":false},"author":1,"featured_media":4180,"comment_status":"open","ping_status":"open","sticky":false,"template":"","format":"standard","meta":{"advanced_seo_description":"","jetpack_seo_html_title":"","jetpack_seo_noindex":false,"_jetpack_memberships_contains_paid_content":false,"footnotes":"","jetpack_publicize_message":"","jetpack_publicize_feature_enabled":false,"jetpack_social_post_already_shared":false,"jetpack_social_options":{"image_generator_settings":{"template":"highway","default_image_id":0,"font":"","enabled":false},"version":2}},"categories":[8],"tags":[],"class_list":["post-4173","post","type-post","status-publish","format-standard","has-post-thumbnail","hentry","category-foto-galeri"],"jetpack_publicize_connections":[],"jetpack_featured_media_url":"https:\/\/www.xn--kprmedya-n4a6d.com\/wp-content\/uploads\/2025\/08\/\ud83d\udea8-SON-DAKIKA-Bu-Gece-OTV-Guncellemesi-Geliyor-Instagram-Gonderisi-22.png","jetpack_likes_enabled":true,"jetpack_sharing_enabled":true,"jetpack_shortlink":"https:\/\/wp.me\/pgAB3S-15j","_links":{"self":[{"href":"https:\/\/www.xn--kprmedya-n4a6d.com\/index.php\/wp-json\/wp\/v2\/posts\/4173","targetHints":{"allow":["GET"]}}],"collection":[{"href":"https:\/\/www.xn--kprmedya-n4a6d.com\/index.php\/wp-json\/wp\/v2\/posts"}],"about":[{"href":"https:\/\/www.xn--kprmedya-n4a6d.com\/index.php\/wp-json\/wp\/v2\/types\/post"}],"author":[{"embeddable":true,"href":"https:\/\/www.xn--kprmedya-n4a6d.com\/index.php\/wp-json\/wp\/v2\/users\/1"}],"replies":[{"embeddable":true,"href":"https:\/\/www.xn--kprmedya-n4a6d.com\/index.php\/wp-json\/wp\/v2\/comments?post=4173"}],"version-history":[{"count":1,"href":"https:\/\/www.xn--kprmedya-n4a6d.com\/index.php\/wp-json\/wp\/v2\/posts\/4173\/revisions"}],"predecessor-version":[{"id":4181,"href":"https:\/\/www.xn--kprmedya-n4a6d.com\/index.php\/wp-json\/wp\/v2\/posts\/4173\/revisions\/4181"}],"wp:featuredmedia":[{"embeddable":true,"href":"https:\/\/www.xn--kprmedya-n4a6d.com\/index.php\/wp-json\/wp\/v2\/media\/4180"}],"wp:attachment":[{"href":"https:\/\/www.xn--kprmedya-n4a6d.com\/index.php\/wp-json\/wp\/v2\/media?parent=4173"}],"wp:term":[{"taxonomy":"category","embeddable":true,"href":"https:\/\/www.xn--kprmedya-n4a6d.com\/index.php\/wp-json\/wp\/v2\/categories?post=4173"},{"taxonomy":"post_tag","embeddable":true,"href":"https:\/\/www.xn--kprmedya-n4a6d.com\/index.php\/wp-json\/wp\/v2\/tags?post=4173"}],"curies":[{"name":"wp","href":"https:\/\/api.w.org\/{rel}","templated":true}]}}