{"id":4182,"date":"2025-08-12T14:48:09","date_gmt":"2025-08-12T14:48:09","guid":{"rendered":"https:\/\/www.xn--kprmedya-n4a6d.com\/?p=4182"},"modified":"2025-08-12T15:01:48","modified_gmt":"2025-08-12T15:01:48","slug":"baskan-erdemden-sinav-oncesi-genclere-moral-ziyareti","status":"publish","type":"post","link":"https:\/\/www.xn--kprmedya-n4a6d.com\/index.php\/2025\/08\/12\/baskan-erdemden-sinav-oncesi-genclere-moral-ziyareti\/","title":{"rendered":"Ba\u015fkan Erdem\u2019den S\u0131nav \u00d6ncesi Gen\u00e7lere Moral Ziyareti"},"content":{"rendered":"\n<p>Mustafakemalpa\u015fa Belediye Ba\u015fkan\u0131 ve eski Gen\u00e7lik ve Spor Bakan\u0131 \u015e\u00fckr\u00fc Erdem, il\u00e7ede d\u00fczenlenen BESYO (Beden E\u011fitimi ve Spor Y\u00fcksekokulu) ve POMEM (Polis Meslek E\u011fitim Merkezi) s\u0131navlar\u0131na haz\u0131rl\u0131k kurslar\u0131n\u0131 ziyaret etti.<\/p>\n\n\n\n<figure class=\"wp-block-image size-large\"><img loading=\"lazy\" decoding=\"async\" width=\"1024\" height=\"683\" src=\"https:\/\/www.xn--kprmedya-n4a6d.com\/wp-content\/uploads\/2025\/08\/IMG_3905-1024x683.jpeg\" alt=\"\" class=\"wp-image-4183\" srcset=\"https:\/\/www.xn--kprmedya-n4a6d.com\/wp-content\/uploads\/2025\/08\/IMG_3905-1024x683.jpeg 1024w, https:\/\/www.xn--kprmedya-n4a6d.com\/wp-content\/uploads\/2025\/08\/IMG_3905-300x200.jpeg 300w, https:\/\/www.xn--kprmedya-n4a6d.com\/wp-content\/uploads\/2025\/08\/IMG_3905-768x512.jpeg 768w, https:\/\/www.xn--kprmedya-n4a6d.com\/wp-content\/uploads\/2025\/08\/IMG_3905.jpeg 1440w\" sizes=\"auto, (max-width: 1024px) 100vw, 1024px\" \/><\/figure>\n\n\n\n<p>Hayallerine ula\u015fmak i\u00e7in ter d\u00f6ken gen\u00e7lerle bir araya gelen Ba\u015fkan Erdem, antrenmanlar\u0131n\u0131 yerinde izledi ve \u00e7al\u0131\u015fmalar\u0131na ili\u015fkin bilgi ald\u0131. Gen\u00e7lerin motivasyonunu art\u0131rmak i\u00e7in onlarla sohbet eden Erdem, s\u0131navlara girecek t\u00fcm adaylara ba\u015far\u0131 dileklerini iletti.<\/p>\n\n\n\n<figure class=\"wp-block-image size-large\"><img loading=\"lazy\" decoding=\"async\" width=\"1024\" height=\"683\" src=\"https:\/\/www.xn--kprmedya-n4a6d.com\/wp-content\/uploads\/2025\/08\/IMG_3906-1024x683.jpeg\" alt=\"\" class=\"wp-image-4184\" srcset=\"https:\/\/www.xn--kprmedya-n4a6d.com\/wp-content\/uploads\/2025\/08\/IMG_3906-1024x683.jpeg 1024w, https:\/\/www.xn--kprmedya-n4a6d.com\/wp-content\/uploads\/2025\/08\/IMG_3906-300x200.jpeg 300w, https:\/\/www.xn--kprmedya-n4a6d.com\/wp-content\/uploads\/2025\/08\/IMG_3906-768x512.jpeg 768w, https:\/\/www.xn--kprmedya-n4a6d.com\/wp-content\/uploads\/2025\/08\/IMG_3906.jpeg 1440w\" sizes=\"auto, (max-width: 1024px) 100vw, 1024px\" \/><\/figure>\n\n\n\n<p>\u201cBa\u015far\u0131 yolculu\u011funuzda her zaman yan\u0131n\u0131zday\u0131z\u201d diyen Ba\u015fkan Erdem, gen\u00e7lerin hedeflerine ula\u015fabilmeleri i\u00e7in belediye olarak imkanlar\u0131n\u0131 seferber ettiklerini vurgulad\u0131. Spor camias\u0131nda y\u0131llar\u0131n deneyimine sahip olan ve bakanl\u0131k d\u00f6neminde gen\u00e7lik projelerine imza atan Erdem, \u201cGen\u00e7lerimizin azmi ve disiplini gelece\u011fe olan inanc\u0131m\u0131z\u0131 g\u00fc\u00e7lendiriyor\u201d ifadelerini kulland\u0131.<\/p>\n\n\n\n<figure class=\"wp-block-image size-large\"><img loading=\"lazy\" decoding=\"async\" width=\"1151\" height=\"767\" src=\"https:\/\/www.xn--kprmedya-n4a6d.com\/wp-content\/uploads\/2025\/08\/IMG_3903-edited.jpeg\" alt=\"\" class=\"wp-image-4186\" srcset=\"https:\/\/www.xn--kprmedya-n4a6d.com\/wp-content\/uploads\/2025\/08\/IMG_3903-edited.jpeg 1151w, https:\/\/www.xn--kprmedya-n4a6d.com\/wp-content\/uploads\/2025\/08\/IMG_3903-edited-300x200.jpeg 300w, https:\/\/www.xn--kprmedya-n4a6d.com\/wp-content\/uploads\/2025\/08\/IMG_3903-edited-1024x682.jpeg 1024w, https:\/\/www.xn--kprmedya-n4a6d.com\/wp-content\/uploads\/2025\/08\/IMG_3903-edited-768x512.jpeg 768w\" sizes=\"auto, (max-width: 1151px) 100vw, 1151px\" \/><\/figure>\n\n\n\n<figure class=\"wp-block-image size-large\"><img loading=\"lazy\" decoding=\"async\" width=\"1024\" height=\"1024\" src=\"https:\/\/www.xn--kprmedya-n4a6d.com\/wp-content\/uploads\/2025\/08\/\ud83d\udea8-SON-DAKIKA-Bu-Gece-OTV-Guncellemesi-Geliyor-Instagram-Gonderisi-24-1024x1024.png\" alt=\"\" class=\"wp-image-4198\" srcset=\"https:\/\/www.xn--kprmedya-n4a6d.com\/wp-content\/uploads\/2025\/08\/\ud83d\udea8-SON-DAKIKA-Bu-Gece-OTV-Guncellemesi-Geliyor-Instagram-Gonderisi-24-1024x1024.png 1024w, https:\/\/www.xn--kprmedya-n4a6d.com\/wp-content\/uploads\/2025\/08\/\ud83d\udea8-SON-DAKIKA-Bu-Gece-OTV-Guncellemesi-Geliyor-Instagram-Gonderisi-24-300x300.png 300w, https:\/\/www.xn--kprmedya-n4a6d.com\/wp-content\/uploads\/2025\/08\/\ud83d\udea8-SON-DAKIKA-Bu-Gece-OTV-Guncellemesi-Geliyor-Instagram-Gonderisi-24-150x150.png 150w, https:\/\/www.xn--kprmedya-n4a6d.com\/wp-content\/uploads\/2025\/08\/\ud83d\udea8-SON-DAKIKA-Bu-Gece-OTV-Guncellemesi-Geliyor-Instagram-Gonderisi-24-768x768.png 768w, https:\/\/www.xn--kprmedya-n4a6d.com\/wp-content\/uploads\/2025\/08\/\ud83d\udea8-SON-DAKIKA-Bu-Gece-OTV-Guncellemesi-Geliyor-Instagram-Gonderisi-24.png 1080w\" sizes=\"auto, (max-width: 1024px) 100vw, 1024px\" \/><\/figure>\n","protected":false},"excerpt":{"rendered":"<p>Mustafakemalpa\u015fa Belediye Ba\u015fkan\u0131 ve eski Gen\u00e7lik ve Spor Bakan\u0131 \u015e\u00fckr\u00fc Erdem, il\u00e7ede d\u00fczenlenen BESYO (Beden E\u011fitimi ve Spor Y\u00fcksekokulu) ve POMEM (Polis Meslek E\u011fitim Merkezi)&hellip;<\/p>\n","protected":false},"author":1,"featured_media":4187,"comment_status":"open","ping_status":"open","sticky":false,"template":"","format":"standard","meta":{"advanced_seo_description":"","jetpack_seo_html_title":"","jetpack_seo_noindex":false,"_jetpack_memberships_contains_paid_content":false,"footnotes":"","jetpack_publicize_message":"","jetpack_publicize_feature_enabled":false,"jetpack_social_post_already_shared":false,"jetpack_social_options":{"image_generator_settings":{"template":"highway","default_image_id":0,"font":"","enabled":false},"version":2}},"categories":[8],"tags":[],"class_list":["post-4182","post","type-post","status-publish","format-standard","has-post-thumbnail","hentry","category-foto-galeri"],"jetpack_publicize_connections":[],"jetpack_featured_media_url":"https:\/\/www.xn--kprmedya-n4a6d.com\/wp-content\/uploads\/2025\/08\/\ud83d\udea8-SON-DAKIKA-Bu-Gece-OTV-Guncellemesi-Geliyor-Instagram-Gonderisi-23.png","jetpack_likes_enabled":true,"jetpack_sharing_enabled":true,"jetpack_shortlink":"https:\/\/wp.me\/pgAB3S-15s","_links":{"self":[{"href":"https:\/\/www.xn--kprmedya-n4a6d.com\/index.php\/wp-json\/wp\/v2\/posts\/4182","targetHints":{"allow":["GET"]}}],"collection":[{"href":"https:\/\/www.xn--kprmedya-n4a6d.com\/index.php\/wp-json\/wp\/v2\/posts"}],"about":[{"href":"https:\/\/www.xn--kprmedya-n4a6d.com\/index.php\/wp-json\/wp\/v2\/types\/post"}],"author":[{"embeddable":true,"href":"https:\/\/www.xn--kprmedya-n4a6d.com\/index.php\/wp-json\/wp\/v2\/users\/1"}],"replies":[{"embeddable":true,"href":"https:\/\/www.xn--kprmedya-n4a6d.com\/index.php\/wp-json\/wp\/v2\/comments?post=4182"}],"version-history":[{"count":4,"href":"https:\/\/www.xn--kprmedya-n4a6d.com\/index.php\/wp-json\/wp\/v2\/posts\/4182\/revisions"}],"predecessor-version":[{"id":4199,"href":"https:\/\/www.xn--kprmedya-n4a6d.com\/index.php\/wp-json\/wp\/v2\/posts\/4182\/revisions\/4199"}],"wp:featuredmedia":[{"embeddable":true,"href":"https:\/\/www.xn--kprmedya-n4a6d.com\/index.php\/wp-json\/wp\/v2\/media\/4187"}],"wp:attachment":[{"href":"https:\/\/www.xn--kprmedya-n4a6d.com\/index.php\/wp-json\/wp\/v2\/media?parent=4182"}],"wp:term":[{"taxonomy":"category","embeddable":true,"href":"https:\/\/www.xn--kprmedya-n4a6d.com\/index.php\/wp-json\/wp\/v2\/categories?post=4182"},{"taxonomy":"post_tag","embeddable":true,"href":"https:\/\/www.xn--kprmedya-n4a6d.com\/index.php\/wp-json\/wp\/v2\/tags?post=4182"}],"curies":[{"name":"wp","href":"https:\/\/api.w.org\/{rel}","templated":true}]}}