{"id":4200,"date":"2025-08-12T16:43:06","date_gmt":"2025-08-12T16:43:06","guid":{"rendered":"https:\/\/www.xn--kprmedya-n4a6d.com\/?p=4200"},"modified":"2025-08-12T16:59:43","modified_gmt":"2025-08-12T16:59:43","slug":"mustafakemalpasadan-manchestera-gonul-koprusu","status":"publish","type":"post","link":"https:\/\/www.xn--kprmedya-n4a6d.com\/index.php\/2025\/08\/12\/mustafakemalpasadan-manchestera-gonul-koprusu\/","title":{"rendered":"Mustafakemalpa\u015fa\u2019dan Manchester\u2019a G\u00f6n\u00fcl K\u00f6pr\u00fcs\u00fc!"},"content":{"rendered":"\n<p>May\u0131s 2000\u2019de Bursa Mustafakemalpa\u015fa\u2019dan \u0130ngiltere\u2019nin Manchester kentine e\u011fitim i\u00e7in giden Ceyhan \u0130nci, 2005 y\u0131l\u0131nda Uluslararas\u0131 Turizm Otel Y\u00f6netimi b\u00f6l\u00fcm\u00fcnden mezun olarak e\u011fitim hayat\u0131n\u0131 tamamlad\u0131. Ayn\u0131 y\u0131l Manchester\u2019da kurdu\u011fu \u015firket ile uluslararas\u0131 e\u011fitim hizmetleri alan\u0131nda \u00e7al\u0131\u015fmaya ba\u015flayan \u0130nci, T\u00fcrkiye\u2019den \u0130ngiltere, Amerika, Kanada, Dubai, Moldova ve \u0130rlanda gibi \u00fclkelere \u00f6\u011frenci g\u00f6ndermeye devam ediyor.<\/p>\n\n\n\n<figure class=\"wp-block-image size-large\"><img loading=\"lazy\" decoding=\"async\" width=\"1024\" height=\"760\" src=\"https:\/\/www.xn--kprmedya-n4a6d.com\/wp-content\/uploads\/2025\/08\/6f1cb347-d425-42c0-84dd-95b6a5948614-1-1024x760.jpeg\" alt=\"\" class=\"wp-image-4208\" srcset=\"https:\/\/www.xn--kprmedya-n4a6d.com\/wp-content\/uploads\/2025\/08\/6f1cb347-d425-42c0-84dd-95b6a5948614-1-1024x760.jpeg 1024w, https:\/\/www.xn--kprmedya-n4a6d.com\/wp-content\/uploads\/2025\/08\/6f1cb347-d425-42c0-84dd-95b6a5948614-1-300x223.jpeg 300w, https:\/\/www.xn--kprmedya-n4a6d.com\/wp-content\/uploads\/2025\/08\/6f1cb347-d425-42c0-84dd-95b6a5948614-1-768x570.jpeg 768w, https:\/\/www.xn--kprmedya-n4a6d.com\/wp-content\/uploads\/2025\/08\/6f1cb347-d425-42c0-84dd-95b6a5948614-1.jpeg 1200w\" sizes=\"auto, (max-width: 1024px) 100vw, 1024px\" \/><\/figure>\n\n\n\n<p>Dil kurslar\u0131ndan \u00fcniversite ve y\u00fcksek lisans programlar\u0131na kadar geni\u015f bir yelpazede hizmet veren Ceyhan \u0130nci, hem Manchester\u2019daki kendi dil okulunda hem de farkl\u0131 \u015fehirlerdeki partner okullarla birlikte faaliyet g\u00f6steriyor.<\/p>\n\n\n\n<figure class=\"wp-block-image size-large\"><img loading=\"lazy\" decoding=\"async\" width=\"1024\" height=\"768\" src=\"https:\/\/www.xn--kprmedya-n4a6d.com\/wp-content\/uploads\/2025\/08\/05baa4ea-3380-4c37-8b18-d5e974ff6a4c-1024x768.jpeg\" alt=\"\" class=\"wp-image-4201\" srcset=\"https:\/\/www.xn--kprmedya-n4a6d.com\/wp-content\/uploads\/2025\/08\/05baa4ea-3380-4c37-8b18-d5e974ff6a4c-1024x768.jpeg 1024w, https:\/\/www.xn--kprmedya-n4a6d.com\/wp-content\/uploads\/2025\/08\/05baa4ea-3380-4c37-8b18-d5e974ff6a4c-300x225.jpeg 300w, https:\/\/www.xn--kprmedya-n4a6d.com\/wp-content\/uploads\/2025\/08\/05baa4ea-3380-4c37-8b18-d5e974ff6a4c-768x576.jpeg 768w, https:\/\/www.xn--kprmedya-n4a6d.com\/wp-content\/uploads\/2025\/08\/05baa4ea-3380-4c37-8b18-d5e974ff6a4c-1536x1152.jpeg 1536w, https:\/\/www.xn--kprmedya-n4a6d.com\/wp-content\/uploads\/2025\/08\/05baa4ea-3380-4c37-8b18-d5e974ff6a4c.jpeg 1600w\" sizes=\"auto, (max-width: 1024px) 100vw, 1024px\" \/><\/figure>\n\n\n\n<p>Bu y\u0131l memleketi Mustafakemalpa\u015fa\u2019dan \u00f6zel bir misafir grubunu a\u011f\u0131rlayan \u0130nci, Sedat Karan Lisesi \u00f6\u011frencilerini ve \u00f6\u011fretmenlerini Manchester\u2019da konuk etti. Ayr\u0131ca Okul M\u00fcd\u00fcr\u00fc Serkan G\u00fclderen, \u0130ngilizce \u00f6\u011fretmeni Engin Uluda\u011fl\u0131 ve Zafer Y\u0131lmazo\u011flu da programda yer ald\u0131.<\/p>\n\n\n\n<p>Ceyhan \u0130nci, \u201cHem\u015fehrilerimi burada a\u011f\u0131rlamak, onlara farkl\u0131 bir k\u00fclt\u00fcr\u00fc ve e\u011fitim olanaklar\u0131n\u0131 tan\u0131tmak benim i\u00e7in b\u00fcy\u00fck mutluluk\u201d diyerek memleketine olan ba\u011fl\u0131l\u0131\u011f\u0131n\u0131 dile getirdi.<\/p>\n\n\n\n<figure class=\"wp-block-image size-large\"><img loading=\"lazy\" decoding=\"async\" width=\"1024\" height=\"924\" src=\"https:\/\/www.xn--kprmedya-n4a6d.com\/wp-content\/uploads\/2025\/08\/48c301d5-6e3d-4f67-8070-ef607ba3308b-1-1024x924.jpeg\" alt=\"\" class=\"wp-image-4209\" srcset=\"https:\/\/www.xn--kprmedya-n4a6d.com\/wp-content\/uploads\/2025\/08\/48c301d5-6e3d-4f67-8070-ef607ba3308b-1-1024x924.jpeg 1024w, https:\/\/www.xn--kprmedya-n4a6d.com\/wp-content\/uploads\/2025\/08\/48c301d5-6e3d-4f67-8070-ef607ba3308b-1-300x271.jpeg 300w, https:\/\/www.xn--kprmedya-n4a6d.com\/wp-content\/uploads\/2025\/08\/48c301d5-6e3d-4f67-8070-ef607ba3308b-1-768x693.jpeg 768w, https:\/\/www.xn--kprmedya-n4a6d.com\/wp-content\/uploads\/2025\/08\/48c301d5-6e3d-4f67-8070-ef607ba3308b-1.jpeg 1200w\" sizes=\"auto, (max-width: 1024px) 100vw, 1024px\" \/><\/figure>\n","protected":false},"excerpt":{"rendered":"<p>May\u0131s 2000\u2019de Bursa Mustafakemalpa\u015fa\u2019dan \u0130ngiltere\u2019nin Manchester kentine e\u011fitim i\u00e7in giden Ceyhan \u0130nci, 2005 y\u0131l\u0131nda Uluslararas\u0131 Turizm Otel Y\u00f6netimi b\u00f6l\u00fcm\u00fcnden mezun olarak e\u011fitim hayat\u0131n\u0131 tamamlad\u0131. Ayn\u0131&hellip;<\/p>\n","protected":false},"author":1,"featured_media":4205,"comment_status":"open","ping_status":"open","sticky":false,"template":"","format":"standard","meta":{"advanced_seo_description":"","jetpack_seo_html_title":"","jetpack_seo_noindex":false,"_jetpack_memberships_contains_paid_content":false,"footnotes":"","jetpack_publicize_message":"","jetpack_publicize_feature_enabled":false,"jetpack_social_post_already_shared":false,"jetpack_social_options":{"image_generator_settings":{"template":"highway","default_image_id":0,"font":"","enabled":false},"version":2}},"categories":[8],"tags":[],"class_list":["post-4200","post","type-post","status-publish","format-standard","has-post-thumbnail","hentry","category-foto-galeri"],"jetpack_publicize_connections":[],"jetpack_featured_media_url":"https:\/\/www.xn--kprmedya-n4a6d.com\/wp-content\/uploads\/2025\/08\/\ud83d\udea8-SON-DAKIKA-Bu-Gece-OTV-Guncellemesi-Geliyor-Instagram-Gonderisi-25.png","jetpack_likes_enabled":true,"jetpack_sharing_enabled":true,"jetpack_shortlink":"https:\/\/wp.me\/pgAB3S-15K","_links":{"self":[{"href":"https:\/\/www.xn--kprmedya-n4a6d.com\/index.php\/wp-json\/wp\/v2\/posts\/4200","targetHints":{"allow":["GET"]}}],"collection":[{"href":"https:\/\/www.xn--kprmedya-n4a6d.com\/index.php\/wp-json\/wp\/v2\/posts"}],"about":[{"href":"https:\/\/www.xn--kprmedya-n4a6d.com\/index.php\/wp-json\/wp\/v2\/types\/post"}],"author":[{"embeddable":true,"href":"https:\/\/www.xn--kprmedya-n4a6d.com\/index.php\/wp-json\/wp\/v2\/users\/1"}],"replies":[{"embeddable":true,"href":"https:\/\/www.xn--kprmedya-n4a6d.com\/index.php\/wp-json\/wp\/v2\/comments?post=4200"}],"version-history":[{"count":4,"href":"https:\/\/www.xn--kprmedya-n4a6d.com\/index.php\/wp-json\/wp\/v2\/posts\/4200\/revisions"}],"predecessor-version":[{"id":4213,"href":"https:\/\/www.xn--kprmedya-n4a6d.com\/index.php\/wp-json\/wp\/v2\/posts\/4200\/revisions\/4213"}],"wp:featuredmedia":[{"embeddable":true,"href":"https:\/\/www.xn--kprmedya-n4a6d.com\/index.php\/wp-json\/wp\/v2\/media\/4205"}],"wp:attachment":[{"href":"https:\/\/www.xn--kprmedya-n4a6d.com\/index.php\/wp-json\/wp\/v2\/media?parent=4200"}],"wp:term":[{"taxonomy":"category","embeddable":true,"href":"https:\/\/www.xn--kprmedya-n4a6d.com\/index.php\/wp-json\/wp\/v2\/categories?post=4200"},{"taxonomy":"post_tag","embeddable":true,"href":"https:\/\/www.xn--kprmedya-n4a6d.com\/index.php\/wp-json\/wp\/v2\/tags?post=4200"}],"curies":[{"name":"wp","href":"https:\/\/api.w.org\/{rel}","templated":true}]}}