{"id":4214,"date":"2025-08-12T17:42:17","date_gmt":"2025-08-12T17:42:17","guid":{"rendered":"https:\/\/www.xn--kprmedya-n4a6d.com\/?p=4214"},"modified":"2025-08-12T17:42:19","modified_gmt":"2025-08-12T17:42:19","slug":"cumhur-ittifakindan-emniyet-muduru-pisike-hayirli-olsun-ziyareti","status":"publish","type":"post","link":"https:\/\/www.xn--kprmedya-n4a6d.com\/index.php\/2025\/08\/12\/cumhur-ittifakindan-emniyet-muduru-pisike-hayirli-olsun-ziyareti\/","title":{"rendered":"Cumhur \u0130ttifak\u0131\u2019ndan Emniyet M\u00fcd\u00fcr\u00fc Pi\u015fik\u2019e \u2018Hay\u0131rl\u0131 Olsun\u2019 Ziyareti"},"content":{"rendered":"\n<p>Cumhur \u0130ttifak\u0131 il\u00e7e ba\u015fkanlar\u0131, Mustafakemalpa\u015fa \u0130l\u00e7e Emniyet M\u00fcd\u00fcrl\u00fc\u011f\u00fc g\u00f6revine atanan Memduh Pi\u015fik\u2019i makam\u0131nda ziyaret ederek yeni g\u00f6revinde ba\u015far\u0131lar diledi.<\/p>\n\n\n\n<p>AK Parti \u0130l\u00e7e Ba\u015fkan\u0131&nbsp;<strong>Mutlu Turgut<\/strong>&nbsp;ve MHP \u0130l\u00e7e Ba\u015fkan\u0131&nbsp;<strong>Suat Buldu<\/strong>, Emniyet M\u00fcd\u00fcr\u00fc Pi\u015fik\u2019i ziyaretinde il\u00e7e g\u00fcvenli\u011fi, asayi\u015f \u00e7al\u0131\u015fmalar\u0131 ve vatanda\u015flar\u0131n huzur ortam\u0131n\u0131n korunmas\u0131na y\u00f6nelik de\u011ferlendirmelerde bulundu.<\/p>\n\n\n\n<p>Ziyarette, Mustafakemalpa\u015fa\u2019n\u0131n g\u00fcvenlik konular\u0131ndaki mevcut durumu, \u00f6ncelikli ihtiya\u00e7lar ve yerel y\u00f6netim\u2013emniyet i\u015f birli\u011finin \u00f6nemi \u00fczerinde duruldu. \u0130l\u00e7e ba\u015fkanlar\u0131, Emniyet M\u00fcd\u00fcr\u00fc Memduh Pi\u015fik\u2019e g\u00f6rev s\u00fcresince her t\u00fcrl\u00fc deste\u011fi vermeye haz\u0131r olduklar\u0131n\u0131 ifade etti.<\/p>\n\n\n\n<p>Emniyet M\u00fcd\u00fcr\u00fc Memduh Pi\u015fik ise nazik ziyaretlerinden dolay\u0131 te\u015fekk\u00fcr ederek, Mustafakemalpa\u015fa\u2019da huzur ve g\u00fcven ortam\u0131n\u0131 en \u00fcst seviyede sa\u011flamak i\u00e7in ekipleriyle birlikte \u00f6zverili bir \u015fekilde \u00e7al\u0131\u015facaklar\u0131n\u0131 vurgulad\u0131.<\/p>\n","protected":false},"excerpt":{"rendered":"<p>Cumhur \u0130ttifak\u0131 il\u00e7e ba\u015fkanlar\u0131, Mustafakemalpa\u015fa \u0130l\u00e7e Emniyet M\u00fcd\u00fcrl\u00fc\u011f\u00fc g\u00f6revine atanan Memduh Pi\u015fik\u2019i makam\u0131nda ziyaret ederek yeni g\u00f6revinde ba\u015far\u0131lar diledi. AK Parti \u0130l\u00e7e Ba\u015fkan\u0131&nbsp;Mutlu Turgut&nbsp;ve MHP&hellip;<\/p>\n","protected":false},"author":1,"featured_media":4215,"comment_status":"open","ping_status":"open","sticky":false,"template":"","format":"standard","meta":{"advanced_seo_description":"","jetpack_seo_html_title":"","jetpack_seo_noindex":false,"_jetpack_memberships_contains_paid_content":false,"footnotes":"","jetpack_publicize_message":"","jetpack_publicize_feature_enabled":false,"jetpack_social_post_already_shared":false,"jetpack_social_options":{"image_generator_settings":{"template":"highway","default_image_id":0,"font":"","enabled":false},"version":2}},"categories":[8],"tags":[],"class_list":["post-4214","post","type-post","status-publish","format-standard","has-post-thumbnail","hentry","category-foto-galeri"],"jetpack_publicize_connections":[],"jetpack_featured_media_url":"https:\/\/www.xn--kprmedya-n4a6d.com\/wp-content\/uploads\/2025\/08\/IMG_3915.jpeg","jetpack_likes_enabled":true,"jetpack_sharing_enabled":true,"jetpack_shortlink":"https:\/\/wp.me\/pgAB3S-15Y","_links":{"self":[{"href":"https:\/\/www.xn--kprmedya-n4a6d.com\/index.php\/wp-json\/wp\/v2\/posts\/4214","targetHints":{"allow":["GET"]}}],"collection":[{"href":"https:\/\/www.xn--kprmedya-n4a6d.com\/index.php\/wp-json\/wp\/v2\/posts"}],"about":[{"href":"https:\/\/www.xn--kprmedya-n4a6d.com\/index.php\/wp-json\/wp\/v2\/types\/post"}],"author":[{"embeddable":true,"href":"https:\/\/www.xn--kprmedya-n4a6d.com\/index.php\/wp-json\/wp\/v2\/users\/1"}],"replies":[{"embeddable":true,"href":"https:\/\/www.xn--kprmedya-n4a6d.com\/index.php\/wp-json\/wp\/v2\/comments?post=4214"}],"version-history":[{"count":1,"href":"https:\/\/www.xn--kprmedya-n4a6d.com\/index.php\/wp-json\/wp\/v2\/posts\/4214\/revisions"}],"predecessor-version":[{"id":4216,"href":"https:\/\/www.xn--kprmedya-n4a6d.com\/index.php\/wp-json\/wp\/v2\/posts\/4214\/revisions\/4216"}],"wp:featuredmedia":[{"embeddable":true,"href":"https:\/\/www.xn--kprmedya-n4a6d.com\/index.php\/wp-json\/wp\/v2\/media\/4215"}],"wp:attachment":[{"href":"https:\/\/www.xn--kprmedya-n4a6d.com\/index.php\/wp-json\/wp\/v2\/media?parent=4214"}],"wp:term":[{"taxonomy":"category","embeddable":true,"href":"https:\/\/www.xn--kprmedya-n4a6d.com\/index.php\/wp-json\/wp\/v2\/categories?post=4214"},{"taxonomy":"post_tag","embeddable":true,"href":"https:\/\/www.xn--kprmedya-n4a6d.com\/index.php\/wp-json\/wp\/v2\/tags?post=4214"}],"curies":[{"name":"wp","href":"https:\/\/api.w.org\/{rel}","templated":true}]}}