{"id":4223,"date":"2025-08-14T07:37:07","date_gmt":"2025-08-14T07:37:07","guid":{"rendered":"https:\/\/www.xn--kprmedya-n4a6d.com\/?p=4223"},"modified":"2025-08-14T07:38:12","modified_gmt":"2025-08-14T07:38:12","slug":"davut-gurkandan-24-yil-mesaji-sayin-cumhurbaskanimizin-liderliginde-milletimize-hizmetten-asla-vazgecmeyecegiz","status":"publish","type":"post","link":"https:\/\/www.xn--kprmedya-n4a6d.com\/index.php\/2025\/08\/14\/davut-gurkandan-24-yil-mesaji-sayin-cumhurbaskanimizin-liderliginde-milletimize-hizmetten-asla-vazgecmeyecegiz\/","title":{"rendered":"DAVUT G\u00dcRKAN\u2019DAN 24. YIL MESAJI"},"content":{"rendered":"\n<p>AK Parti Bursa \u0130l Ba\u015fkan\u0131 Davut G\u00fcrkan, AK Partinin 24. kurulu\u015f y\u0131l d\u00f6n\u00fcm\u00fc dolay\u0131s\u0131yla yay\u0131mlad\u0131\u011f\u0131 mesaj\u0131nda, \u201cCumhurba\u015fkan\u0131m\u0131z Say\u0131n Recep Tayyip Erdo\u011fan\u2019\u0131n liderli\u011finde 24 y\u0131ld\u0131r milletimize hizmetten asla vazge\u00e7medik, vazge\u00e7meyece\u011fiz\u201d dedi.<\/p>\n\n\n\n<p>AK Parti Bursa \u0130l Ba\u015fkan\u0131 Davut G\u00fcrkan, partinin 24. kurulu\u015f y\u0131l d\u00f6n\u00fcm\u00fc dolay\u0131s\u0131yla bir mesaj yay\u0131mlad\u0131. \u201cAK Parti\u2019de 24 y\u0131l\u0131n hikayesi, birlik ve karde\u015fli\u011fin T\u00fcrkiye&#8217;sidir\u201d vizyonuna vurgu yapan Ba\u015fkan G\u00fcrkan mesaj\u0131nda \u015fu ifadelere yer verdi:<\/p>\n\n\n\n<p>\u201cMilletimizin huzura, istikrara ve g\u00fcvene en \u00e7ok ihtiya\u00e7 duydu\u011fu bir d\u00f6nemde yine milletin kendisi taraf\u0131ndan kurulan AK Parti\u2019mizin 24. ya\u015f\u0131n\u0131 b\u00fcy\u00fck bir gurur ve co\u015fkuyla kutluyoruz.<\/p>\n\n\n\n<p>Cumhurba\u015fkan\u0131m\u0131z ve Genel Ba\u015fkan\u0131m\u0131z Say\u0131n Recep Tayyip Erdo\u011fan\u2019\u0131n liderli\u011finde, 24 y\u0131l \u00f6nce ba\u015flayan bu kutlu davam\u0131zda, Bursa te\u015fkilatlar\u0131 olarak O\u2019nunlabirlikte milletimize hizmet etmekten asla vazge\u00e7medik, vazge\u00e7meyece\u011fiz.<\/p>\n\n\n\n<p>\u00dclkemize her alanda \u00e7a\u011f atlatan AK Kadrolar olarak, T\u00fcrkiye Y\u00fczy\u0131l\u0131\u2019nda da Say\u0131n Cumhurba\u015fkan\u0131m\u0131z\u0131n \u00f6nc\u00fcl\u00fc\u011f\u00fcnde, samimiyet ve heyecanla y\u00fcr\u00fcd\u00fc\u011f\u00fcm\u00fcz bu kutlu yolda yine milletimiz i\u00e7in \u00e7al\u0131\u015fmaya devam edece\u011fiz.<\/p>\n\n\n\n<p>Bu vesileyle; partimizin kurulu\u015fundan bug\u00fcnlere gelmesinde eme\u011fi ge\u00e7en, ebediyete intikal etmi\u015f k\u0131ymetli b\u00fcy\u00fcklerimizi ve dava arkada\u015flar\u0131m\u0131z\u0131 rahmetle an\u0131yor, 24 y\u0131ld\u0131r bu sevdaya g\u00f6n\u00fcl veren t\u00fcm yol arkada\u015flar\u0131ma \u015f\u00fckranlar\u0131m\u0131 sunuyorum.<\/p>\n\n\n\n<p>Her zaman yan\u0131m\u0131zda durarak AK Parti\u2019yi 24 y\u0131ld\u0131r iktidarda tutan aziz milletimizin deste\u011fiyle gelecekte de nice zaferleri, nice ba\u015far\u0131lar\u0131 hep birlikte ya\u015famay\u0131 diliyor; sayg\u0131 ve sevgilerimi sunuyorum.\u201d<\/p>\n","protected":false},"excerpt":{"rendered":"<p>AK Parti Bursa \u0130l Ba\u015fkan\u0131 Davut G\u00fcrkan, AK Partinin 24. kurulu\u015f y\u0131l d\u00f6n\u00fcm\u00fc dolay\u0131s\u0131yla yay\u0131mlad\u0131\u011f\u0131 mesaj\u0131nda, \u201cCumhurba\u015fkan\u0131m\u0131z Say\u0131n Recep Tayyip Erdo\u011fan\u2019\u0131n liderli\u011finde 24 y\u0131ld\u0131r milletimize&hellip;<\/p>\n","protected":false},"author":1,"featured_media":4224,"comment_status":"open","ping_status":"open","sticky":false,"template":"","format":"standard","meta":{"advanced_seo_description":"","jetpack_seo_html_title":"","jetpack_seo_noindex":false,"_jetpack_memberships_contains_paid_content":false,"footnotes":"","jetpack_publicize_message":"","jetpack_publicize_feature_enabled":false,"jetpack_social_post_already_shared":false,"jetpack_social_options":{"image_generator_settings":{"template":"highway","default_image_id":0,"font":"","enabled":false},"version":2}},"categories":[8],"tags":[],"class_list":["post-4223","post","type-post","status-publish","format-standard","has-post-thumbnail","hentry","category-foto-galeri"],"jetpack_publicize_connections":[],"jetpack_featured_media_url":"https:\/\/www.xn--kprmedya-n4a6d.com\/wp-content\/uploads\/2025\/08\/c19514dd-c318-408d-8e20-feb027209430.jpeg","jetpack_likes_enabled":true,"jetpack_sharing_enabled":true,"jetpack_shortlink":"https:\/\/wp.me\/pgAB3S-167","_links":{"self":[{"href":"https:\/\/www.xn--kprmedya-n4a6d.com\/index.php\/wp-json\/wp\/v2\/posts\/4223","targetHints":{"allow":["GET"]}}],"collection":[{"href":"https:\/\/www.xn--kprmedya-n4a6d.com\/index.php\/wp-json\/wp\/v2\/posts"}],"about":[{"href":"https:\/\/www.xn--kprmedya-n4a6d.com\/index.php\/wp-json\/wp\/v2\/types\/post"}],"author":[{"embeddable":true,"href":"https:\/\/www.xn--kprmedya-n4a6d.com\/index.php\/wp-json\/wp\/v2\/users\/1"}],"replies":[{"embeddable":true,"href":"https:\/\/www.xn--kprmedya-n4a6d.com\/index.php\/wp-json\/wp\/v2\/comments?post=4223"}],"version-history":[{"count":2,"href":"https:\/\/www.xn--kprmedya-n4a6d.com\/index.php\/wp-json\/wp\/v2\/posts\/4223\/revisions"}],"predecessor-version":[{"id":4227,"href":"https:\/\/www.xn--kprmedya-n4a6d.com\/index.php\/wp-json\/wp\/v2\/posts\/4223\/revisions\/4227"}],"wp:featuredmedia":[{"embeddable":true,"href":"https:\/\/www.xn--kprmedya-n4a6d.com\/index.php\/wp-json\/wp\/v2\/media\/4224"}],"wp:attachment":[{"href":"https:\/\/www.xn--kprmedya-n4a6d.com\/index.php\/wp-json\/wp\/v2\/media?parent=4223"}],"wp:term":[{"taxonomy":"category","embeddable":true,"href":"https:\/\/www.xn--kprmedya-n4a6d.com\/index.php\/wp-json\/wp\/v2\/categories?post=4223"},{"taxonomy":"post_tag","embeddable":true,"href":"https:\/\/www.xn--kprmedya-n4a6d.com\/index.php\/wp-json\/wp\/v2\/tags?post=4223"}],"curies":[{"name":"wp","href":"https:\/\/api.w.org\/{rel}","templated":true}]}}