{"id":4228,"date":"2025-08-14T15:52:38","date_gmt":"2025-08-14T15:52:38","guid":{"rendered":"https:\/\/www.xn--kprmedya-n4a6d.com\/?p=4228"},"modified":"2025-08-14T15:52:41","modified_gmt":"2025-08-14T15:52:41","slug":"karacabey-yeniden-refah-partisi-ilce-baskanligina-aydin-koksal-atandi","status":"publish","type":"post","link":"https:\/\/www.xn--kprmedya-n4a6d.com\/index.php\/2025\/08\/14\/karacabey-yeniden-refah-partisi-ilce-baskanligina-aydin-koksal-atandi\/","title":{"rendered":"Karacabey Yeniden Refah Partisi \u0130l\u00e7e Ba\u015fkanl\u0131\u011f\u0131na Ayd\u0131n K\u00f6ksal Atand\u0131"},"content":{"rendered":"\n<p>Yeniden Refah Partisi Karacabey \u0130l\u00e7e Te\u015fkilat\u0131\u2019nda g\u00f6rev de\u011fi\u015fimi ya\u015fand\u0131. Parti Genel Merkezi taraf\u0131ndan yap\u0131lan atama ile Karacabey \u0130l\u00e7e Ba\u015fkanl\u0131\u011f\u0131 g\u00f6revine Ayd\u0131n K\u00f6ksal getirildi.<\/p>\n\n\n\n<p>Parti yetkilileri, yeni ba\u015fkan Ayd\u0131n K\u00f6ksal\u2019a g\u00f6revinde ba\u015far\u0131lar dilerken, te\u015fkilat \u00e7al\u0131\u015fmalar\u0131n\u0131n h\u0131z kesmeden devam edece\u011fini vurgulad\u0131. Ayd\u0131n K\u00f6ksal ise yapt\u0131\u011f\u0131 k\u0131sa a\u00e7\u0131klamada, \u201cKaracabey\u2019imiz i\u00e7in hizmet \u00fcretmeye, halk\u0131m\u0131zla i\u00e7 i\u00e7e olmaya devam edece\u011fiz. Partimizin vizyonunu en iyi \u015fekilde yans\u0131tmak i\u00e7in var g\u00fcc\u00fcm\u00fczle \u00e7al\u0131\u015faca\u011f\u0131z\u201d dedi.<\/p>\n\n\n\n<p>Yeni y\u00f6netim kadrosunun \u00f6n\u00fcm\u00fczdeki g\u00fcnlerde kamuoyuna a\u00e7\u0131klanmas\u0131 bekleniyor.<\/p>\n","protected":false},"excerpt":{"rendered":"<p>Yeniden Refah Partisi Karacabey \u0130l\u00e7e Te\u015fkilat\u0131\u2019nda g\u00f6rev de\u011fi\u015fimi ya\u015fand\u0131. Parti Genel Merkezi taraf\u0131ndan yap\u0131lan atama ile Karacabey \u0130l\u00e7e Ba\u015fkanl\u0131\u011f\u0131 g\u00f6revine Ayd\u0131n K\u00f6ksal getirildi. Parti yetkilileri,&hellip;<\/p>\n","protected":false},"author":1,"featured_media":4229,"comment_status":"open","ping_status":"open","sticky":false,"template":"","format":"standard","meta":{"advanced_seo_description":"","jetpack_seo_html_title":"","jetpack_seo_noindex":false,"_jetpack_memberships_contains_paid_content":false,"footnotes":"","jetpack_publicize_message":"","jetpack_publicize_feature_enabled":false,"jetpack_social_post_already_shared":false,"jetpack_social_options":{"image_generator_settings":{"template":"highway","default_image_id":0,"font":"","enabled":false},"version":2}},"categories":[8],"tags":[],"class_list":["post-4228","post","type-post","status-publish","format-standard","has-post-thumbnail","hentry","category-foto-galeri"],"jetpack_publicize_connections":[],"jetpack_featured_media_url":"https:\/\/www.xn--kprmedya-n4a6d.com\/wp-content\/uploads\/2025\/08\/14ac2600-4fd3-47fc-96c0-e63907984030.jpeg","jetpack_likes_enabled":true,"jetpack_sharing_enabled":true,"jetpack_shortlink":"https:\/\/wp.me\/pgAB3S-16c","_links":{"self":[{"href":"https:\/\/www.xn--kprmedya-n4a6d.com\/index.php\/wp-json\/wp\/v2\/posts\/4228","targetHints":{"allow":["GET"]}}],"collection":[{"href":"https:\/\/www.xn--kprmedya-n4a6d.com\/index.php\/wp-json\/wp\/v2\/posts"}],"about":[{"href":"https:\/\/www.xn--kprmedya-n4a6d.com\/index.php\/wp-json\/wp\/v2\/types\/post"}],"author":[{"embeddable":true,"href":"https:\/\/www.xn--kprmedya-n4a6d.com\/index.php\/wp-json\/wp\/v2\/users\/1"}],"replies":[{"embeddable":true,"href":"https:\/\/www.xn--kprmedya-n4a6d.com\/index.php\/wp-json\/wp\/v2\/comments?post=4228"}],"version-history":[{"count":1,"href":"https:\/\/www.xn--kprmedya-n4a6d.com\/index.php\/wp-json\/wp\/v2\/posts\/4228\/revisions"}],"predecessor-version":[{"id":4230,"href":"https:\/\/www.xn--kprmedya-n4a6d.com\/index.php\/wp-json\/wp\/v2\/posts\/4228\/revisions\/4230"}],"wp:featuredmedia":[{"embeddable":true,"href":"https:\/\/www.xn--kprmedya-n4a6d.com\/index.php\/wp-json\/wp\/v2\/media\/4229"}],"wp:attachment":[{"href":"https:\/\/www.xn--kprmedya-n4a6d.com\/index.php\/wp-json\/wp\/v2\/media?parent=4228"}],"wp:term":[{"taxonomy":"category","embeddable":true,"href":"https:\/\/www.xn--kprmedya-n4a6d.com\/index.php\/wp-json\/wp\/v2\/categories?post=4228"},{"taxonomy":"post_tag","embeddable":true,"href":"https:\/\/www.xn--kprmedya-n4a6d.com\/index.php\/wp-json\/wp\/v2\/tags?post=4228"}],"curies":[{"name":"wp","href":"https:\/\/api.w.org\/{rel}","templated":true}]}}