{"id":4245,"date":"2025-08-15T11:41:27","date_gmt":"2025-08-15T11:41:27","guid":{"rendered":"https:\/\/www.xn--kprmedya-n4a6d.com\/?p=4245"},"modified":"2025-08-15T11:41:30","modified_gmt":"2025-08-15T11:41:30","slug":"teskilatin-emektar-ismi-azime-cengiz-baskanlik-koltugunda","status":"publish","type":"post","link":"https:\/\/www.xn--kprmedya-n4a6d.com\/index.php\/2025\/08\/15\/teskilatin-emektar-ismi-azime-cengiz-baskanlik-koltugunda\/","title":{"rendered":"Te\u015fkilat\u0131n Emektar \u0130smi Azime Cengiz, Ba\u015fkanl\u0131k Koltu\u011funda"},"content":{"rendered":"\n<p>AK Parti Mustafakemalpa\u015fa Kad\u0131n Kollar\u0131\u2019na vek\u00e2leten ba\u015fkanl\u0131k g\u00f6revini y\u00fcr\u00fcten&nbsp;<strong>Azime Cengiz<\/strong>, Genel Merkez\u2019in tensipleriyle resmen Kad\u0131n Kollar\u0131 Ba\u015fkan\u0131 olarak atand\u0131.<\/p>\n\n\n\n<p>Mustafakemalpa\u015fa\u2019da herkesin yak\u0131ndan tan\u0131d\u0131\u011f\u0131 ve sevdi\u011fi&nbsp;<strong>Azime Cengiz<\/strong>, bug\u00fcne kadar partinin bir\u00e7ok kademesinde aktif g\u00f6rev ald\u0131. Te\u015fkilat\u0131n en \u00e7al\u0131\u015fkan, en \u00f6zverili isimlerinden biri olarak bilinen Cengiz, hem saha \u00e7al\u0131\u015fmalar\u0131 hem de sosyal sorumluluk projeleriyle il\u00e7ede iz b\u0131rakan bir isim oldu.<\/p>\n\n\n\n<p>Parti i\u00e7erisinde y\u0131llard\u0131r y\u00fcr\u00fctt\u00fc\u011f\u00fc faaliyetlerle g\u00f6n\u00fcllere dokunan Azime Cengiz, art\u0131k resm\u00ee olarak AK Parti Kad\u0131n Kollar\u0131 Ba\u015fkan\u0131 olarak g\u00f6rev yapacak.<\/p>\n\n\n\n<figure class=\"wp-block-image size-large\"><img loading=\"lazy\" decoding=\"async\" width=\"1024\" height=\"756\" src=\"https:\/\/www.xn--kprmedya-n4a6d.com\/wp-content\/uploads\/2025\/08\/IMG_4001-1024x756.jpeg\" alt=\"\" class=\"wp-image-4247\" srcset=\"https:\/\/www.xn--kprmedya-n4a6d.com\/wp-content\/uploads\/2025\/08\/IMG_4001-1024x756.jpeg 1024w, https:\/\/www.xn--kprmedya-n4a6d.com\/wp-content\/uploads\/2025\/08\/IMG_4001-300x222.jpeg 300w, https:\/\/www.xn--kprmedya-n4a6d.com\/wp-content\/uploads\/2025\/08\/IMG_4001-768x567.jpeg 768w, https:\/\/www.xn--kprmedya-n4a6d.com\/wp-content\/uploads\/2025\/08\/IMG_4001.jpeg 1125w\" sizes=\"auto, (max-width: 1024px) 100vw, 1024px\" \/><\/figure>\n\n\n\n<p>Cengiz, yeni d\u00f6nemde de hem kad\u0131nlar\u0131n hem de t\u00fcm Mustafakemalpa\u015fal\u0131lar\u0131n sesi olmak i\u00e7in \u00e7al\u0131\u015fmaya devam edece\u011fini belirtti.<\/p>\n","protected":false},"excerpt":{"rendered":"<p>AK Parti Mustafakemalpa\u015fa Kad\u0131n Kollar\u0131\u2019na vek\u00e2leten ba\u015fkanl\u0131k g\u00f6revini y\u00fcr\u00fcten&nbsp;Azime Cengiz, Genel Merkez\u2019in tensipleriyle resmen Kad\u0131n Kollar\u0131 Ba\u015fkan\u0131 olarak atand\u0131. Mustafakemalpa\u015fa\u2019da herkesin yak\u0131ndan tan\u0131d\u0131\u011f\u0131 ve sevdi\u011fi&nbsp;Azime&hellip;<\/p>\n","protected":false},"author":1,"featured_media":4246,"comment_status":"open","ping_status":"open","sticky":false,"template":"","format":"standard","meta":{"advanced_seo_description":"","jetpack_seo_html_title":"","jetpack_seo_noindex":false,"_jetpack_memberships_contains_paid_content":false,"footnotes":"","jetpack_publicize_message":"","jetpack_publicize_feature_enabled":false,"jetpack_social_post_already_shared":false,"jetpack_social_options":{"image_generator_settings":{"template":"highway","default_image_id":0,"font":"","enabled":false},"version":2}},"categories":[8],"tags":[],"class_list":["post-4245","post","type-post","status-publish","format-standard","has-post-thumbnail","hentry","category-foto-galeri"],"jetpack_publicize_connections":[],"jetpack_featured_media_url":"https:\/\/www.xn--kprmedya-n4a6d.com\/wp-content\/uploads\/2025\/08\/IMG_3999.jpeg","jetpack_likes_enabled":true,"jetpack_sharing_enabled":true,"jetpack_shortlink":"https:\/\/wp.me\/pgAB3S-16t","_links":{"self":[{"href":"https:\/\/www.xn--kprmedya-n4a6d.com\/index.php\/wp-json\/wp\/v2\/posts\/4245","targetHints":{"allow":["GET"]}}],"collection":[{"href":"https:\/\/www.xn--kprmedya-n4a6d.com\/index.php\/wp-json\/wp\/v2\/posts"}],"about":[{"href":"https:\/\/www.xn--kprmedya-n4a6d.com\/index.php\/wp-json\/wp\/v2\/types\/post"}],"author":[{"embeddable":true,"href":"https:\/\/www.xn--kprmedya-n4a6d.com\/index.php\/wp-json\/wp\/v2\/users\/1"}],"replies":[{"embeddable":true,"href":"https:\/\/www.xn--kprmedya-n4a6d.com\/index.php\/wp-json\/wp\/v2\/comments?post=4245"}],"version-history":[{"count":1,"href":"https:\/\/www.xn--kprmedya-n4a6d.com\/index.php\/wp-json\/wp\/v2\/posts\/4245\/revisions"}],"predecessor-version":[{"id":4248,"href":"https:\/\/www.xn--kprmedya-n4a6d.com\/index.php\/wp-json\/wp\/v2\/posts\/4245\/revisions\/4248"}],"wp:featuredmedia":[{"embeddable":true,"href":"https:\/\/www.xn--kprmedya-n4a6d.com\/index.php\/wp-json\/wp\/v2\/media\/4246"}],"wp:attachment":[{"href":"https:\/\/www.xn--kprmedya-n4a6d.com\/index.php\/wp-json\/wp\/v2\/media?parent=4245"}],"wp:term":[{"taxonomy":"category","embeddable":true,"href":"https:\/\/www.xn--kprmedya-n4a6d.com\/index.php\/wp-json\/wp\/v2\/categories?post=4245"},{"taxonomy":"post_tag","embeddable":true,"href":"https:\/\/www.xn--kprmedya-n4a6d.com\/index.php\/wp-json\/wp\/v2\/tags?post=4245"}],"curies":[{"name":"wp","href":"https:\/\/api.w.org\/{rel}","templated":true}]}}