{"id":4249,"date":"2025-08-15T13:19:33","date_gmt":"2025-08-15T13:19:33","guid":{"rendered":"https:\/\/www.xn--kprmedya-n4a6d.com\/?p=4249"},"modified":"2025-08-15T13:21:04","modified_gmt":"2025-08-15T13:21:04","slug":"mustafakemalpasadan-ankaraya-gurur-tablosu","status":"publish","type":"post","link":"https:\/\/www.xn--kprmedya-n4a6d.com\/index.php\/2025\/08\/15\/mustafakemalpasadan-ankaraya-gurur-tablosu\/","title":{"rendered":"Mustafakemalpa\u015fa\u2019dan Ankara\u2019ya Gurur Tablosu"},"content":{"rendered":"\n<p><strong>Aslen Mustafakemalpa\u015fal\u0131 olan ve Bursa\u2019da ya\u015fayan, il\u00e7emizin sevilen isimlerinden Mimar Melih G\u00fcler\u2019in k\u0131ymetli e\u015fi<\/strong>,&nbsp;<strong>Genel Merkez AK Parti Gen\u00e7lik Kollar\u0131 Yerel Y\u00f6netimler Ba\u015fkan Yard\u0131mc\u0131s\u0131 ve Y\u0131ld\u0131r\u0131m Belediye Meclis \u00dcyesi K\u00fcbra Ezgi G\u00fcler<\/strong>, programa minik o\u011fullar\u0131&nbsp;<strong>\u00d6mer Asaf G\u00fcler<\/strong>&nbsp;ile kat\u0131ld\u0131.<\/p>\n\n\n\n<figure class=\"wp-block-image size-large\"><img loading=\"lazy\" decoding=\"async\" width=\"1024\" height=\"683\" src=\"https:\/\/www.xn--kprmedya-n4a6d.com\/wp-content\/uploads\/2025\/08\/38aec2a6-aa34-4091-aa46-572180409b0b-1024x683.jpeg\" alt=\"\" class=\"wp-image-4250\" srcset=\"https:\/\/www.xn--kprmedya-n4a6d.com\/wp-content\/uploads\/2025\/08\/38aec2a6-aa34-4091-aa46-572180409b0b-1024x683.jpeg 1024w, https:\/\/www.xn--kprmedya-n4a6d.com\/wp-content\/uploads\/2025\/08\/38aec2a6-aa34-4091-aa46-572180409b0b-300x200.jpeg 300w, https:\/\/www.xn--kprmedya-n4a6d.com\/wp-content\/uploads\/2025\/08\/38aec2a6-aa34-4091-aa46-572180409b0b-768x512.jpeg 768w, https:\/\/www.xn--kprmedya-n4a6d.com\/wp-content\/uploads\/2025\/08\/38aec2a6-aa34-4091-aa46-572180409b0b-1536x1024.jpeg 1536w, https:\/\/www.xn--kprmedya-n4a6d.com\/wp-content\/uploads\/2025\/08\/38aec2a6-aa34-4091-aa46-572180409b0b-2048x1366.jpeg 2048w\" sizes=\"auto, (max-width: 1024px) 100vw, 1024px\" \/><\/figure>\n\n\n\n<p><strong>Cumhurba\u015fkan\u0131\u2019ndan S\u0131cak Bir Jest<\/strong><\/p>\n\n\n\n<p>Cumhurba\u015fkan\u0131 Recep Tayyip Erdo\u011fan, kapan\u0131\u015f konu\u015fmas\u0131na ba\u015flamadan \u00f6nce G\u00fcler ailesini sahneye davet etti. Minik \u00d6mer Asaf\u2019\u0131 g\u00f6ren Erdo\u011fan, \u201cNe kadarl\u0131k bu?\u201d diye sorarak bebe\u011fi kuca\u011f\u0131na ald\u0131. Sevgi dolu bu an, salondaki davetlilerden b\u00fcy\u00fck alk\u0131\u015f toplarken, objektiflere de yans\u0131d\u0131. Erdo\u011fan, \u00d6mer Asaf\u2019a k\u00fc\u00e7\u00fck bir hediye de takdim etti.<\/p>\n\n\n\n<figure class=\"wp-block-image size-large\"><img loading=\"lazy\" decoding=\"async\" width=\"1024\" height=\"775\" src=\"https:\/\/www.xn--kprmedya-n4a6d.com\/wp-content\/uploads\/2025\/08\/297de782-247f-4b2b-82f2-d81889e2c8b2-1024x775.jpeg\" alt=\"\" class=\"wp-image-4251\" srcset=\"https:\/\/www.xn--kprmedya-n4a6d.com\/wp-content\/uploads\/2025\/08\/297de782-247f-4b2b-82f2-d81889e2c8b2-1024x775.jpeg 1024w, https:\/\/www.xn--kprmedya-n4a6d.com\/wp-content\/uploads\/2025\/08\/297de782-247f-4b2b-82f2-d81889e2c8b2-300x227.jpeg 300w, https:\/\/www.xn--kprmedya-n4a6d.com\/wp-content\/uploads\/2025\/08\/297de782-247f-4b2b-82f2-d81889e2c8b2-768x581.jpeg 768w, https:\/\/www.xn--kprmedya-n4a6d.com\/wp-content\/uploads\/2025\/08\/297de782-247f-4b2b-82f2-d81889e2c8b2-1536x1162.jpeg 1536w, https:\/\/www.xn--kprmedya-n4a6d.com\/wp-content\/uploads\/2025\/08\/297de782-247f-4b2b-82f2-d81889e2c8b2-2048x1549.jpeg 2048w\" sizes=\"auto, (max-width: 1024px) 100vw, 1024px\" \/><\/figure>\n\n\n\n<p><strong>Hem\u015fehriler \u0130\u00e7in Gurur Vesilesi<\/strong><\/p>\n\n\n\n<p>Hem salonda hem de sosyal medyada b\u00fcy\u00fck ilgi g\u00f6ren bu kareler,&nbsp;<strong>Mustafakemalpa\u015fa\u2019dan Bursa\u2019ya ve oradan Ankara\u2019ya uzanan gurur dolu bir an\u0131<\/strong>&nbsp;olarak haf\u0131zalara kaz\u0131nd\u0131. \u0130l\u00e7emizin tan\u0131nm\u0131\u015f simalar\u0131ndan G\u00fcler ailesi, bu \u00f6zel anla hem\u015fehrilerini gururland\u0131rd\u0131.<\/p>\n\n\n\n<figure class=\"wp-block-image size-large\"><img loading=\"lazy\" decoding=\"async\" width=\"1024\" height=\"742\" src=\"https:\/\/www.xn--kprmedya-n4a6d.com\/wp-content\/uploads\/2025\/08\/71080c6e-4cea-4b3e-a7ce-bf7eeb602609-1024x742.jpeg\" alt=\"\" class=\"wp-image-4252\" srcset=\"https:\/\/www.xn--kprmedya-n4a6d.com\/wp-content\/uploads\/2025\/08\/71080c6e-4cea-4b3e-a7ce-bf7eeb602609-1024x742.jpeg 1024w, https:\/\/www.xn--kprmedya-n4a6d.com\/wp-content\/uploads\/2025\/08\/71080c6e-4cea-4b3e-a7ce-bf7eeb602609-300x217.jpeg 300w, https:\/\/www.xn--kprmedya-n4a6d.com\/wp-content\/uploads\/2025\/08\/71080c6e-4cea-4b3e-a7ce-bf7eeb602609-768x557.jpeg 768w, https:\/\/www.xn--kprmedya-n4a6d.com\/wp-content\/uploads\/2025\/08\/71080c6e-4cea-4b3e-a7ce-bf7eeb602609-1536x1113.jpeg 1536w, https:\/\/www.xn--kprmedya-n4a6d.com\/wp-content\/uploads\/2025\/08\/71080c6e-4cea-4b3e-a7ce-bf7eeb602609-2048x1484.jpeg 2048w\" sizes=\"auto, (max-width: 1024px) 100vw, 1024px\" \/><\/figure>\n\n\n\n<h5 class=\"wp-block-heading\">\u0130\u015eTE O ANLAR!<\/h5>\n\n\n\n<figure class=\"wp-block-video\"><video controls src=\"https:\/\/www.xn--kprmedya-n4a6d.com\/wp-content\/uploads\/2025\/08\/b5a39a13-0ed5-40d4-b3b1-1ff185098399.mov\"><\/video><\/figure>\n","protected":false},"excerpt":{"rendered":"<p>Aslen Mustafakemalpa\u015fal\u0131 olan ve Bursa\u2019da ya\u015fayan, il\u00e7emizin sevilen isimlerinden Mimar Melih G\u00fcler\u2019in k\u0131ymetli e\u015fi,&nbsp;Genel Merkez AK Parti Gen\u00e7lik Kollar\u0131 Yerel Y\u00f6netimler Ba\u015fkan Yard\u0131mc\u0131s\u0131 ve Y\u0131ld\u0131r\u0131m&hellip;<\/p>\n","protected":false},"author":1,"featured_media":4254,"comment_status":"open","ping_status":"open","sticky":false,"template":"","format":"standard","meta":{"advanced_seo_description":"","jetpack_seo_html_title":"","jetpack_seo_noindex":false,"_jetpack_memberships_contains_paid_content":false,"footnotes":"","jetpack_publicize_message":"","jetpack_publicize_feature_enabled":false,"jetpack_social_post_already_shared":false,"jetpack_social_options":{"image_generator_settings":{"template":"highway","default_image_id":0,"font":"","enabled":false},"version":2}},"categories":[8],"tags":[],"class_list":["post-4249","post","type-post","status-publish","format-standard","has-post-thumbnail","hentry","category-foto-galeri"],"jetpack_publicize_connections":[],"jetpack_featured_media_url":"https:\/\/www.xn--kprmedya-n4a6d.com\/wp-content\/uploads\/2025\/08\/\ud83d\udea8-SON-DAKIKA-Bu-Gece-OTV-Guncellemesi-Geliyor-Instagram-Gonderisi-29.png","jetpack_likes_enabled":true,"jetpack_sharing_enabled":true,"jetpack_shortlink":"https:\/\/wp.me\/pgAB3S-16x","_links":{"self":[{"href":"https:\/\/www.xn--kprmedya-n4a6d.com\/index.php\/wp-json\/wp\/v2\/posts\/4249","targetHints":{"allow":["GET"]}}],"collection":[{"href":"https:\/\/www.xn--kprmedya-n4a6d.com\/index.php\/wp-json\/wp\/v2\/posts"}],"about":[{"href":"https:\/\/www.xn--kprmedya-n4a6d.com\/index.php\/wp-json\/wp\/v2\/types\/post"}],"author":[{"embeddable":true,"href":"https:\/\/www.xn--kprmedya-n4a6d.com\/index.php\/wp-json\/wp\/v2\/users\/1"}],"replies":[{"embeddable":true,"href":"https:\/\/www.xn--kprmedya-n4a6d.com\/index.php\/wp-json\/wp\/v2\/comments?post=4249"}],"version-history":[{"count":2,"href":"https:\/\/www.xn--kprmedya-n4a6d.com\/index.php\/wp-json\/wp\/v2\/posts\/4249\/revisions"}],"predecessor-version":[{"id":4257,"href":"https:\/\/www.xn--kprmedya-n4a6d.com\/index.php\/wp-json\/wp\/v2\/posts\/4249\/revisions\/4257"}],"wp:featuredmedia":[{"embeddable":true,"href":"https:\/\/www.xn--kprmedya-n4a6d.com\/index.php\/wp-json\/wp\/v2\/media\/4254"}],"wp:attachment":[{"href":"https:\/\/www.xn--kprmedya-n4a6d.com\/index.php\/wp-json\/wp\/v2\/media?parent=4249"}],"wp:term":[{"taxonomy":"category","embeddable":true,"href":"https:\/\/www.xn--kprmedya-n4a6d.com\/index.php\/wp-json\/wp\/v2\/categories?post=4249"},{"taxonomy":"post_tag","embeddable":true,"href":"https:\/\/www.xn--kprmedya-n4a6d.com\/index.php\/wp-json\/wp\/v2\/tags?post=4249"}],"curies":[{"name":"wp","href":"https:\/\/api.w.org\/{rel}","templated":true}]}}