{"id":4258,"date":"2025-08-15T16:01:30","date_gmt":"2025-08-15T16:01:30","guid":{"rendered":"https:\/\/www.xn--kprmedya-n4a6d.com\/?p=4258"},"modified":"2025-08-15T16:01:32","modified_gmt":"2025-08-15T16:01:32","slug":"emniyet-muduru-memduh-pisikten-baskan-erdeme-iadeyi-ziyaret","status":"publish","type":"post","link":"https:\/\/www.xn--kprmedya-n4a6d.com\/index.php\/2025\/08\/15\/emniyet-muduru-memduh-pisikten-baskan-erdeme-iadeyi-ziyaret\/","title":{"rendered":"Emniyet M\u00fcd\u00fcr\u00fc Memduh Pi\u015fik\u2019ten Ba\u015fkan Erdem\u2019e \u0130adeyi Ziyaret"},"content":{"rendered":"\n<p>Mustafakemalpa\u015fa \u0130l\u00e7e Emniyet M\u00fcd\u00fcr\u00fc&nbsp;<strong>Memduh Pi\u015fik<\/strong>, Belediye Ba\u015fkan\u0131&nbsp;<strong>\u015e\u00fckr\u00fc Erdem<\/strong>\u2019e iadeyi ziyarette bulundu.<\/p>\n\n\n\n<p>G\u00f6reve atanmas\u0131n\u0131n ard\u0131ndan il\u00e7edeki kurum ve kurulu\u015flara bir dizi ziyaret ger\u00e7ekle\u015ftiren M\u00fcd\u00fcr Pi\u015fik, ge\u00e7ti\u011fimiz g\u00fcnlerde kendisine hay\u0131rl\u0131 olsun ziyaretinde bulunan Ba\u015fkan Erdem\u2019e bu kez makam\u0131nda kar\u015f\u0131l\u0131k verdi.<\/p>\n\n\n\n<figure class=\"wp-block-image size-large\"><img loading=\"lazy\" decoding=\"async\" width=\"1024\" height=\"683\" src=\"https:\/\/www.xn--kprmedya-n4a6d.com\/wp-content\/uploads\/2025\/08\/IMG_4021-1024x683.jpeg\" alt=\"\" class=\"wp-image-4259\" srcset=\"https:\/\/www.xn--kprmedya-n4a6d.com\/wp-content\/uploads\/2025\/08\/IMG_4021-1024x683.jpeg 1024w, https:\/\/www.xn--kprmedya-n4a6d.com\/wp-content\/uploads\/2025\/08\/IMG_4021-300x200.jpeg 300w, https:\/\/www.xn--kprmedya-n4a6d.com\/wp-content\/uploads\/2025\/08\/IMG_4021-768x512.jpeg 768w, https:\/\/www.xn--kprmedya-n4a6d.com\/wp-content\/uploads\/2025\/08\/IMG_4021.jpeg 1440w\" sizes=\"auto, (max-width: 1024px) 100vw, 1024px\" \/><\/figure>\n\n\n\n<p>Ziyarette, Mustafakemalpa\u015fa\u2019n\u0131n g\u00fcvenlik, asayi\u015f ve huzur ortam\u0131n\u0131n korunmas\u0131 konusunda kurumlar aras\u0131 i\u015f birli\u011finin \u00f6nemine vurgu yap\u0131ld\u0131. \u0130l\u00e7e genelinde y\u00fcr\u00fct\u00fclen \u00e7al\u0131\u015fmalar ve g\u00fcvenlik hizmetleri hakk\u0131nda g\u00f6r\u00fc\u015f al\u0131\u015fveri\u015finde bulunuldu.<\/p>\n\n\n\n<p>Ba\u015fkan \u015e\u00fckr\u00fc Erdem, Emniyet M\u00fcd\u00fcrl\u00fc\u011f\u00fc\u2019n\u00fcn il\u00e7edeki huzur ve g\u00fcvenli\u011fin sa\u011flanmas\u0131ndaki \u00f6zverili \u00e7al\u0131\u015fmalar\u0131na te\u015fekk\u00fcr ederken, M\u00fcd\u00fcr Memduh Pi\u015fik de Mustafakemalpa\u015fa\u2019n\u0131n g\u00fcvenli bir \u015fehir olmas\u0131 i\u00e7in t\u00fcm ekipleriyle g\u00f6rev ba\u015f\u0131nda olduklar\u0131n\u0131 belirtti.<\/p>\n","protected":false},"excerpt":{"rendered":"<p>Mustafakemalpa\u015fa \u0130l\u00e7e Emniyet M\u00fcd\u00fcr\u00fc&nbsp;Memduh Pi\u015fik, Belediye Ba\u015fkan\u0131&nbsp;\u015e\u00fckr\u00fc Erdem\u2019e iadeyi ziyarette bulundu. G\u00f6reve atanmas\u0131n\u0131n ard\u0131ndan il\u00e7edeki kurum ve kurulu\u015flara bir dizi ziyaret ger\u00e7ekle\u015ftiren M\u00fcd\u00fcr Pi\u015fik, ge\u00e7ti\u011fimiz&hellip;<\/p>\n","protected":false},"author":1,"featured_media":4260,"comment_status":"open","ping_status":"open","sticky":false,"template":"","format":"standard","meta":{"advanced_seo_description":"","jetpack_seo_html_title":"","jetpack_seo_noindex":false,"_jetpack_memberships_contains_paid_content":false,"footnotes":"","jetpack_publicize_message":"","jetpack_publicize_feature_enabled":false,"jetpack_social_post_already_shared":false,"jetpack_social_options":{"image_generator_settings":{"template":"highway","default_image_id":0,"font":"","enabled":false},"version":2}},"categories":[8],"tags":[],"class_list":["post-4258","post","type-post","status-publish","format-standard","has-post-thumbnail","hentry","category-foto-galeri"],"jetpack_publicize_connections":[],"jetpack_featured_media_url":"https:\/\/www.xn--kprmedya-n4a6d.com\/wp-content\/uploads\/2025\/08\/IMG_4020.jpeg","jetpack_likes_enabled":true,"jetpack_sharing_enabled":true,"jetpack_shortlink":"https:\/\/wp.me\/pgAB3S-16G","_links":{"self":[{"href":"https:\/\/www.xn--kprmedya-n4a6d.com\/index.php\/wp-json\/wp\/v2\/posts\/4258","targetHints":{"allow":["GET"]}}],"collection":[{"href":"https:\/\/www.xn--kprmedya-n4a6d.com\/index.php\/wp-json\/wp\/v2\/posts"}],"about":[{"href":"https:\/\/www.xn--kprmedya-n4a6d.com\/index.php\/wp-json\/wp\/v2\/types\/post"}],"author":[{"embeddable":true,"href":"https:\/\/www.xn--kprmedya-n4a6d.com\/index.php\/wp-json\/wp\/v2\/users\/1"}],"replies":[{"embeddable":true,"href":"https:\/\/www.xn--kprmedya-n4a6d.com\/index.php\/wp-json\/wp\/v2\/comments?post=4258"}],"version-history":[{"count":1,"href":"https:\/\/www.xn--kprmedya-n4a6d.com\/index.php\/wp-json\/wp\/v2\/posts\/4258\/revisions"}],"predecessor-version":[{"id":4261,"href":"https:\/\/www.xn--kprmedya-n4a6d.com\/index.php\/wp-json\/wp\/v2\/posts\/4258\/revisions\/4261"}],"wp:featuredmedia":[{"embeddable":true,"href":"https:\/\/www.xn--kprmedya-n4a6d.com\/index.php\/wp-json\/wp\/v2\/media\/4260"}],"wp:attachment":[{"href":"https:\/\/www.xn--kprmedya-n4a6d.com\/index.php\/wp-json\/wp\/v2\/media?parent=4258"}],"wp:term":[{"taxonomy":"category","embeddable":true,"href":"https:\/\/www.xn--kprmedya-n4a6d.com\/index.php\/wp-json\/wp\/v2\/categories?post=4258"},{"taxonomy":"post_tag","embeddable":true,"href":"https:\/\/www.xn--kprmedya-n4a6d.com\/index.php\/wp-json\/wp\/v2\/tags?post=4258"}],"curies":[{"name":"wp","href":"https:\/\/api.w.org\/{rel}","templated":true}]}}