{"id":4262,"date":"2025-08-15T16:16:35","date_gmt":"2025-08-15T16:16:35","guid":{"rendered":"https:\/\/www.xn--kprmedya-n4a6d.com\/?p=4262"},"modified":"2025-08-15T16:27:32","modified_gmt":"2025-08-15T16:27:32","slug":"ak-parti-24-yasinda-genel-merkezde-bursa-ruzgari","status":"publish","type":"post","link":"https:\/\/www.xn--kprmedya-n4a6d.com\/index.php\/2025\/08\/15\/ak-parti-24-yasinda-genel-merkezde-bursa-ruzgari\/","title":{"rendered":"AK Parti 24.Ya\u015f\u0131n\u0131 Co\u015fkuyla Kutlad\u0131:Genel Merkezde Bursa R\u00fczgar\u0131 Esti"},"content":{"rendered":"\n<p><strong>24 Y\u0131ll\u0131k Hizmet Yolculu\u011fu<\/strong><\/p>\n\n\n\n<p>Cumhurba\u015fkan\u0131 ve AK Parti Genel Ba\u015fkan\u0131 Recep Tayyip Erdo\u011fan\u2019\u0131n liderli\u011finde 14 A\u011fustos 2001\u2019de ba\u015flayan AK Parti y\u00fcr\u00fcy\u00fc\u015f\u00fc, 24. y\u0131l\u0131n\u0131 Ankara\u2019daki Genel Merkez\u2019de d\u00fczenlenen co\u015fkulu t\u00f6renle kutlad\u0131. \u201c<strong>#24Y\u0131l\u0131nHikayesi<\/strong>, hak ve \u00f6zg\u00fcrl\u00fcklerde sessiz devrimler, kalk\u0131nma hamleleri ve mazlumlar\u0131n umudu olan g\u00fc\u00e7l\u00fc T\u00fcrkiye m\u00fccadelesidir\u201d mesaj\u0131, program\u0131n ana temas\u0131 oldu.<\/p>\n\n\n\n<figure class=\"wp-block-image size-large\"><img loading=\"lazy\" decoding=\"async\" width=\"1008\" height=\"756\" src=\"https:\/\/www.xn--kprmedya-n4a6d.com\/wp-content\/uploads\/2025\/08\/IMG_4024-1-edited.jpeg\" alt=\"\" class=\"wp-image-4279\" srcset=\"https:\/\/www.xn--kprmedya-n4a6d.com\/wp-content\/uploads\/2025\/08\/IMG_4024-1-edited.jpeg 1008w, https:\/\/www.xn--kprmedya-n4a6d.com\/wp-content\/uploads\/2025\/08\/IMG_4024-1-edited-300x225.jpeg 300w, https:\/\/www.xn--kprmedya-n4a6d.com\/wp-content\/uploads\/2025\/08\/IMG_4024-1-edited-768x576.jpeg 768w\" sizes=\"auto, (max-width: 1008px) 100vw, 1008px\" \/><\/figure>\n\n\n\n<p><strong>Bursa Etkinli\u011fe Tam Kadro Kat\u0131ld\u0131<\/strong><\/p>\n\n\n\n<p>Kutlama t\u00f6reninde Bursa adeta \u00e7\u0131karma yapt\u0131. AK Parti \u0130l Ba\u015fkan\u0131&nbsp;<strong>Davut G\u00fcrkan<\/strong>, Bursa Milletvekilleri, \u00f6nceki d\u00f6nem Bursa B\u00fcy\u00fck\u015fehir Belediye Ba\u015fkan\u0131&nbsp;<strong>Recep Altepe<\/strong>&nbsp;ve \u00f6nceki d\u00f6nem Mustafakemalpa\u015fa Belediye Ba\u015fkan\u0131&nbsp;<strong>Sadi Kurtulan<\/strong>&nbsp;t\u00f6rene kat\u0131ld\u0131.<\/p>\n\n\n\n<figure class=\"wp-block-image size-large\"><img loading=\"lazy\" decoding=\"async\" width=\"1049\" height=\"787\" src=\"https:\/\/www.xn--kprmedya-n4a6d.com\/wp-content\/uploads\/2025\/08\/IMG_4023-edited.jpeg\" alt=\"\" class=\"wp-image-4267\" srcset=\"https:\/\/www.xn--kprmedya-n4a6d.com\/wp-content\/uploads\/2025\/08\/IMG_4023-edited.jpeg 1049w, https:\/\/www.xn--kprmedya-n4a6d.com\/wp-content\/uploads\/2025\/08\/IMG_4023-edited-300x225.jpeg 300w, https:\/\/www.xn--kprmedya-n4a6d.com\/wp-content\/uploads\/2025\/08\/IMG_4023-edited-1024x768.jpeg 1024w, https:\/\/www.xn--kprmedya-n4a6d.com\/wp-content\/uploads\/2025\/08\/IMG_4023-edited-768x576.jpeg 768w\" sizes=\"auto, (max-width: 1049px) 100vw, 1049px\" \/><\/figure>\n\n\n\n<p><strong>\u0130l\u00e7e Belediye Ba\u015fkanlar\u0131 da Oradayd\u0131<\/strong><\/p>\n\n\n\n<p>Bursa\u2019n\u0131n il\u00e7e belediye ba\u015fkanlar\u0131 da etkinlikte yer alarak 24. y\u0131l co\u015fkusunu payla\u015ft\u0131. Birlik ve beraberlik vurgusu yapan ba\u015fkanlar, hizmet yolculu\u011funda kararl\u0131l\u0131k mesaj\u0131 verdi.<\/p>\n\n\n\n<figure class=\"wp-block-image size-large\"><img loading=\"lazy\" decoding=\"async\" width=\"1024\" height=\"631\" src=\"https:\/\/www.xn--kprmedya-n4a6d.com\/wp-content\/uploads\/2025\/08\/IMG_4026-1024x631.jpeg\" alt=\"\" class=\"wp-image-4268\" srcset=\"https:\/\/www.xn--kprmedya-n4a6d.com\/wp-content\/uploads\/2025\/08\/IMG_4026-1024x631.jpeg 1024w, https:\/\/www.xn--kprmedya-n4a6d.com\/wp-content\/uploads\/2025\/08\/IMG_4026-300x185.jpeg 300w, https:\/\/www.xn--kprmedya-n4a6d.com\/wp-content\/uploads\/2025\/08\/IMG_4026-768x474.jpeg 768w, https:\/\/www.xn--kprmedya-n4a6d.com\/wp-content\/uploads\/2025\/08\/IMG_4026.jpeg 1440w\" sizes=\"auto, (max-width: 1024px) 100vw, 1024px\" \/><\/figure>\n\n\n\n<p><strong>\u201cMilletimizin Hizmetk\u00e2r\u0131y\u0131z\u201d<\/strong><\/p>\n\n\n\n<p>AK Parti kadrolar\u0131, 24 y\u0131ll\u0131k s\u00fcre\u00e7te oldu\u011fu gibi bundan sonra da meselelerin \u00fczerine cesaretle giderek \u00e7\u00f6z\u00fcm odakl\u0131 siyaset \u00fcreteceklerini vurgulad\u0131. \u201c7\u2019den 77\u2019ye milletimizin hizmetk\u00e2r\u0131 olmaktan \u015feref duyuyoruz\u201d mesaj\u0131 \u00f6ne \u00e7\u0131kt\u0131.<\/p>\n\n\n\n<figure class=\"wp-block-image size-large\"><img loading=\"lazy\" decoding=\"async\" width=\"1024\" height=\"769\" src=\"https:\/\/www.xn--kprmedya-n4a6d.com\/wp-content\/uploads\/2025\/08\/IMG_4028-1-1024x769.jpeg\" alt=\"\" class=\"wp-image-4271\" srcset=\"https:\/\/www.xn--kprmedya-n4a6d.com\/wp-content\/uploads\/2025\/08\/IMG_4028-1-1024x769.jpeg 1024w, https:\/\/www.xn--kprmedya-n4a6d.com\/wp-content\/uploads\/2025\/08\/IMG_4028-1-300x225.jpeg 300w, https:\/\/www.xn--kprmedya-n4a6d.com\/wp-content\/uploads\/2025\/08\/IMG_4028-1-768x577.jpeg 768w, https:\/\/www.xn--kprmedya-n4a6d.com\/wp-content\/uploads\/2025\/08\/IMG_4028-1.jpeg 1201w\" sizes=\"auto, (max-width: 1024px) 100vw, 1024px\" \/><\/figure>\n","protected":false},"excerpt":{"rendered":"<p>24 Y\u0131ll\u0131k Hizmet Yolculu\u011fu Cumhurba\u015fkan\u0131 ve AK Parti Genel Ba\u015fkan\u0131 Recep Tayyip Erdo\u011fan\u2019\u0131n liderli\u011finde 14 A\u011fustos 2001\u2019de ba\u015flayan AK Parti y\u00fcr\u00fcy\u00fc\u015f\u00fc, 24. y\u0131l\u0131n\u0131 Ankara\u2019daki Genel&hellip;<\/p>\n","protected":false},"author":1,"featured_media":4264,"comment_status":"open","ping_status":"open","sticky":false,"template":"","format":"standard","meta":{"advanced_seo_description":"","jetpack_seo_html_title":"","jetpack_seo_noindex":false,"_jetpack_memberships_contains_paid_content":false,"footnotes":"","jetpack_publicize_message":"","jetpack_publicize_feature_enabled":false,"jetpack_social_post_already_shared":false,"jetpack_social_options":{"image_generator_settings":{"template":"highway","default_image_id":0,"font":"","enabled":false},"version":2}},"categories":[8],"tags":[],"class_list":["post-4262","post","type-post","status-publish","format-standard","has-post-thumbnail","hentry","category-foto-galeri"],"jetpack_publicize_connections":[],"jetpack_featured_media_url":"https:\/\/www.xn--kprmedya-n4a6d.com\/wp-content\/uploads\/2025\/08\/IMG_4025-edited.jpeg","jetpack_likes_enabled":true,"jetpack_sharing_enabled":true,"jetpack_shortlink":"https:\/\/wp.me\/pgAB3S-16K","_links":{"self":[{"href":"https:\/\/www.xn--kprmedya-n4a6d.com\/index.php\/wp-json\/wp\/v2\/posts\/4262","targetHints":{"allow":["GET"]}}],"collection":[{"href":"https:\/\/www.xn--kprmedya-n4a6d.com\/index.php\/wp-json\/wp\/v2\/posts"}],"about":[{"href":"https:\/\/www.xn--kprmedya-n4a6d.com\/index.php\/wp-json\/wp\/v2\/types\/post"}],"author":[{"embeddable":true,"href":"https:\/\/www.xn--kprmedya-n4a6d.com\/index.php\/wp-json\/wp\/v2\/users\/1"}],"replies":[{"embeddable":true,"href":"https:\/\/www.xn--kprmedya-n4a6d.com\/index.php\/wp-json\/wp\/v2\/comments?post=4262"}],"version-history":[{"count":3,"href":"https:\/\/www.xn--kprmedya-n4a6d.com\/index.php\/wp-json\/wp\/v2\/posts\/4262\/revisions"}],"predecessor-version":[{"id":4284,"href":"https:\/\/www.xn--kprmedya-n4a6d.com\/index.php\/wp-json\/wp\/v2\/posts\/4262\/revisions\/4284"}],"wp:featuredmedia":[{"embeddable":true,"href":"https:\/\/www.xn--kprmedya-n4a6d.com\/index.php\/wp-json\/wp\/v2\/media\/4264"}],"wp:attachment":[{"href":"https:\/\/www.xn--kprmedya-n4a6d.com\/index.php\/wp-json\/wp\/v2\/media?parent=4262"}],"wp:term":[{"taxonomy":"category","embeddable":true,"href":"https:\/\/www.xn--kprmedya-n4a6d.com\/index.php\/wp-json\/wp\/v2\/categories?post=4262"},{"taxonomy":"post_tag","embeddable":true,"href":"https:\/\/www.xn--kprmedya-n4a6d.com\/index.php\/wp-json\/wp\/v2\/tags?post=4262"}],"curies":[{"name":"wp","href":"https:\/\/api.w.org\/{rel}","templated":true}]}}