{"id":4298,"date":"2025-08-16T10:40:42","date_gmt":"2025-08-16T10:40:42","guid":{"rendered":"https:\/\/www.xn--kprmedya-n4a6d.com\/?p=4298"},"modified":"2025-08-16T10:40:44","modified_gmt":"2025-08-16T10:40:44","slug":"budodan-kritik-iptal-duyurusu","status":"publish","type":"post","link":"https:\/\/www.xn--kprmedya-n4a6d.com\/index.php\/2025\/08\/16\/budodan-kritik-iptal-duyurusu\/","title":{"rendered":"BUDO\u2019dan Kritik \u0130ptal Duyurusu!"},"content":{"rendered":"\n<p>Bursa B\u00fcy\u00fck\u015fehir Belediyesi\u2019ne ba\u011fl\u0131 Bursa Deniz Otob\u00fcs\u00fc (BUDO), olumsuz hava ko\u015fullar\u0131 nedeniyle bug\u00fcn yap\u0131lmas\u0131 planlanan 10 seferin iptal edildi\u011fini a\u00e7\u0131klad\u0131.<\/p>\n\n\n\n<p>BUDO\u2019dan yap\u0131lan bilgilendirmeye g\u00f6re, Bursa (Mudanya) \u2013 \u0130stanbul (Emin\u00f6n\u00fc\/Sirkeci) hatt\u0131 ile Armutlu (\u0130hlas) seferleri, r\u00fczgar ve deniz durumu nedeniyle ger\u00e7ekle\u015ftirilemeyecek. Yolcular\u0131n ma\u011fduriyet ya\u015famamas\u0131 i\u00e7in BUDO yetkilileri, seferlerini iptal edilen yolcular\u0131n biletlerini iade edebileceklerini duyurdu.<\/p>\n\n\n\n<p>\u0130ptal edilen seferler ise \u015fu \u015fekilde:<\/p>\n\n\n\n<p>\u2022 14:00 Bursa (Mudanya) \u2013 \u0130stanbul (Emin\u00f6n\u00fc\/Sirkeci)<\/p>\n\n\n\n<p>\u2022 14:30 \u0130stanbul (Emin\u00f6n\u00fc\/Sirkeci) \u2013 Armutlu (\u0130hlas)<\/p>\n\n\n\n<p>\u2022 14:30 \u0130stanbul (Emin\u00f6n\u00fc\/Sirkeci) \u2013 Bursa (Mudanya)<\/p>\n\n\n\n<p>\u2022 15:55 Armutlu (\u0130hlas) \u2013 Bursa (Mudanya)<\/p>\n\n\n\n<p>\u2022 16:00 Bursa (Mudanya) \u2013 \u0130stanbul (Emin\u00f6n\u00fc\/Sirkeci)<\/p>\n\n\n\n<p>\u2022 17:30 Bursa (Mudanya) \u2013 \u0130stanbul (Emin\u00f6n\u00fc\/Sirkeci)<\/p>\n\n\n\n<p>\u2022 17:45 \u0130stanbul (Emin\u00f6n\u00fc\/Sirkeci) \u2013 Bursa (Mudanya)<\/p>\n\n\n\n<p>\u2022 19:00 \u0130stanbul (Emin\u00f6n\u00fc\/Sirkeci) \u2013 Bursa (Mudanya)<\/p>\n\n\n\n<p>\u2022 20:15 Bursa (Mudanya) \u2013 \u0130stanbul (Emin\u00f6n\u00fc\/Sirkeci)<\/p>\n\n\n\n<p>\u2022 20:30 \u0130stanbul (Emin\u00f6n\u00fc\/Sirkeci) \u2013 Bursa (Mudanya)<\/p>\n\n\n\n<p>Yetkililer, yolcular\u0131 sefer iptalleri konusunda sosyal medya ve BUDO resmi internet sitesi \u00fczerinden bilgilendirmeye devam edeceklerini belirtti.<\/p>\n","protected":false},"excerpt":{"rendered":"<p>Bursa B\u00fcy\u00fck\u015fehir Belediyesi\u2019ne ba\u011fl\u0131 Bursa Deniz Otob\u00fcs\u00fc (BUDO), olumsuz hava ko\u015fullar\u0131 nedeniyle bug\u00fcn yap\u0131lmas\u0131 planlanan 10 seferin iptal edildi\u011fini a\u00e7\u0131klad\u0131. BUDO\u2019dan yap\u0131lan bilgilendirmeye g\u00f6re, Bursa&hellip;<\/p>\n","protected":false},"author":1,"featured_media":4299,"comment_status":"open","ping_status":"open","sticky":false,"template":"","format":"standard","meta":{"advanced_seo_description":"","jetpack_seo_html_title":"","jetpack_seo_noindex":false,"_jetpack_memberships_contains_paid_content":false,"footnotes":"","jetpack_publicize_message":"","jetpack_publicize_feature_enabled":false,"jetpack_social_post_already_shared":false,"jetpack_social_options":{"image_generator_settings":{"template":"highway","default_image_id":0,"font":"","enabled":false},"version":2}},"categories":[8],"tags":[],"class_list":["post-4298","post","type-post","status-publish","format-standard","has-post-thumbnail","hentry","category-foto-galeri"],"jetpack_publicize_connections":[],"jetpack_featured_media_url":"https:\/\/www.xn--kprmedya-n4a6d.com\/wp-content\/uploads\/2025\/08\/IMG_4062.jpeg","jetpack_likes_enabled":true,"jetpack_sharing_enabled":true,"jetpack_shortlink":"https:\/\/wp.me\/pgAB3S-17k","_links":{"self":[{"href":"https:\/\/www.xn--kprmedya-n4a6d.com\/index.php\/wp-json\/wp\/v2\/posts\/4298","targetHints":{"allow":["GET"]}}],"collection":[{"href":"https:\/\/www.xn--kprmedya-n4a6d.com\/index.php\/wp-json\/wp\/v2\/posts"}],"about":[{"href":"https:\/\/www.xn--kprmedya-n4a6d.com\/index.php\/wp-json\/wp\/v2\/types\/post"}],"author":[{"embeddable":true,"href":"https:\/\/www.xn--kprmedya-n4a6d.com\/index.php\/wp-json\/wp\/v2\/users\/1"}],"replies":[{"embeddable":true,"href":"https:\/\/www.xn--kprmedya-n4a6d.com\/index.php\/wp-json\/wp\/v2\/comments?post=4298"}],"version-history":[{"count":1,"href":"https:\/\/www.xn--kprmedya-n4a6d.com\/index.php\/wp-json\/wp\/v2\/posts\/4298\/revisions"}],"predecessor-version":[{"id":4300,"href":"https:\/\/www.xn--kprmedya-n4a6d.com\/index.php\/wp-json\/wp\/v2\/posts\/4298\/revisions\/4300"}],"wp:featuredmedia":[{"embeddable":true,"href":"https:\/\/www.xn--kprmedya-n4a6d.com\/index.php\/wp-json\/wp\/v2\/media\/4299"}],"wp:attachment":[{"href":"https:\/\/www.xn--kprmedya-n4a6d.com\/index.php\/wp-json\/wp\/v2\/media?parent=4298"}],"wp:term":[{"taxonomy":"category","embeddable":true,"href":"https:\/\/www.xn--kprmedya-n4a6d.com\/index.php\/wp-json\/wp\/v2\/categories?post=4298"},{"taxonomy":"post_tag","embeddable":true,"href":"https:\/\/www.xn--kprmedya-n4a6d.com\/index.php\/wp-json\/wp\/v2\/tags?post=4298"}],"curies":[{"name":"wp","href":"https:\/\/api.w.org\/{rel}","templated":true}]}}