{"id":4301,"date":"2025-08-16T17:03:07","date_gmt":"2025-08-16T17:03:07","guid":{"rendered":"https:\/\/www.xn--kprmedya-n4a6d.com\/?p=4301"},"modified":"2025-08-16T17:03:10","modified_gmt":"2025-08-16T17:03:10","slug":"guclu-ve-egitimli-kadro-tatbikatta","status":"publish","type":"post","link":"https:\/\/www.xn--kprmedya-n4a6d.com\/index.php\/2025\/08\/16\/guclu-ve-egitimli-kadro-tatbikatta\/","title":{"rendered":"G\u00fc\u00e7l\u00fc ve E\u011fitimli Kadro Tatbikatta"},"content":{"rendered":"\n<p><strong>\u0130HH\u2019dan k\u0131ymetli katk\u0131: 5. Ulusal Afet Y\u00f6netimi Tatbikat\u0131\u2019na Bursa\u2019dan geni\u015f kat\u0131l\u0131m<\/strong><\/p>\n\n\n\n<p>5. Ulusal Afet Y\u00f6netimi Tatbikat\u0131 kapsam\u0131nda senaryo gere\u011fi Ankara\u2019da meydana gelen deprem sonras\u0131 ger\u00e7ekle\u015ftirilecek&nbsp;<strong>enkaz, do\u011fada ve suda arama \u00e7al\u0131\u015fmalar\u0131<\/strong>&nbsp;i\u00e7in \u0130HH Arama Kurtarma ekipleri g\u00f6rev yerlerine do\u011fru yola \u00e7\u0131kt\u0131.<\/p>\n\n\n\n<figure class=\"wp-block-image size-full\"><img loading=\"lazy\" decoding=\"async\" width=\"853\" height=\"569\" src=\"https:\/\/www.xn--kprmedya-n4a6d.com\/wp-content\/uploads\/2025\/08\/8f5c938b-b6c4-40d0-b434-f63f04ab7abb.jpeg\" alt=\"\" class=\"wp-image-4302\" srcset=\"https:\/\/www.xn--kprmedya-n4a6d.com\/wp-content\/uploads\/2025\/08\/8f5c938b-b6c4-40d0-b434-f63f04ab7abb.jpeg 853w, https:\/\/www.xn--kprmedya-n4a6d.com\/wp-content\/uploads\/2025\/08\/8f5c938b-b6c4-40d0-b434-f63f04ab7abb-300x200.jpeg 300w, https:\/\/www.xn--kprmedya-n4a6d.com\/wp-content\/uploads\/2025\/08\/8f5c938b-b6c4-40d0-b434-f63f04ab7abb-768x512.jpeg 768w\" sizes=\"auto, (max-width: 853px) 100vw, 853px\" \/><\/figure>\n\n\n\n<p>\u0130HH ekipleri,&nbsp;<strong>g\u00fc\u00e7l\u00fc ve e\u011fitimli kadrosuyla<\/strong>&nbsp;tatbikatta aktif rol \u00fcstlenirken, Bursa\u2019dan da yo\u011fun bir kat\u0131l\u0131m sa\u011fland\u0131. Bursa\u2019n\u0131n 17 il\u00e7esinden temsilciler, tatbikata kat\u0131larak afetlere haz\u0131rl\u0131k konusunda \u00f6nemli bir ad\u0131m att\u0131.<\/p>\n\n\n\n<p>Tatbikat kapsam\u0131nda ekipler;&nbsp;<strong>arama-kurtarma, ilk yard\u0131m, koordinasyon ve saha \u00e7al\u0131\u015fmalar\u0131<\/strong>gibi bir\u00e7ok alanda uygulamal\u0131 e\u011fitimlerini peki\u015ftiriyor. Olas\u0131 afetlerde h\u0131zl\u0131 ve etkin m\u00fcdahale i\u00e7in haz\u0131rl\u0131klar\u0131n\u0131 s\u00fcrd\u00fcren g\u00f6n\u00fcll\u00fcler, hem tecr\u00fcbelerini art\u0131r\u0131yor hem de T\u00fcrkiye\u2019nin afetlere kar\u015f\u0131 dayan\u0131kl\u0131l\u0131\u011f\u0131n\u0131 g\u00fc\u00e7lendiriyor.<\/p>\n\n\n\n<figure class=\"wp-block-image size-full\"><img loading=\"lazy\" decoding=\"async\" width=\"853\" height=\"568\" src=\"https:\/\/www.xn--kprmedya-n4a6d.com\/wp-content\/uploads\/2025\/08\/395e39a5-3e74-4aa5-a8cf-e96570323c68.jpeg\" alt=\"\" class=\"wp-image-4303\" srcset=\"https:\/\/www.xn--kprmedya-n4a6d.com\/wp-content\/uploads\/2025\/08\/395e39a5-3e74-4aa5-a8cf-e96570323c68.jpeg 853w, https:\/\/www.xn--kprmedya-n4a6d.com\/wp-content\/uploads\/2025\/08\/395e39a5-3e74-4aa5-a8cf-e96570323c68-300x200.jpeg 300w, https:\/\/www.xn--kprmedya-n4a6d.com\/wp-content\/uploads\/2025\/08\/395e39a5-3e74-4aa5-a8cf-e96570323c68-768x511.jpeg 768w\" sizes=\"auto, (max-width: 853px) 100vw, 853px\" \/><\/figure>\n\n\n\n<p>\u0130HH yetkilileri, afetlere haz\u0131rl\u0131\u011f\u0131n ve g\u00f6n\u00fcll\u00fc deste\u011finin \u00f6nemine dikkat \u00e7ekerek, \u201cTatbikatlarda kazand\u0131\u011f\u0131m\u0131z tecr\u00fcbe, afet an\u0131nda hayat kurtaracak. Bu bilin\u00e7le \u00e7al\u0131\u015fmalar\u0131m\u0131z\u0131 s\u00fcrd\u00fcr\u00fcyoruz.\u201d mesaj\u0131n\u0131 verdi.<\/p>\n","protected":false},"excerpt":{"rendered":"<p>\u0130HH\u2019dan k\u0131ymetli katk\u0131: 5. Ulusal Afet Y\u00f6netimi Tatbikat\u0131\u2019na Bursa\u2019dan geni\u015f kat\u0131l\u0131m 5. Ulusal Afet Y\u00f6netimi Tatbikat\u0131 kapsam\u0131nda senaryo gere\u011fi Ankara\u2019da meydana gelen deprem sonras\u0131 ger\u00e7ekle\u015ftirilecek&nbsp;enkaz,&hellip;<\/p>\n","protected":false},"author":1,"featured_media":4304,"comment_status":"open","ping_status":"open","sticky":false,"template":"","format":"standard","meta":{"advanced_seo_description":"","jetpack_seo_html_title":"","jetpack_seo_noindex":false,"_jetpack_memberships_contains_paid_content":false,"footnotes":"","jetpack_publicize_message":"","jetpack_publicize_feature_enabled":false,"jetpack_social_post_already_shared":false,"jetpack_social_options":{"image_generator_settings":{"template":"highway","default_image_id":0,"font":"","enabled":false},"version":2}},"categories":[8],"tags":[],"class_list":["post-4301","post","type-post","status-publish","format-standard","has-post-thumbnail","hentry","category-foto-galeri"],"jetpack_publicize_connections":[],"jetpack_featured_media_url":"https:\/\/www.xn--kprmedya-n4a6d.com\/wp-content\/uploads\/2025\/08\/\ud83d\udea8-SON-DAKIKA-Bu-Gece-OTV-Guncellemesi-Geliyor-Instagram-Gonderisi-32.png","jetpack_likes_enabled":true,"jetpack_sharing_enabled":true,"jetpack_shortlink":"https:\/\/wp.me\/pgAB3S-17n","_links":{"self":[{"href":"https:\/\/www.xn--kprmedya-n4a6d.com\/index.php\/wp-json\/wp\/v2\/posts\/4301","targetHints":{"allow":["GET"]}}],"collection":[{"href":"https:\/\/www.xn--kprmedya-n4a6d.com\/index.php\/wp-json\/wp\/v2\/posts"}],"about":[{"href":"https:\/\/www.xn--kprmedya-n4a6d.com\/index.php\/wp-json\/wp\/v2\/types\/post"}],"author":[{"embeddable":true,"href":"https:\/\/www.xn--kprmedya-n4a6d.com\/index.php\/wp-json\/wp\/v2\/users\/1"}],"replies":[{"embeddable":true,"href":"https:\/\/www.xn--kprmedya-n4a6d.com\/index.php\/wp-json\/wp\/v2\/comments?post=4301"}],"version-history":[{"count":1,"href":"https:\/\/www.xn--kprmedya-n4a6d.com\/index.php\/wp-json\/wp\/v2\/posts\/4301\/revisions"}],"predecessor-version":[{"id":4305,"href":"https:\/\/www.xn--kprmedya-n4a6d.com\/index.php\/wp-json\/wp\/v2\/posts\/4301\/revisions\/4305"}],"wp:featuredmedia":[{"embeddable":true,"href":"https:\/\/www.xn--kprmedya-n4a6d.com\/index.php\/wp-json\/wp\/v2\/media\/4304"}],"wp:attachment":[{"href":"https:\/\/www.xn--kprmedya-n4a6d.com\/index.php\/wp-json\/wp\/v2\/media?parent=4301"}],"wp:term":[{"taxonomy":"category","embeddable":true,"href":"https:\/\/www.xn--kprmedya-n4a6d.com\/index.php\/wp-json\/wp\/v2\/categories?post=4301"},{"taxonomy":"post_tag","embeddable":true,"href":"https:\/\/www.xn--kprmedya-n4a6d.com\/index.php\/wp-json\/wp\/v2\/tags?post=4301"}],"curies":[{"name":"wp","href":"https:\/\/api.w.org\/{rel}","templated":true}]}}