{"id":4306,"date":"2025-08-16T17:28:07","date_gmt":"2025-08-16T17:28:07","guid":{"rendered":"https:\/\/www.xn--kprmedya-n4a6d.com\/?p=4306"},"modified":"2025-08-16T17:28:09","modified_gmt":"2025-08-16T17:28:09","slug":"ozel-oguz-anaokulundan-anlamli-etkinlik","status":"publish","type":"post","link":"https:\/\/www.xn--kprmedya-n4a6d.com\/index.php\/2025\/08\/16\/ozel-oguz-anaokulundan-anlamli-etkinlik\/","title":{"rendered":"\u00d6zel O\u011fuz Anaokulu\u2019ndan Anlaml\u0131 Etkinlik"},"content":{"rendered":"\n<p><strong>Pazartesi g\u00fcn\u00fc g\u00f6rkemli bir a\u00e7\u0131l\u0131\u015fla hizmete girecek \u00d6zel O\u011fuz Anaokulu, bug\u00fcn Osmanl\u0131 Park\u0131\u2019nda d\u00fczenledi\u011fi etkinlikle vatanda\u015flarla bulu\u015ftu.<\/strong><\/p>\n\n\n\n<figure class=\"wp-block-image size-large\"><img loading=\"lazy\" decoding=\"async\" width=\"1024\" height=\"991\" src=\"https:\/\/www.xn--kprmedya-n4a6d.com\/wp-content\/uploads\/2025\/08\/IMG_4101-1024x991.jpeg\" alt=\"\" class=\"wp-image-4307\" srcset=\"https:\/\/www.xn--kprmedya-n4a6d.com\/wp-content\/uploads\/2025\/08\/IMG_4101-1024x991.jpeg 1024w, https:\/\/www.xn--kprmedya-n4a6d.com\/wp-content\/uploads\/2025\/08\/IMG_4101-300x290.jpeg 300w, https:\/\/www.xn--kprmedya-n4a6d.com\/wp-content\/uploads\/2025\/08\/IMG_4101-768x743.jpeg 768w, https:\/\/www.xn--kprmedya-n4a6d.com\/wp-content\/uploads\/2025\/08\/IMG_4101-1536x1487.jpeg 1536w, https:\/\/www.xn--kprmedya-n4a6d.com\/wp-content\/uploads\/2025\/08\/IMG_4101-2048x1982.jpeg 2048w\" sizes=\"auto, (max-width: 1024px) 100vw, 1024px\" \/><\/figure>\n\n\n\n<p>\u0130l\u00e7emizde e\u011fitim alan\u0131nda yeni bir sayfa a\u00e7maya haz\u0131rlanan\u00a0<strong>\u00d6zel O\u011fuz Anaokulu<\/strong>, a\u00e7\u0131l\u0131\u015f \u00f6ncesinde d\u00fczenledi\u011fi anlaml\u0131 bir etkinlikle dikkatleri \u00fczerine \u00e7ekti. Osmanl\u0131 Park\u0131\u2019nda ger\u00e7ekle\u015ftirilen programda, vatanda\u015flara lokma ikram\u0131nda bulunuldu. Palya\u00e7olar\u0131n e\u015fli\u011finde \u00e7ocuklara da\u011f\u0131t\u0131lan reng\u00e2renk balonlar ise y\u00fczlerde tebess\u00fcm olu\u015fturdu.<\/p>\n\n\n\n<figure class=\"wp-block-image size-large\"><img loading=\"lazy\" decoding=\"async\" width=\"1024\" height=\"768\" src=\"https:\/\/www.xn--kprmedya-n4a6d.com\/wp-content\/uploads\/2025\/08\/IMG_4110-1024x768.jpeg\" alt=\"\" class=\"wp-image-4308\" srcset=\"https:\/\/www.xn--kprmedya-n4a6d.com\/wp-content\/uploads\/2025\/08\/IMG_4110-1024x768.jpeg 1024w, https:\/\/www.xn--kprmedya-n4a6d.com\/wp-content\/uploads\/2025\/08\/IMG_4110-300x225.jpeg 300w, https:\/\/www.xn--kprmedya-n4a6d.com\/wp-content\/uploads\/2025\/08\/IMG_4110-768x576.jpeg 768w, https:\/\/www.xn--kprmedya-n4a6d.com\/wp-content\/uploads\/2025\/08\/IMG_4110-1536x1152.jpeg 1536w, https:\/\/www.xn--kprmedya-n4a6d.com\/wp-content\/uploads\/2025\/08\/IMG_4110-2048x1536.jpeg 2048w\" sizes=\"auto, (max-width: 1024px) 100vw, 1024px\" \/><\/figure>\n\n\n\n<p>Vatanda\u015flar\u0131n yo\u011fun ilgi g\u00f6sterdi\u011fi etkinlikte, \u00f6zellikle \u00e7ocuklar\u0131n ne\u015fesi g\u00f6r\u00fclmeye de\u011ferdi. Aileler, b\u00f6ylesine g\u00fczel bir organizasyonla kendilerini selamlayan \u00d6zel O\u011fuz Anaokulu y\u00f6netimine te\u015fekk\u00fcr etti.<\/p>\n\n\n\n<figure class=\"wp-block-image size-large\"><img loading=\"lazy\" decoding=\"async\" width=\"1024\" height=\"789\" src=\"https:\/\/www.xn--kprmedya-n4a6d.com\/wp-content\/uploads\/2025\/08\/IMG_4092-1024x789.jpeg\" alt=\"\" class=\"wp-image-4309\" srcset=\"https:\/\/www.xn--kprmedya-n4a6d.com\/wp-content\/uploads\/2025\/08\/IMG_4092-1024x789.jpeg 1024w, https:\/\/www.xn--kprmedya-n4a6d.com\/wp-content\/uploads\/2025\/08\/IMG_4092-300x231.jpeg 300w, https:\/\/www.xn--kprmedya-n4a6d.com\/wp-content\/uploads\/2025\/08\/IMG_4092-768x592.jpeg 768w, https:\/\/www.xn--kprmedya-n4a6d.com\/wp-content\/uploads\/2025\/08\/IMG_4092-1536x1184.jpeg 1536w, https:\/\/www.xn--kprmedya-n4a6d.com\/wp-content\/uploads\/2025\/08\/IMG_4092-2048x1579.jpeg 2048w\" sizes=\"auto, (max-width: 1024px) 100vw, 1024px\" \/><\/figure>\n\n\n\n<p>Okul yetkilileri, il\u00e7emize kazand\u0131r\u0131lacak bu \u00f6zel e\u011fitim yuvas\u0131n\u0131n sadece bir okul de\u011fil, ayn\u0131 zamanda \u00e7ocuklar\u0131m\u0131z\u0131n g\u00fcvenle b\u00fcy\u00fcyece\u011fi, sosyal ve k\u00fclt\u00fcrel faaliyetlerle geli\u015fimlerini destekleyecek bir merkez olaca\u011f\u0131n\u0131 vurgulad\u0131. Yap\u0131lan a\u00e7\u0131klamada;\u00a0<strong>\u201cE\u011fitim anlay\u0131\u015f\u0131m\u0131zda sevgi, g\u00fcven ve kaliteyi \u00f6n planda tutuyoruz. \u0130l\u00e7emize de\u011fer katacak bu kurumda \u00e7ocuklar\u0131m\u0131z\u0131 gelece\u011fe en iyi \u015fekilde haz\u0131rlamay\u0131 hedefliyoruz.\u201d<\/strong>\u00a0denildi.<\/p>\n\n\n\n<figure class=\"wp-block-image size-large\"><img loading=\"lazy\" decoding=\"async\" width=\"1024\" height=\"760\" src=\"https:\/\/www.xn--kprmedya-n4a6d.com\/wp-content\/uploads\/2025\/08\/IMG_4097-1-1024x760.jpeg\" alt=\"\" class=\"wp-image-4313\" srcset=\"https:\/\/www.xn--kprmedya-n4a6d.com\/wp-content\/uploads\/2025\/08\/IMG_4097-1-1024x760.jpeg 1024w, https:\/\/www.xn--kprmedya-n4a6d.com\/wp-content\/uploads\/2025\/08\/IMG_4097-1-300x223.jpeg 300w, https:\/\/www.xn--kprmedya-n4a6d.com\/wp-content\/uploads\/2025\/08\/IMG_4097-1-768x570.jpeg 768w, https:\/\/www.xn--kprmedya-n4a6d.com\/wp-content\/uploads\/2025\/08\/IMG_4097-1-1536x1139.jpeg 1536w, https:\/\/www.xn--kprmedya-n4a6d.com\/wp-content\/uploads\/2025\/08\/IMG_4097-1-2048x1519.jpeg 2048w\" sizes=\"auto, (max-width: 1024px) 100vw, 1024px\" \/><\/figure>\n\n\n\n<p>Pazartesi g\u00fcn\u00fc yap\u0131lacak g\u00f6rkemli a\u00e7\u0131l\u0131\u015fa t\u00fcm il\u00e7e halk\u0131 davet edilirken, bug\u00fcn ger\u00e7ekle\u015ftirilen etkinlik vatanda\u015flar\u0131n g\u00f6nl\u00fcnde \u015fimdiden olumlu bir iz b\u0131rakt\u0131.<\/p>\n\n\n\n<figure class=\"wp-block-image size-large\"><img loading=\"lazy\" decoding=\"async\" width=\"1024\" height=\"649\" src=\"https:\/\/www.xn--kprmedya-n4a6d.com\/wp-content\/uploads\/2025\/08\/5deceea9-1d0f-4cee-8226-462536a56cd9-1024x649.jpeg\" alt=\"\" class=\"wp-image-4314\" srcset=\"https:\/\/www.xn--kprmedya-n4a6d.com\/wp-content\/uploads\/2025\/08\/5deceea9-1d0f-4cee-8226-462536a56cd9-1024x649.jpeg 1024w, https:\/\/www.xn--kprmedya-n4a6d.com\/wp-content\/uploads\/2025\/08\/5deceea9-1d0f-4cee-8226-462536a56cd9-300x190.jpeg 300w, https:\/\/www.xn--kprmedya-n4a6d.com\/wp-content\/uploads\/2025\/08\/5deceea9-1d0f-4cee-8226-462536a56cd9-768x487.jpeg 768w, https:\/\/www.xn--kprmedya-n4a6d.com\/wp-content\/uploads\/2025\/08\/5deceea9-1d0f-4cee-8226-462536a56cd9-1536x973.jpeg 1536w, https:\/\/www.xn--kprmedya-n4a6d.com\/wp-content\/uploads\/2025\/08\/5deceea9-1d0f-4cee-8226-462536a56cd9.jpeg 1600w\" sizes=\"auto, (max-width: 1024px) 100vw, 1024px\" \/><\/figure>\n","protected":false},"excerpt":{"rendered":"<p>Pazartesi g\u00fcn\u00fc g\u00f6rkemli bir a\u00e7\u0131l\u0131\u015fla hizmete girecek \u00d6zel O\u011fuz Anaokulu, bug\u00fcn Osmanl\u0131 Park\u0131\u2019nda d\u00fczenledi\u011fi etkinlikle vatanda\u015flarla bulu\u015ftu. \u0130l\u00e7emizde e\u011fitim alan\u0131nda yeni bir sayfa a\u00e7maya haz\u0131rlanan\u00a0\u00d6zel&hellip;<\/p>\n","protected":false},"author":1,"featured_media":4315,"comment_status":"open","ping_status":"open","sticky":false,"template":"","format":"standard","meta":{"advanced_seo_description":"","jetpack_seo_html_title":"","jetpack_seo_noindex":false,"_jetpack_memberships_contains_paid_content":false,"footnotes":"","jetpack_publicize_message":"","jetpack_publicize_feature_enabled":false,"jetpack_social_post_already_shared":false,"jetpack_social_options":{"image_generator_settings":{"template":"highway","default_image_id":0,"font":"","enabled":false},"version":2}},"categories":[8],"tags":[],"class_list":["post-4306","post","type-post","status-publish","format-standard","has-post-thumbnail","hentry","category-foto-galeri"],"jetpack_publicize_connections":[],"jetpack_featured_media_url":"https:\/\/www.xn--kprmedya-n4a6d.com\/wp-content\/uploads\/2025\/08\/\ud83d\udea8-SON-DAKIKA-Bu-Gece-OTV-Guncellemesi-Geliyor-Instagram-Gonderisi-33.png","jetpack_likes_enabled":true,"jetpack_sharing_enabled":true,"jetpack_shortlink":"https:\/\/wp.me\/pgAB3S-17s","_links":{"self":[{"href":"https:\/\/www.xn--kprmedya-n4a6d.com\/index.php\/wp-json\/wp\/v2\/posts\/4306","targetHints":{"allow":["GET"]}}],"collection":[{"href":"https:\/\/www.xn--kprmedya-n4a6d.com\/index.php\/wp-json\/wp\/v2\/posts"}],"about":[{"href":"https:\/\/www.xn--kprmedya-n4a6d.com\/index.php\/wp-json\/wp\/v2\/types\/post"}],"author":[{"embeddable":true,"href":"https:\/\/www.xn--kprmedya-n4a6d.com\/index.php\/wp-json\/wp\/v2\/users\/1"}],"replies":[{"embeddable":true,"href":"https:\/\/www.xn--kprmedya-n4a6d.com\/index.php\/wp-json\/wp\/v2\/comments?post=4306"}],"version-history":[{"count":1,"href":"https:\/\/www.xn--kprmedya-n4a6d.com\/index.php\/wp-json\/wp\/v2\/posts\/4306\/revisions"}],"predecessor-version":[{"id":4316,"href":"https:\/\/www.xn--kprmedya-n4a6d.com\/index.php\/wp-json\/wp\/v2\/posts\/4306\/revisions\/4316"}],"wp:featuredmedia":[{"embeddable":true,"href":"https:\/\/www.xn--kprmedya-n4a6d.com\/index.php\/wp-json\/wp\/v2\/media\/4315"}],"wp:attachment":[{"href":"https:\/\/www.xn--kprmedya-n4a6d.com\/index.php\/wp-json\/wp\/v2\/media?parent=4306"}],"wp:term":[{"taxonomy":"category","embeddable":true,"href":"https:\/\/www.xn--kprmedya-n4a6d.com\/index.php\/wp-json\/wp\/v2\/categories?post=4306"},{"taxonomy":"post_tag","embeddable":true,"href":"https:\/\/www.xn--kprmedya-n4a6d.com\/index.php\/wp-json\/wp\/v2\/tags?post=4306"}],"curies":[{"name":"wp","href":"https:\/\/api.w.org\/{rel}","templated":true}]}}