{"id":4711,"date":"2025-09-04T21:03:26","date_gmt":"2025-09-04T21:03:26","guid":{"rendered":"https:\/\/www.xn--kprmedya-n4a6d.com\/?p=4711"},"modified":"2025-09-04T21:03:28","modified_gmt":"2025-09-04T21:03:28","slug":"sampiyonluk-kupasi-loseve-umut-oldu","status":"publish","type":"post","link":"https:\/\/www.xn--kprmedya-n4a6d.com\/index.php\/2025\/09\/04\/sampiyonluk-kupasi-loseve-umut-oldu\/","title":{"rendered":"\u015eampiyonluk Kupas\u0131 L\u00d6SEV\u2019e Umut Oldu!\u00a0"},"content":{"rendered":"\n<p>Karacabey Belediyesi taraf\u0131ndan d\u00fczenlenen\u00a0<strong>\u201cKurumlar Aras\u0131 Voleybol Turnuvas\u0131\u201d<\/strong>\u00a0b\u00fcy\u00fck heyecana sahne oldu. Turnuvan\u0131n finalinde rakibini 3-0 ma\u011flup eden\u00a0<strong>Karacabey Bursasporlular Derne\u011fi<\/strong>, \u015fampiyonluk ipini g\u00f6\u011f\u00fcsledi.<\/p>\n\n\n\n<figure class=\"wp-block-image size-large\"><img loading=\"lazy\" decoding=\"async\" width=\"1024\" height=\"729\" src=\"https:\/\/www.xn--kprmedya-n4a6d.com\/wp-content\/uploads\/2025\/09\/IMG_5015-1024x729.jpeg\" alt=\"\" class=\"wp-image-4712\" srcset=\"https:\/\/www.xn--kprmedya-n4a6d.com\/wp-content\/uploads\/2025\/09\/IMG_5015-1024x729.jpeg 1024w, https:\/\/www.xn--kprmedya-n4a6d.com\/wp-content\/uploads\/2025\/09\/IMG_5015-300x214.jpeg 300w, https:\/\/www.xn--kprmedya-n4a6d.com\/wp-content\/uploads\/2025\/09\/IMG_5015-768x547.jpeg 768w, https:\/\/www.xn--kprmedya-n4a6d.com\/wp-content\/uploads\/2025\/09\/IMG_5015.jpeg 1125w\" sizes=\"auto, (max-width: 1024px) 100vw, 1024px\" \/><\/figure>\n\n\n\n<p>Final ma\u00e7\u0131n\u0131n ard\u0131ndan b\u00fcy\u00fck bir co\u015fkuyla kupalar\u0131n\u0131 kald\u0131ran ye\u015fil-beyazl\u0131 ekip, zaferi taraftarlar\u0131yla doyas\u0131ya kutlad\u0131.<\/p>\n\n\n\n<p>\u015eampiyon tak\u0131m, elde edilen kupa ve \u00f6d\u00fcllerini Karacabey Belediye Ba\u015fkan\u0131&nbsp;<strong>Fatih Karabat\u0131<\/strong>\u2019n\u0131n elinden ald\u0131. Ba\u015fkan Karabat\u0131, spora olan ilgilerinden ve m\u00fccadele ruhlar\u0131ndan dolay\u0131 Bursasporlular Derne\u011fi\u2019ni tebrik ederken, \u201cSpor, karde\u015flik ve birliktir. B\u00f6yle g\u00fczel organizasyonlarda yer almak Karacabey\u2019in de\u011ferine de\u011fer kat\u0131yor\u201d dedi.<\/p>\n\n\n\n<figure class=\"wp-block-image size-large\"><img loading=\"lazy\" decoding=\"async\" width=\"1024\" height=\"654\" src=\"https:\/\/www.xn--kprmedya-n4a6d.com\/wp-content\/uploads\/2025\/09\/IMG_5016-1024x654.jpeg\" alt=\"\" class=\"wp-image-4713\" srcset=\"https:\/\/www.xn--kprmedya-n4a6d.com\/wp-content\/uploads\/2025\/09\/IMG_5016-1024x654.jpeg 1024w, https:\/\/www.xn--kprmedya-n4a6d.com\/wp-content\/uploads\/2025\/09\/IMG_5016-300x191.jpeg 300w, https:\/\/www.xn--kprmedya-n4a6d.com\/wp-content\/uploads\/2025\/09\/IMG_5016-768x490.jpeg 768w, https:\/\/www.xn--kprmedya-n4a6d.com\/wp-content\/uploads\/2025\/09\/IMG_5016.jpeg 1125w\" sizes=\"auto, (max-width: 1024px) 100vw, 1024px\" \/><\/figure>\n\n\n\n<p>&nbsp;<strong>\u015eampiyonluk Kupas\u0131 L\u00f6sev\u2019e Umut Oldu<\/strong><\/p>\n\n\n\n<p>Karacabey Bursasporlular Derne\u011fi, turnuvadan kazand\u0131klar\u0131 \u00f6d\u00fcl\u00fc anlaml\u0131 bir davran\u0131\u015fla&nbsp;<strong>L\u00d6SEV\u2019e ba\u011f\u0131\u015flad\u0131<\/strong>. Dernek y\u00f6netimi, \u201cKazanmak kadar payla\u015fmak da \u00f6nemli. Bu \u015fampiyonluk kupas\u0131n\u0131n anlam\u0131n\u0131 \u00e7ocuklar\u0131m\u0131z\u0131n y\u00fcz\u00fcndeki g\u00fcl\u00fcmsemede g\u00f6rmek istedik\u201d ifadelerini kulland\u0131.<\/p>\n\n\n\n<figure class=\"wp-block-image size-large\"><img loading=\"lazy\" decoding=\"async\" width=\"1024\" height=\"975\" src=\"https:\/\/www.xn--kprmedya-n4a6d.com\/wp-content\/uploads\/2025\/09\/ADDF864F-56B1-44FF-8552-EA9F3FBE8887-1024x975.jpeg\" alt=\"\" class=\"wp-image-4714\" srcset=\"https:\/\/www.xn--kprmedya-n4a6d.com\/wp-content\/uploads\/2025\/09\/ADDF864F-56B1-44FF-8552-EA9F3FBE8887-1024x975.jpeg 1024w, https:\/\/www.xn--kprmedya-n4a6d.com\/wp-content\/uploads\/2025\/09\/ADDF864F-56B1-44FF-8552-EA9F3FBE8887-300x286.jpeg 300w, https:\/\/www.xn--kprmedya-n4a6d.com\/wp-content\/uploads\/2025\/09\/ADDF864F-56B1-44FF-8552-EA9F3FBE8887-768x731.jpeg 768w, https:\/\/www.xn--kprmedya-n4a6d.com\/wp-content\/uploads\/2025\/09\/ADDF864F-56B1-44FF-8552-EA9F3FBE8887.jpeg 1300w\" sizes=\"auto, (max-width: 1024px) 100vw, 1024px\" \/><\/figure>\n\n\n\n<p>Organizasyona emek verenlere te\u015fekk\u00fcr eden \u015fampiyon ekip, hem sahadaki m\u00fccadeleleri hem de sosyal sorumluluklar\u0131yla alk\u0131\u015f toplad\u0131.<\/p>\n\n\n\n<p>\ud83d\udccc&nbsp;<strong>Karacabey\u2019de voleybol \u015f\u00f6leni, Bursasporlular\u0131n kupayla ta\u00e7lanan co\u015fkusuyla tamamland\u0131.<\/strong><\/p>\n","protected":false},"excerpt":{"rendered":"<p>Karacabey Belediyesi taraf\u0131ndan d\u00fczenlenen\u00a0\u201cKurumlar Aras\u0131 Voleybol Turnuvas\u0131\u201d\u00a0b\u00fcy\u00fck heyecana sahne oldu. Turnuvan\u0131n finalinde rakibini 3-0 ma\u011flup eden\u00a0Karacabey Bursasporlular Derne\u011fi, \u015fampiyonluk ipini g\u00f6\u011f\u00fcsledi. Final ma\u00e7\u0131n\u0131n ard\u0131ndan b\u00fcy\u00fck&hellip;<\/p>\n","protected":false},"author":1,"featured_media":4715,"comment_status":"open","ping_status":"open","sticky":false,"template":"","format":"standard","meta":{"advanced_seo_description":"","jetpack_seo_html_title":"","jetpack_seo_noindex":false,"_jetpack_memberships_contains_paid_content":false,"footnotes":"","jetpack_publicize_message":"","jetpack_publicize_feature_enabled":false,"jetpack_social_post_already_shared":false,"jetpack_social_options":{"image_generator_settings":{"template":"highway","default_image_id":0,"font":"","enabled":false},"version":2}},"categories":[8],"tags":[],"class_list":["post-4711","post","type-post","status-publish","format-standard","has-post-thumbnail","hentry","category-foto-galeri"],"jetpack_publicize_connections":[],"jetpack_featured_media_url":"https:\/\/www.xn--kprmedya-n4a6d.com\/wp-content\/uploads\/2025\/09\/IMG_5041.jpeg","jetpack_likes_enabled":true,"jetpack_sharing_enabled":true,"jetpack_shortlink":"https:\/\/wp.me\/pgAB3S-1dZ","_links":{"self":[{"href":"https:\/\/www.xn--kprmedya-n4a6d.com\/index.php\/wp-json\/wp\/v2\/posts\/4711","targetHints":{"allow":["GET"]}}],"collection":[{"href":"https:\/\/www.xn--kprmedya-n4a6d.com\/index.php\/wp-json\/wp\/v2\/posts"}],"about":[{"href":"https:\/\/www.xn--kprmedya-n4a6d.com\/index.php\/wp-json\/wp\/v2\/types\/post"}],"author":[{"embeddable":true,"href":"https:\/\/www.xn--kprmedya-n4a6d.com\/index.php\/wp-json\/wp\/v2\/users\/1"}],"replies":[{"embeddable":true,"href":"https:\/\/www.xn--kprmedya-n4a6d.com\/index.php\/wp-json\/wp\/v2\/comments?post=4711"}],"version-history":[{"count":1,"href":"https:\/\/www.xn--kprmedya-n4a6d.com\/index.php\/wp-json\/wp\/v2\/posts\/4711\/revisions"}],"predecessor-version":[{"id":4716,"href":"https:\/\/www.xn--kprmedya-n4a6d.com\/index.php\/wp-json\/wp\/v2\/posts\/4711\/revisions\/4716"}],"wp:featuredmedia":[{"embeddable":true,"href":"https:\/\/www.xn--kprmedya-n4a6d.com\/index.php\/wp-json\/wp\/v2\/media\/4715"}],"wp:attachment":[{"href":"https:\/\/www.xn--kprmedya-n4a6d.com\/index.php\/wp-json\/wp\/v2\/media?parent=4711"}],"wp:term":[{"taxonomy":"category","embeddable":true,"href":"https:\/\/www.xn--kprmedya-n4a6d.com\/index.php\/wp-json\/wp\/v2\/categories?post=4711"},{"taxonomy":"post_tag","embeddable":true,"href":"https:\/\/www.xn--kprmedya-n4a6d.com\/index.php\/wp-json\/wp\/v2\/tags?post=4711"}],"curies":[{"name":"wp","href":"https:\/\/api.w.org\/{rel}","templated":true}]}}