{"id":4917,"date":"2025-09-13T17:35:11","date_gmt":"2025-09-13T17:35:11","guid":{"rendered":"https:\/\/www.xn--kprmedya-n4a6d.com\/?p=4917"},"modified":"2025-09-14T12:57:40","modified_gmt":"2025-09-14T12:57:40","slug":"ak-partiden-kurtulus-gunu-mesaji","status":"publish","type":"post","link":"https:\/\/www.xn--kprmedya-n4a6d.com\/index.php\/2025\/09\/13\/ak-partiden-kurtulus-gunu-mesaji\/","title":{"rendered":"AK Parti\u2019den Kurtulu\u015f G\u00fcn\u00fc Mesaj\u0131"},"content":{"rendered":"\n<p>AK Parti Mustafakemalpa\u015fa \u0130l\u00e7e Ba\u015fkan\u0131 Mutlu Turgut, il\u00e7enin d\u00fc\u015fman i\u015fgalinden kurtulu\u015funun y\u0131l d\u00f6n\u00fcm\u00fc dolay\u0131s\u0131yla bir mesaj yay\u0131mlad\u0131.<\/p>\n\n\n\n<p>Ba\u015fkan Turgut a\u00e7\u0131klamas\u0131nda, Mustafakemalpa\u015fa\u2019n\u0131n kurtulu\u015funun milletin inan\u00e7 ve cesaretle yazd\u0131\u011f\u0131 bir destan oldu\u011funu vurgulad\u0131. Turgut, \u201cBu zafer; T\u00fcrk milletinin esareti asla kabul etmeyece\u011finin, vatan\u0131 ve bayra\u011f\u0131 u\u011fruna her t\u00fcrl\u00fc fedak\u00e2rl\u0131\u011f\u0131 g\u00f6ze alaca\u011f\u0131n\u0131n en b\u00fcy\u00fck ispat\u0131d\u0131r\u201d dedi.<\/p>\n\n\n\n<p>Birlik ve beraberlik vurgusu yapan Turgut, \u201cCumhurba\u015fkan\u0131m\u0131z Say\u0131n Recep Tayyip Erdo\u011fan\u2019\u0131n da ifade etti\u011fi gibi, bu milletin en b\u00fcy\u00fck g\u00fcc\u00fc, birlik ve beraberli\u011fidir. Bizler de bu \u015fuurla T\u00fcrkiye Y\u00fczy\u0131l\u0131 vizyonunu il\u00e7emizde ve \u00fclkemizde hayata ge\u00e7irmek i\u00e7in kararl\u0131l\u0131kla \u00e7al\u0131\u015fmaya devam edece\u011fiz\u201d ifadelerini kulland\u0131.<\/p>\n\n\n\n<p>Mesaj\u0131nda \u015fehit ve gazileri de anan Ba\u015fkan Turgut, \u201cBa\u015fta Gazi Mustafa Kemal Atat\u00fcrk olmak \u00fczere, kurtulu\u015f m\u00fccadelemizin t\u00fcm kahramanlar\u0131n\u0131, aziz \u015fehitlerimizi rahmetle, gazilerimizi minnet ve \u015f\u00fckranla an\u0131yor; t\u00fcm hem\u015fehrilerimin kurtulu\u015f g\u00fcn\u00fcn\u00fc y\u00fcrekten kutluyorum\u201d s\u00f6zlerine yer verdi.<\/p>\n\n\n\n<figure class=\"wp-block-image size-large\"><img loading=\"lazy\" decoding=\"async\" width=\"1024\" height=\"585\" src=\"https:\/\/www.xn--kprmedya-n4a6d.com\/wp-content\/uploads\/2025\/09\/\ud83d\udea8-SON-DAKIKA-Bu-Gece-OTV-Guncellemesi-Geliyor-Etiket-ABD-1-1024x585.jpg\" alt=\"\" class=\"wp-image-4946\" srcset=\"https:\/\/www.xn--kprmedya-n4a6d.com\/wp-content\/uploads\/2025\/09\/\ud83d\udea8-SON-DAKIKA-Bu-Gece-OTV-Guncellemesi-Geliyor-Etiket-ABD-1-1024x585.jpg 1024w, https:\/\/www.xn--kprmedya-n4a6d.com\/wp-content\/uploads\/2025\/09\/\ud83d\udea8-SON-DAKIKA-Bu-Gece-OTV-Guncellemesi-Geliyor-Etiket-ABD-1-300x171.jpg 300w, https:\/\/www.xn--kprmedya-n4a6d.com\/wp-content\/uploads\/2025\/09\/\ud83d\udea8-SON-DAKIKA-Bu-Gece-OTV-Guncellemesi-Geliyor-Etiket-ABD-1-768x439.jpg 768w, https:\/\/www.xn--kprmedya-n4a6d.com\/wp-content\/uploads\/2025\/09\/\ud83d\udea8-SON-DAKIKA-Bu-Gece-OTV-Guncellemesi-Geliyor-Etiket-ABD-1-1536x878.jpg 1536w, https:\/\/www.xn--kprmedya-n4a6d.com\/wp-content\/uploads\/2025\/09\/\ud83d\udea8-SON-DAKIKA-Bu-Gece-OTV-Guncellemesi-Geliyor-Etiket-ABD-1-2048x1170.jpg 2048w\" sizes=\"auto, (max-width: 1024px) 100vw, 1024px\" \/><\/figure>\n","protected":false},"excerpt":{"rendered":"<p>AK Parti Mustafakemalpa\u015fa \u0130l\u00e7e Ba\u015fkan\u0131 Mutlu Turgut, il\u00e7enin d\u00fc\u015fman i\u015fgalinden kurtulu\u015funun y\u0131l d\u00f6n\u00fcm\u00fc dolay\u0131s\u0131yla bir mesaj yay\u0131mlad\u0131. Ba\u015fkan Turgut a\u00e7\u0131klamas\u0131nda, Mustafakemalpa\u015fa\u2019n\u0131n kurtulu\u015funun milletin inan\u00e7 ve&hellip;<\/p>\n","protected":false},"author":1,"featured_media":4918,"comment_status":"open","ping_status":"open","sticky":false,"template":"","format":"standard","meta":{"advanced_seo_description":"","jetpack_seo_html_title":"","jetpack_seo_noindex":false,"_jetpack_memberships_contains_paid_content":false,"footnotes":"","jetpack_publicize_message":"","jetpack_publicize_feature_enabled":false,"jetpack_social_post_already_shared":false,"jetpack_social_options":{"image_generator_settings":{"template":"highway","default_image_id":0,"font":"","enabled":false},"version":2}},"categories":[8],"tags":[],"class_list":["post-4917","post","type-post","status-publish","format-standard","has-post-thumbnail","hentry","category-foto-galeri"],"jetpack_publicize_connections":[],"jetpack_featured_media_url":"https:\/\/www.xn--kprmedya-n4a6d.com\/wp-content\/uploads\/2025\/09\/\ud83d\udea8-SON-DAKIKA-Bu-Gece-OTV-Guncellemesi-Geliyor-Instagram-Gonderisi-12.png","jetpack_likes_enabled":true,"jetpack_sharing_enabled":true,"jetpack_shortlink":"https:\/\/wp.me\/pgAB3S-1hj","_links":{"self":[{"href":"https:\/\/www.xn--kprmedya-n4a6d.com\/index.php\/wp-json\/wp\/v2\/posts\/4917","targetHints":{"allow":["GET"]}}],"collection":[{"href":"https:\/\/www.xn--kprmedya-n4a6d.com\/index.php\/wp-json\/wp\/v2\/posts"}],"about":[{"href":"https:\/\/www.xn--kprmedya-n4a6d.com\/index.php\/wp-json\/wp\/v2\/types\/post"}],"author":[{"embeddable":true,"href":"https:\/\/www.xn--kprmedya-n4a6d.com\/index.php\/wp-json\/wp\/v2\/users\/1"}],"replies":[{"embeddable":true,"href":"https:\/\/www.xn--kprmedya-n4a6d.com\/index.php\/wp-json\/wp\/v2\/comments?post=4917"}],"version-history":[{"count":2,"href":"https:\/\/www.xn--kprmedya-n4a6d.com\/index.php\/wp-json\/wp\/v2\/posts\/4917\/revisions"}],"predecessor-version":[{"id":4947,"href":"https:\/\/www.xn--kprmedya-n4a6d.com\/index.php\/wp-json\/wp\/v2\/posts\/4917\/revisions\/4947"}],"wp:featuredmedia":[{"embeddable":true,"href":"https:\/\/www.xn--kprmedya-n4a6d.com\/index.php\/wp-json\/wp\/v2\/media\/4918"}],"wp:attachment":[{"href":"https:\/\/www.xn--kprmedya-n4a6d.com\/index.php\/wp-json\/wp\/v2\/media?parent=4917"}],"wp:term":[{"taxonomy":"category","embeddable":true,"href":"https:\/\/www.xn--kprmedya-n4a6d.com\/index.php\/wp-json\/wp\/v2\/categories?post=4917"},{"taxonomy":"post_tag","embeddable":true,"href":"https:\/\/www.xn--kprmedya-n4a6d.com\/index.php\/wp-json\/wp\/v2\/tags?post=4917"}],"curies":[{"name":"wp","href":"https:\/\/api.w.org\/{rel}","templated":true}]}}