{"id":4923,"date":"2025-09-13T20:33:48","date_gmt":"2025-09-13T20:33:48","guid":{"rendered":"https:\/\/www.xn--kprmedya-n4a6d.com\/?p=4923"},"modified":"2025-09-13T20:33:50","modified_gmt":"2025-09-13T20:33:50","slug":"bozkurtlar-eskisehirde-bulustu","status":"publish","type":"post","link":"https:\/\/www.xn--kprmedya-n4a6d.com\/index.php\/2025\/09\/13\/bozkurtlar-eskisehirde-bulustu\/","title":{"rendered":"Bozkurtlar Eski\u015fehir\u2019de Bulu\u015ftu"},"content":{"rendered":"\n<p>Milliyet\u00e7i Hareket Partisi\u2019nin Genel Ba\u015fkan Devlet Bah\u00e7eli\u2019nin talimat\u0131yla ba\u015flatt\u0131\u011f\u0131&nbsp;<strong>\u201cAs\u0131rl\u0131k Birlik, Sonsuz Karde\u015flik \u2013 Ter\u00f6rs\u00fcz T\u00fcrkiye \u0130\u00e7in Milli Birlik ve Dayan\u0131\u015fma Bulu\u015fmalar\u0131\u201d<\/strong>&nbsp;program\u0131n\u0131n be\u015fincisi Eski\u015fehir\u2019de d\u00fczenlendi.<\/p>\n\n\n\n<figure class=\"wp-block-image size-large\"><img loading=\"lazy\" decoding=\"async\" width=\"1024\" height=\"768\" src=\"https:\/\/www.xn--kprmedya-n4a6d.com\/wp-content\/uploads\/2025\/09\/IMG_5386-1024x768.jpeg\" alt=\"\" class=\"wp-image-4924\" srcset=\"https:\/\/www.xn--kprmedya-n4a6d.com\/wp-content\/uploads\/2025\/09\/IMG_5386-1024x768.jpeg 1024w, https:\/\/www.xn--kprmedya-n4a6d.com\/wp-content\/uploads\/2025\/09\/IMG_5386-300x225.jpeg 300w, https:\/\/www.xn--kprmedya-n4a6d.com\/wp-content\/uploads\/2025\/09\/IMG_5386-768x576.jpeg 768w, https:\/\/www.xn--kprmedya-n4a6d.com\/wp-content\/uploads\/2025\/09\/IMG_5386-1536x1152.jpeg 1536w, https:\/\/www.xn--kprmedya-n4a6d.com\/wp-content\/uploads\/2025\/09\/IMG_5386.jpeg 1600w\" sizes=\"auto, (max-width: 1024px) 100vw, 1024px\" \/><\/figure>\n\n\n\n<p>Vehbi Ko\u00e7 Kongre Merkezi\u2019nde ger\u00e7ekle\u015ftirilen bulu\u015fmaya, MHP Mustafakemalpa\u015fa \u0130l\u00e7e Te\u015fkilat\u0131 da g\u00fc\u00e7l\u00fc bir kat\u0131l\u0131m g\u00f6sterdi. \u0130l\u00e7e Ba\u015fkan\u0131\u00a0<strong>Suat Buldu<\/strong>, Belediye Meclis \u00dcyesi\u00a0<strong>Sava\u015f Ko\u00e7<\/strong>\u00a0ile y\u00f6netim kurulu \u00fcyeleri\u00a0<strong>\u015eerif K\u00f6se<\/strong>\u00a0ve\u00a0<strong>Cerem Turna<\/strong>, Eski\u015fehir\u2019deki toplant\u0131da haz\u0131r bulundu.<\/p>\n\n\n\n<figure class=\"wp-block-image size-large\"><img loading=\"lazy\" decoding=\"async\" width=\"1024\" height=\"678\" src=\"https:\/\/www.xn--kprmedya-n4a6d.com\/wp-content\/uploads\/2025\/09\/IMG_5388-1-1024x678.jpeg\" alt=\"\" class=\"wp-image-4927\" srcset=\"https:\/\/www.xn--kprmedya-n4a6d.com\/wp-content\/uploads\/2025\/09\/IMG_5388-1-1024x678.jpeg 1024w, https:\/\/www.xn--kprmedya-n4a6d.com\/wp-content\/uploads\/2025\/09\/IMG_5388-1-300x199.jpeg 300w, https:\/\/www.xn--kprmedya-n4a6d.com\/wp-content\/uploads\/2025\/09\/IMG_5388-1-768x508.jpeg 768w, https:\/\/www.xn--kprmedya-n4a6d.com\/wp-content\/uploads\/2025\/09\/IMG_5388-1-1536x1017.jpeg 1536w, https:\/\/www.xn--kprmedya-n4a6d.com\/wp-content\/uploads\/2025\/09\/IMG_5388-1.jpeg 1600w\" sizes=\"auto, (max-width: 1024px) 100vw, 1024px\" \/><\/figure>\n\n\n\n<p>Etkinlikte, \u201cTer\u00f6rs\u00fcz T\u00fcrkiye\u201d vurgusu \u00f6ne \u00e7\u0131karken, milli birlik ve beraberlik mesajlar\u0131 kat\u0131l\u0131mc\u0131lar taraf\u0131ndan s\u0131k s\u0131k dile getirildi. MHP Mustafakemalpa\u015fa heyeti de toplant\u0131da il\u00e7emiz ad\u0131na karde\u015flik, dayan\u0131\u015fma ve huzur \u00e7a\u011fr\u0131lar\u0131n\u0131 yineledi.<\/p>\n\n\n\n<figure class=\"wp-block-image size-large\"><img loading=\"lazy\" decoding=\"async\" width=\"1024\" height=\"768\" src=\"https:\/\/www.xn--kprmedya-n4a6d.com\/wp-content\/uploads\/2025\/09\/IMG_5387-1024x768.jpeg\" alt=\"\" class=\"wp-image-4926\" srcset=\"https:\/\/www.xn--kprmedya-n4a6d.com\/wp-content\/uploads\/2025\/09\/IMG_5387-1024x768.jpeg 1024w, https:\/\/www.xn--kprmedya-n4a6d.com\/wp-content\/uploads\/2025\/09\/IMG_5387-300x225.jpeg 300w, https:\/\/www.xn--kprmedya-n4a6d.com\/wp-content\/uploads\/2025\/09\/IMG_5387-768x576.jpeg 768w, https:\/\/www.xn--kprmedya-n4a6d.com\/wp-content\/uploads\/2025\/09\/IMG_5387-1536x1152.jpeg 1536w, https:\/\/www.xn--kprmedya-n4a6d.com\/wp-content\/uploads\/2025\/09\/IMG_5387.jpeg 2048w\" sizes=\"auto, (max-width: 1024px) 100vw, 1024px\" \/><\/figure>\n\n\n\n<p>\u0130l\u00e7e Ba\u015fkan\u0131\u00a0<strong>Suat Buldu<\/strong>, yapt\u0131\u011f\u0131 de\u011ferlendirmede, bu t\u00fcr bulu\u015fmalar\u0131n \u00fclkenin d\u00f6rt bir yan\u0131nda mill\u00ee ruhu peki\u015ftirdi\u011fini belirterek, \u201cMustafakemalpa\u015fa olarak birlik ve beraberli\u011fimizden taviz vermeden, milletimizin huzuru i\u00e7in m\u00fccadele etmeye devam edece\u011fiz\u201d mesaj\u0131n\u0131 verdi.<\/p>\n","protected":false},"excerpt":{"rendered":"<p>Milliyet\u00e7i Hareket Partisi\u2019nin Genel Ba\u015fkan Devlet Bah\u00e7eli\u2019nin talimat\u0131yla ba\u015flatt\u0131\u011f\u0131&nbsp;\u201cAs\u0131rl\u0131k Birlik, Sonsuz Karde\u015flik \u2013 Ter\u00f6rs\u00fcz T\u00fcrkiye \u0130\u00e7in Milli Birlik ve Dayan\u0131\u015fma Bulu\u015fmalar\u0131\u201d&nbsp;program\u0131n\u0131n be\u015fincisi Eski\u015fehir\u2019de d\u00fczenlendi. Vehbi&hellip;<\/p>\n","protected":false},"author":1,"featured_media":4928,"comment_status":"open","ping_status":"open","sticky":false,"template":"","format":"standard","meta":{"advanced_seo_description":"","jetpack_seo_html_title":"","jetpack_seo_noindex":false,"_jetpack_memberships_contains_paid_content":false,"footnotes":"","jetpack_publicize_message":"","jetpack_publicize_feature_enabled":false,"jetpack_social_post_already_shared":false,"jetpack_social_options":{"image_generator_settings":{"template":"highway","default_image_id":0,"font":"","enabled":false},"version":2}},"categories":[8],"tags":[],"class_list":["post-4923","post","type-post","status-publish","format-standard","has-post-thumbnail","hentry","category-foto-galeri"],"jetpack_publicize_connections":[],"jetpack_featured_media_url":"https:\/\/www.xn--kprmedya-n4a6d.com\/wp-content\/uploads\/2025\/09\/IMG_5384.jpeg","jetpack_likes_enabled":true,"jetpack_sharing_enabled":true,"jetpack_shortlink":"https:\/\/wp.me\/pgAB3S-1hp","_links":{"self":[{"href":"https:\/\/www.xn--kprmedya-n4a6d.com\/index.php\/wp-json\/wp\/v2\/posts\/4923","targetHints":{"allow":["GET"]}}],"collection":[{"href":"https:\/\/www.xn--kprmedya-n4a6d.com\/index.php\/wp-json\/wp\/v2\/posts"}],"about":[{"href":"https:\/\/www.xn--kprmedya-n4a6d.com\/index.php\/wp-json\/wp\/v2\/types\/post"}],"author":[{"embeddable":true,"href":"https:\/\/www.xn--kprmedya-n4a6d.com\/index.php\/wp-json\/wp\/v2\/users\/1"}],"replies":[{"embeddable":true,"href":"https:\/\/www.xn--kprmedya-n4a6d.com\/index.php\/wp-json\/wp\/v2\/comments?post=4923"}],"version-history":[{"count":1,"href":"https:\/\/www.xn--kprmedya-n4a6d.com\/index.php\/wp-json\/wp\/v2\/posts\/4923\/revisions"}],"predecessor-version":[{"id":4929,"href":"https:\/\/www.xn--kprmedya-n4a6d.com\/index.php\/wp-json\/wp\/v2\/posts\/4923\/revisions\/4929"}],"wp:featuredmedia":[{"embeddable":true,"href":"https:\/\/www.xn--kprmedya-n4a6d.com\/index.php\/wp-json\/wp\/v2\/media\/4928"}],"wp:attachment":[{"href":"https:\/\/www.xn--kprmedya-n4a6d.com\/index.php\/wp-json\/wp\/v2\/media?parent=4923"}],"wp:term":[{"taxonomy":"category","embeddable":true,"href":"https:\/\/www.xn--kprmedya-n4a6d.com\/index.php\/wp-json\/wp\/v2\/categories?post=4923"},{"taxonomy":"post_tag","embeddable":true,"href":"https:\/\/www.xn--kprmedya-n4a6d.com\/index.php\/wp-json\/wp\/v2\/tags?post=4923"}],"curies":[{"name":"wp","href":"https:\/\/api.w.org\/{rel}","templated":true}]}}