{"id":5452,"date":"2025-10-10T12:51:30","date_gmt":"2025-10-10T12:51:30","guid":{"rendered":"https:\/\/www.xn--kprmedya-n4a6d.com\/?p=5452"},"modified":"2025-10-10T12:52:38","modified_gmt":"2025-10-10T12:52:38","slug":"vatan-sevdalilari-platformundan-sut-ureticisine-destek-etkinligi","status":"publish","type":"post","link":"https:\/\/www.xn--kprmedya-n4a6d.com\/index.php\/2025\/10\/10\/vatan-sevdalilari-platformundan-sut-ureticisine-destek-etkinligi\/","title":{"rendered":"Vatan Sevdal\u0131lar\u0131 Platformu\u2019ndan S\u00fct \u00dcreticisine Destek Etkinli\u011fi"},"content":{"rendered":"\n<p>Vatan Sevdal\u0131lar\u0131 Platformu, s\u00fct \u00fcreticilerine destek olmak ve toplumda fark\u0131ndal\u0131k olu\u015fturmak amac\u0131yla anlaml\u0131 bir etkinlik d\u00fczenliyor.<\/p>\n\n\n\n<figure class=\"wp-block-image size-large\"><img loading=\"lazy\" decoding=\"async\" width=\"1024\" height=\"578\" src=\"https:\/\/www.xn--kprmedya-n4a6d.com\/wp-content\/uploads\/2025\/10\/IMG_6702-1024x578.jpeg\" alt=\"\" class=\"wp-image-5453\" srcset=\"https:\/\/www.xn--kprmedya-n4a6d.com\/wp-content\/uploads\/2025\/10\/IMG_6702-1024x578.jpeg 1024w, https:\/\/www.xn--kprmedya-n4a6d.com\/wp-content\/uploads\/2025\/10\/IMG_6702-300x169.jpeg 300w, https:\/\/www.xn--kprmedya-n4a6d.com\/wp-content\/uploads\/2025\/10\/IMG_6702-768x433.jpeg 768w, https:\/\/www.xn--kprmedya-n4a6d.com\/wp-content\/uploads\/2025\/10\/IMG_6702-1536x866.jpeg 1536w, https:\/\/www.xn--kprmedya-n4a6d.com\/wp-content\/uploads\/2025\/10\/IMG_6702.jpeg 2000w\" sizes=\"auto, (max-width: 1024px) 100vw, 1024px\" \/><\/figure>\n\n\n\n<p>Platform \u00fcyeleri,&nbsp;<strong>pazar sabah\u0131 Bursa \u00dcftade Hazretleri Camii\u2019nde<\/strong>&nbsp;sabah namaz\u0131n\u0131n ard\u0131ndan vatanda\u015flara&nbsp;<strong>s\u00fct ve po\u011fa\u00e7a ikram\u0131nda<\/strong>&nbsp;bulunacak.<\/p>\n\n\n\n<figure class=\"wp-block-image size-full\"><img loading=\"lazy\" decoding=\"async\" width=\"720\" height=\"960\" src=\"https:\/\/www.xn--kprmedya-n4a6d.com\/wp-content\/uploads\/2025\/10\/IMG_6703.jpeg\" alt=\"\" class=\"wp-image-5454\" srcset=\"https:\/\/www.xn--kprmedya-n4a6d.com\/wp-content\/uploads\/2025\/10\/IMG_6703.jpeg 720w, https:\/\/www.xn--kprmedya-n4a6d.com\/wp-content\/uploads\/2025\/10\/IMG_6703-225x300.jpeg 225w\" sizes=\"auto, (max-width: 720px) 100vw, 720px\" \/><\/figure>\n\n\n\n<p>Dayan\u0131\u015fma ve \u00fcreticinin eme\u011fine sayg\u0131 temas\u0131yla ger\u00e7ekle\u015ftirilecek etkinlikte, yerel \u00fcretimin \u00f6nemine dikkat \u00e7ekilecek. Platform yetkilileri, \u201cBir pazar sabah\u0131 herkesi bu g\u00fczel payla\u015f\u0131m\u0131n par\u00e7as\u0131 olmaya davet ediyoruz\u201d diyerek t\u00fcm Bursal\u0131lar\u0131 davet etti. \ud83e\udd5b\ud83c\uddf9\ud83c\uddf7<\/p>\n\n\n\n<figure class=\"wp-block-image size-large\"><img loading=\"lazy\" decoding=\"async\" width=\"768\" height=\"1024\" src=\"https:\/\/www.xn--kprmedya-n4a6d.com\/wp-content\/uploads\/2025\/10\/IMG_6704-768x1024.jpeg\" alt=\"\" class=\"wp-image-5455\" srcset=\"https:\/\/www.xn--kprmedya-n4a6d.com\/wp-content\/uploads\/2025\/10\/IMG_6704-768x1024.jpeg 768w, https:\/\/www.xn--kprmedya-n4a6d.com\/wp-content\/uploads\/2025\/10\/IMG_6704-225x300.jpeg 225w, https:\/\/www.xn--kprmedya-n4a6d.com\/wp-content\/uploads\/2025\/10\/IMG_6704-1152x1536.jpeg 1152w, https:\/\/www.xn--kprmedya-n4a6d.com\/wp-content\/uploads\/2025\/10\/IMG_6704.jpeg 1536w\" sizes=\"auto, (max-width: 768px) 100vw, 768px\" \/><\/figure>\n","protected":false},"excerpt":{"rendered":"<p>Vatan Sevdal\u0131lar\u0131 Platformu, s\u00fct \u00fcreticilerine destek olmak ve toplumda fark\u0131ndal\u0131k olu\u015fturmak amac\u0131yla anlaml\u0131 bir etkinlik d\u00fczenliyor. Platform \u00fcyeleri,&nbsp;pazar sabah\u0131 Bursa \u00dcftade Hazretleri Camii\u2019nde&nbsp;sabah namaz\u0131n\u0131n ard\u0131ndan&hellip;<\/p>\n","protected":false},"author":1,"featured_media":5456,"comment_status":"open","ping_status":"open","sticky":false,"template":"","format":"standard","meta":{"advanced_seo_description":"","jetpack_seo_html_title":"","jetpack_seo_noindex":false,"_jetpack_memberships_contains_paid_content":false,"footnotes":"","jetpack_publicize_message":"","jetpack_publicize_feature_enabled":false,"jetpack_social_post_already_shared":false,"jetpack_social_options":{"image_generator_settings":{"template":"highway","default_image_id":0,"font":"","enabled":false},"version":2}},"categories":[8],"tags":[],"class_list":["post-5452","post","type-post","status-publish","format-standard","has-post-thumbnail","hentry","category-foto-galeri"],"jetpack_publicize_connections":[],"jetpack_featured_media_url":"https:\/\/www.xn--kprmedya-n4a6d.com\/wp-content\/uploads\/2025\/10\/IMG_6701.jpeg","jetpack_likes_enabled":true,"jetpack_sharing_enabled":true,"jetpack_shortlink":"https:\/\/wp.me\/pgAB3S-1pW","_links":{"self":[{"href":"https:\/\/www.xn--kprmedya-n4a6d.com\/index.php\/wp-json\/wp\/v2\/posts\/5452","targetHints":{"allow":["GET"]}}],"collection":[{"href":"https:\/\/www.xn--kprmedya-n4a6d.com\/index.php\/wp-json\/wp\/v2\/posts"}],"about":[{"href":"https:\/\/www.xn--kprmedya-n4a6d.com\/index.php\/wp-json\/wp\/v2\/types\/post"}],"author":[{"embeddable":true,"href":"https:\/\/www.xn--kprmedya-n4a6d.com\/index.php\/wp-json\/wp\/v2\/users\/1"}],"replies":[{"embeddable":true,"href":"https:\/\/www.xn--kprmedya-n4a6d.com\/index.php\/wp-json\/wp\/v2\/comments?post=5452"}],"version-history":[{"count":2,"href":"https:\/\/www.xn--kprmedya-n4a6d.com\/index.php\/wp-json\/wp\/v2\/posts\/5452\/revisions"}],"predecessor-version":[{"id":5459,"href":"https:\/\/www.xn--kprmedya-n4a6d.com\/index.php\/wp-json\/wp\/v2\/posts\/5452\/revisions\/5459"}],"wp:featuredmedia":[{"embeddable":true,"href":"https:\/\/www.xn--kprmedya-n4a6d.com\/index.php\/wp-json\/wp\/v2\/media\/5456"}],"wp:attachment":[{"href":"https:\/\/www.xn--kprmedya-n4a6d.com\/index.php\/wp-json\/wp\/v2\/media?parent=5452"}],"wp:term":[{"taxonomy":"category","embeddable":true,"href":"https:\/\/www.xn--kprmedya-n4a6d.com\/index.php\/wp-json\/wp\/v2\/categories?post=5452"},{"taxonomy":"post_tag","embeddable":true,"href":"https:\/\/www.xn--kprmedya-n4a6d.com\/index.php\/wp-json\/wp\/v2\/tags?post=5452"}],"curies":[{"name":"wp","href":"https:\/\/api.w.org\/{rel}","templated":true}]}}