{"id":7492,"date":"2026-03-03T14:18:19","date_gmt":"2026-03-03T14:18:19","guid":{"rendered":"https:\/\/www.xn--kprmedya-n4a6d.com\/?p=7492"},"modified":"2026-03-03T14:20:15","modified_gmt":"2026-03-03T14:20:15","slug":"bursa-caddesinde-calisma-siyasette-gerilim","status":"publish","type":"post","link":"https:\/\/www.xn--kprmedya-n4a6d.com\/index.php\/2026\/03\/03\/bursa-caddesinde-calisma-siyasette-gerilim\/","title":{"rendered":"BURSA CADDES\u0130\u2019NDE \u00c7ALI\u015eMA, S\u0130YASETTE GER\u0130L\u0130M"},"content":{"rendered":"\n<figure class=\"wp-block-image size-large\"><img loading=\"lazy\" decoding=\"async\" width=\"1024\" height=\"237\" src=\"https:\/\/www.xn--kprmedya-n4a6d.com\/wp-content\/uploads\/2026\/03\/IMG_5300-3-1024x237.jpeg\" alt=\"\" class=\"wp-image-7493\" srcset=\"https:\/\/www.xn--kprmedya-n4a6d.com\/wp-content\/uploads\/2026\/03\/IMG_5300-3-1024x237.jpeg 1024w, https:\/\/www.xn--kprmedya-n4a6d.com\/wp-content\/uploads\/2026\/03\/IMG_5300-3-300x70.jpeg 300w, https:\/\/www.xn--kprmedya-n4a6d.com\/wp-content\/uploads\/2026\/03\/IMG_5300-3-768x178.jpeg 768w, https:\/\/www.xn--kprmedya-n4a6d.com\/wp-content\/uploads\/2026\/03\/IMG_5300-3.jpeg 1200w\" sizes=\"auto, (max-width: 1024px) 100vw, 1024px\" \/><\/figure>\n\n\n\n<p>Mustafakemalpa\u015fa\u2019da Bursa Caddesi\u2019nde biten altyap\u0131 ve devam eden \u00fcstyap\u0131 \u00e7al\u0131\u015fmalar\u0131, il\u00e7ede sadece yol de\u011fil, siyasi g\u00fcndemi de hareketlendirdi. Belediye Ba\u015fkan\u0131 \u015e\u00fckr\u00fc Erdem\u2019in sahada yapt\u0131\u011f\u0131 inceleme ve ard\u0131ndan gelen payla\u015f\u0131m, \u00f6nceki d\u00f6nem Belediye Ba\u015fkan\u0131 Mehmet Kanar\u2019\u0131n sert a\u00e7\u0131klamalar\u0131yla yeni bir polemi\u011fin kap\u0131s\u0131n\u0131 aralad\u0131.<\/p>\n\n\n\n<p>ERDEM: \u201cYILLARDIR ERTELENEN NOKTAYA NE\u015eTER VURDUK\u201d<\/p>\n\n\n\n<p>Bursa Caddesi\u2019nde y\u00fcr\u00fct\u00fclen \u00e7al\u0131\u015fmalar hakk\u0131nda bilgi veren Ba\u015fkan Erdem, kald\u0131r\u0131mlar\u0131n alt beton imalat\u0131na k\u0131sa s\u00fcre i\u00e7inde ba\u015flanaca\u011f\u0131n\u0131, \u00f6ncelikle bord\u00fcrlerin d\u00f6\u015fenece\u011fini, ard\u0131ndan parke ta\u015f uygulamas\u0131na ge\u00e7ilece\u011fini duyurdu.<\/p>\n\n\n\n<p>Asfalt\u0131n uzun \u00f6m\u00fcrl\u00fc olmas\u0131 i\u00e7in alt temel haz\u0131rl\u0131\u011f\u0131n\u0131n titizlikle s\u00fcrd\u00fcr\u00fcld\u00fc\u011f\u00fcn\u00fc belirten Erdem, g\u00f6\u00e7me riskini ortadan kald\u0131rmak amac\u0131yla betonlama s\u00fcrecinin tamamlanmas\u0131n\u0131n ard\u0131ndan asfaltlama a\u015famas\u0131na ge\u00e7ilece\u011fini ifade etti.<\/p>\n\n\n\n<p>Payla\u015f\u0131m\u0131nda Bursa Caddesi\u2019nin y\u0131llard\u0131r m\u00fcdahale bekleyen bir nokta oldu\u011funa dikkat \u00e7eken Erdem, \u201cBu i\u015fe cesaret g\u00f6sterdik. K\u0131sa s\u00fcrede altyap\u0131y\u0131 tamamlad\u0131k.Bug\u00fcn h\u0131zla \u00fcstyap\u0131 \u00e7al\u0131\u015fmalar\u0131na devam ediyoruz.<br>\u0130l\u00e7emiz bug\u00fcn bir \u015fantiye alan\u0131ysa, bu de\u011fi\u015fimin g\u00f6stergesidir\u201d dedi.<\/p>\n\n\n\n<p>KANAR: \u201cYAPILANLARI G\u00d6RMEZDEN GELMEY\u0130N\u201d<\/p>\n\n\n\n<p>Ancak bu a\u00e7\u0131klamalar\u0131n ard\u0131ndan sosyal medya hesaplar\u0131ndan payla\u015f\u0131mda bulunan \u00f6nceki d\u00f6nem Belediye Ba\u015fkan\u0131 Mehmet Kanar, tart\u0131\u015fmay\u0131 farkl\u0131 bir noktaya ta\u015f\u0131d\u0131.<\/p>\n\n\n\n<p>Kanar, pandemi ve deprem gibi ola\u011fan\u00fcst\u00fc \u015fartlara ra\u011fmen Mustafakemalpa\u015fa\u2019da altyap\u0131, kanalizasyon, i\u00e7me suyu ve ya\u011fmur suyu hatlar\u0131n\u0131n kendi d\u00f6nemlerinde ba\u015ftan sona yenilendi\u011fini belirtti. Yap\u0131lan \u00e7al\u0131\u015fmalar\u0131n k\u00fc\u00e7\u00fcmsendi\u011fini savunan Kanar, 400 metrelik bir altyap\u0131 \u00fczerinden \u00fczerinden \u201c\u015fov yap\u0131ld\u0131\u011f\u0131\u201d iddias\u0131nda bulundu.<\/p>\n\n\n\n<p>A\u00e7\u0131klamas\u0131nda Gen\u00e7lik Merkezi projesine de de\u011finen Kanar, temelinin ge\u00e7mi\u015f d\u00f6nemlerde at\u0131l\u0131p tamamlanmad\u0131\u011f\u0131n\u0131, kendi y\u00f6netimleri d\u00f6neminde hayata ge\u00e7irildi\u011fini hat\u0131rlatt\u0131.<\/p>\n\n\n\n<p>\u201cBiz siyaset i\u00e7in de\u011fil il\u00e7emiz i\u00e7in \u00e7al\u0131\u015f\u0131yoruz\u201d diyen Kanar, altyap\u0131 yat\u0131r\u0131mlar\u0131n\u0131n tarihsel bir d\u00f6n\u00fc\u015f\u00fcm oldu\u011funu vurgulad\u0131.<\/p>\n\n\n\n<p>RAMAZAN\u2019DA Y\u00dcKSELEN TON<\/p>\n\n\n\n<p>Ramazan ay\u0131n\u0131n manevi atmosferinde ya\u015fanan bu kar\u015f\u0131l\u0131kl\u0131 a\u00e7\u0131klamalar, il\u00e7ede farkl\u0131 yorumlara neden oldu. Kimi vatanda\u015f yap\u0131lan her hizmetin desteklenmesi gerekti\u011fini savunurken, kimi ise ge\u00e7mi\u015f yat\u0131r\u0131mlar\u0131n yok say\u0131lmamas\u0131 gerekti\u011fini dile getiriyor.<\/p>\n","protected":false},"excerpt":{"rendered":"<p>Mustafakemalpa\u015fa\u2019da Bursa Caddesi\u2019nde biten altyap\u0131 ve devam eden \u00fcstyap\u0131 \u00e7al\u0131\u015fmalar\u0131, il\u00e7ede sadece yol de\u011fil, siyasi g\u00fcndemi de hareketlendirdi. Belediye Ba\u015fkan\u0131 \u015e\u00fckr\u00fc Erdem\u2019in sahada yapt\u0131\u011f\u0131 inceleme&hellip;<\/p>\n","protected":false},"author":1,"featured_media":7494,"comment_status":"open","ping_status":"open","sticky":false,"template":"","format":"standard","meta":{"advanced_seo_description":"","jetpack_seo_html_title":"","jetpack_seo_noindex":false,"_jetpack_memberships_contains_paid_content":false,"footnotes":"","jetpack_publicize_message":"","jetpack_publicize_feature_enabled":false,"jetpack_social_post_already_shared":false,"jetpack_social_options":{"image_generator_settings":{"template":"highway","default_image_id":0,"font":"","enabled":false},"version":2}},"categories":[8],"tags":[],"class_list":["post-7492","post","type-post","status-publish","format-standard","has-post-thumbnail","hentry","category-foto-galeri"],"jetpack_publicize_connections":[],"jetpack_featured_media_url":"https:\/\/www.xn--kprmedya-n4a6d.com\/wp-content\/uploads\/2026\/03\/\ud83d\udea8-SON-DAKIKA-Bu-Gece-OTV-Guncellemesi-Geliyor-Instagram-Gonderisi.png","jetpack_likes_enabled":true,"jetpack_sharing_enabled":true,"jetpack_shortlink":"https:\/\/wp.me\/pgAB3S-1WQ","_links":{"self":[{"href":"https:\/\/www.xn--kprmedya-n4a6d.com\/index.php\/wp-json\/wp\/v2\/posts\/7492","targetHints":{"allow":["GET"]}}],"collection":[{"href":"https:\/\/www.xn--kprmedya-n4a6d.com\/index.php\/wp-json\/wp\/v2\/posts"}],"about":[{"href":"https:\/\/www.xn--kprmedya-n4a6d.com\/index.php\/wp-json\/wp\/v2\/types\/post"}],"author":[{"embeddable":true,"href":"https:\/\/www.xn--kprmedya-n4a6d.com\/index.php\/wp-json\/wp\/v2\/users\/1"}],"replies":[{"embeddable":true,"href":"https:\/\/www.xn--kprmedya-n4a6d.com\/index.php\/wp-json\/wp\/v2\/comments?post=7492"}],"version-history":[{"count":2,"href":"https:\/\/www.xn--kprmedya-n4a6d.com\/index.php\/wp-json\/wp\/v2\/posts\/7492\/revisions"}],"predecessor-version":[{"id":7497,"href":"https:\/\/www.xn--kprmedya-n4a6d.com\/index.php\/wp-json\/wp\/v2\/posts\/7492\/revisions\/7497"}],"wp:featuredmedia":[{"embeddable":true,"href":"https:\/\/www.xn--kprmedya-n4a6d.com\/index.php\/wp-json\/wp\/v2\/media\/7494"}],"wp:attachment":[{"href":"https:\/\/www.xn--kprmedya-n4a6d.com\/index.php\/wp-json\/wp\/v2\/media?parent=7492"}],"wp:term":[{"taxonomy":"category","embeddable":true,"href":"https:\/\/www.xn--kprmedya-n4a6d.com\/index.php\/wp-json\/wp\/v2\/categories?post=7492"},{"taxonomy":"post_tag","embeddable":true,"href":"https:\/\/www.xn--kprmedya-n4a6d.com\/index.php\/wp-json\/wp\/v2\/tags?post=7492"}],"curies":[{"name":"wp","href":"https:\/\/api.w.org\/{rel}","templated":true}]}}