{"id":7606,"date":"2026-03-08T10:35:55","date_gmt":"2026-03-08T10:35:55","guid":{"rendered":"https:\/\/www.xn--kprmedya-n4a6d.com\/?p=7606"},"modified":"2026-03-08T10:36:35","modified_gmt":"2026-03-08T10:36:35","slug":"baskan-suat-buldu-turk-kadininin-asaleti-ve-vakari-daim-olsun","status":"publish","type":"post","link":"https:\/\/www.xn--kprmedya-n4a6d.com\/index.php\/2026\/03\/08\/baskan-suat-buldu-turk-kadininin-asaleti-ve-vakari-daim-olsun\/","title":{"rendered":"BA\u015eKAN SUAT BULDU: T\u00dcRK KADINININ ASALET\u0130 VE VAKARI DA\u0130M OLSUN"},"content":{"rendered":"\n<figure class=\"wp-block-image size-large\"><img loading=\"lazy\" decoding=\"async\" width=\"1024\" height=\"237\" src=\"https:\/\/www.xn--kprmedya-n4a6d.com\/wp-content\/uploads\/2026\/03\/IMG_5300-14-1024x237.jpeg\" alt=\"\" class=\"wp-image-7610\" srcset=\"https:\/\/www.xn--kprmedya-n4a6d.com\/wp-content\/uploads\/2026\/03\/IMG_5300-14-1024x237.jpeg 1024w, https:\/\/www.xn--kprmedya-n4a6d.com\/wp-content\/uploads\/2026\/03\/IMG_5300-14-300x70.jpeg 300w, https:\/\/www.xn--kprmedya-n4a6d.com\/wp-content\/uploads\/2026\/03\/IMG_5300-14-768x178.jpeg 768w, https:\/\/www.xn--kprmedya-n4a6d.com\/wp-content\/uploads\/2026\/03\/IMG_5300-14.jpeg 1200w\" sizes=\"auto, (max-width: 1024px) 100vw, 1024px\" \/><\/figure>\n\n\n\n<p>Milliyet\u00e7i Hareket Partisi (MHP) Mustafakemalpa\u015fa \u0130l\u00e7e Ba\u015fkan\u0131 Suat Buldu,&nbsp;<strong>8 Mart D\u00fcnya Kad\u0131nlar G\u00fcn\u00fc<\/strong>&nbsp;dolay\u0131s\u0131yla yay\u0131mlad\u0131\u011f\u0131 mesajda kad\u0131nlar\u0131n toplumdaki \u00f6nemine dikkat \u00e7ekti.<\/p>\n\n\n\n<p>Buldu, kad\u0131nlar\u0131n T\u00fcrk milletinin tarihinde ve k\u00fclt\u00fcr\u00fcnde her zaman \u00f6nemli bir yere sahip oldu\u011funu belirterek, kad\u0131nlar\u0131n sadece aile i\u00e7inde de\u011fil, toplumun ve devletin temel ta\u015flar\u0131ndan biri oldu\u011funu ifade etti. Kad\u0131n\u0131n merhametin, sabr\u0131n ve asaletin sembol\u00fc oldu\u011funu vurgulayan Buldu, T\u00fcrk kad\u0131n\u0131n\u0131n tarih boyunca vatan ve millet u\u011fruna b\u00fcy\u00fck fedak\u00e2rl\u0131klar yapt\u0131\u011f\u0131n\u0131 dile getirdi.<\/p>\n\n\n\n<p>T\u00fcrk kad\u0131n\u0131n\u0131n ge\u00e7mi\u015ften bug\u00fcne ta\u015f\u0131d\u0131\u011f\u0131 g\u00fc\u00e7l\u00fc mirasa de\u011finen Buldu, Kurtulu\u015f m\u00fccadelesinde g\u00f6sterilen fedak\u00e2rl\u0131klar\u0131n millet haf\u0131zas\u0131nda \u00f6nemli bir yer tuttu\u011funu belirterek, kad\u0131nlar\u0131n toplumun gelece\u011fini \u015fekillendiren en \u00f6nemli de\u011ferlerden biri oldu\u011funu kaydetti.<\/p>\n\n\n\n<p>Kad\u0131nlar\u0131n huzur ve g\u00fcven i\u00e7inde ya\u015fayabildi\u011fi bir toplumun g\u00fc\u00e7l\u00fc bir gelece\u011fe sahip olaca\u011f\u0131n\u0131 ifade eden Buldu, \u015fiddetten uzak, sevgi ve sayg\u0131n\u0131n h\u00e2kim oldu\u011fu bir T\u00fcrkiye idealini vurgulad\u0131.<\/p>\n\n\n\n<p>Mesaj\u0131nda \u00f6zellikle \u015fehit annelerine, emek\u00e7i kad\u0131nlara ve e\u011fitim camias\u0131ndaki kad\u0131nlara te\u015fekk\u00fcr eden Buldu, \u015fu ifadelere yer verdi:<\/p>\n\n\n\n<figure class=\"wp-block-image size-full\"><img loading=\"lazy\" decoding=\"async\" width=\"982\" height=\"816\" src=\"https:\/\/www.xn--kprmedya-n4a6d.com\/wp-content\/uploads\/2026\/03\/142824ae-9811-4de3-badc-f5ee025dacbc.jpeg\" alt=\"\" class=\"wp-image-7607\" srcset=\"https:\/\/www.xn--kprmedya-n4a6d.com\/wp-content\/uploads\/2026\/03\/142824ae-9811-4de3-badc-f5ee025dacbc.jpeg 982w, https:\/\/www.xn--kprmedya-n4a6d.com\/wp-content\/uploads\/2026\/03\/142824ae-9811-4de3-badc-f5ee025dacbc-300x249.jpeg 300w, https:\/\/www.xn--kprmedya-n4a6d.com\/wp-content\/uploads\/2026\/03\/142824ae-9811-4de3-badc-f5ee025dacbc-768x638.jpeg 768w\" sizes=\"auto, (max-width: 982px) 100vw, 982px\" \/><\/figure>\n\n\n\n<p>\u201c\u015eehitlerimizin emaneti olan k\u0131ymetli \u015fehit annelerimiz ba\u015fta olmak \u00fczere, eme\u011fiyle \u00fcretime katk\u0131 sunan \u00e7ift\u00e7i kad\u0131nlar\u0131m\u0131z\u0131n, gelece\u011fimizi in\u015fa eden \u00f6\u011fretmenlerimizin ve Mustafakemalpa\u015fa\u2019m\u0131z\u0131n her hanesindeki fedak\u00e2r kad\u0131nlar\u0131m\u0131z\u0131n 8 Mart D\u00fcnya Kad\u0131nlar G\u00fcn\u00fc\u2019n\u00fc en kalbi duygular\u0131mla kutluyorum.\u201d<\/p>\n\n\n\n<p>Buldu, mesaj\u0131n\u0131n sonunda T\u00fcrk kad\u0131n\u0131n\u0131n vakar ve asaletinin her zaman korunmas\u0131 gerekti\u011fini vurgulayarak t\u00fcm kad\u0131nlar\u0131n g\u00fcn\u00fcn\u00fc tebrik etti.<\/p>\n\n\n","protected":false},"excerpt":{"rendered":"<p>Milliyet\u00e7i Hareket Partisi (MHP) Mustafakemalpa\u015fa \u0130l\u00e7e Ba\u015fkan\u0131 Suat Buldu,&nbsp;8 Mart D\u00fcnya Kad\u0131nlar G\u00fcn\u00fc&nbsp;dolay\u0131s\u0131yla yay\u0131mlad\u0131\u011f\u0131 mesajda kad\u0131nlar\u0131n toplumdaki \u00f6nemine dikkat \u00e7ekti. Buldu, kad\u0131nlar\u0131n T\u00fcrk milletinin tarihinde&hellip;<\/p>\n","protected":false},"author":1,"featured_media":7609,"comment_status":"open","ping_status":"open","sticky":false,"template":"","format":"standard","meta":{"advanced_seo_description":"","jetpack_seo_html_title":"","jetpack_seo_noindex":false,"_jetpack_memberships_contains_paid_content":false,"footnotes":"","jetpack_publicize_message":"","jetpack_publicize_feature_enabled":true,"jetpack_social_post_already_shared":true,"jetpack_social_options":{"image_generator_settings":{"template":"highway","default_image_id":0,"font":"","enabled":false},"version":2}},"categories":[8],"tags":[],"class_list":["post-7606","post","type-post","status-publish","format-standard","has-post-thumbnail","hentry","category-foto-galeri"],"jetpack_publicize_connections":[],"jetpack_featured_media_url":"https:\/\/www.xn--kprmedya-n4a6d.com\/wp-content\/uploads\/2026\/03\/125d61ec-b3e8-4b88-afe4-4ce1051eea19.jpeg","jetpack_likes_enabled":true,"jetpack_sharing_enabled":true,"jetpack_shortlink":"https:\/\/wp.me\/pgAB3S-1YG","_links":{"self":[{"href":"https:\/\/www.xn--kprmedya-n4a6d.com\/index.php\/wp-json\/wp\/v2\/posts\/7606","targetHints":{"allow":["GET"]}}],"collection":[{"href":"https:\/\/www.xn--kprmedya-n4a6d.com\/index.php\/wp-json\/wp\/v2\/posts"}],"about":[{"href":"https:\/\/www.xn--kprmedya-n4a6d.com\/index.php\/wp-json\/wp\/v2\/types\/post"}],"author":[{"embeddable":true,"href":"https:\/\/www.xn--kprmedya-n4a6d.com\/index.php\/wp-json\/wp\/v2\/users\/1"}],"replies":[{"embeddable":true,"href":"https:\/\/www.xn--kprmedya-n4a6d.com\/index.php\/wp-json\/wp\/v2\/comments?post=7606"}],"version-history":[{"count":1,"href":"https:\/\/www.xn--kprmedya-n4a6d.com\/index.php\/wp-json\/wp\/v2\/posts\/7606\/revisions"}],"predecessor-version":[{"id":7613,"href":"https:\/\/www.xn--kprmedya-n4a6d.com\/index.php\/wp-json\/wp\/v2\/posts\/7606\/revisions\/7613"}],"wp:featuredmedia":[{"embeddable":true,"href":"https:\/\/www.xn--kprmedya-n4a6d.com\/index.php\/wp-json\/wp\/v2\/media\/7609"}],"wp:attachment":[{"href":"https:\/\/www.xn--kprmedya-n4a6d.com\/index.php\/wp-json\/wp\/v2\/media?parent=7606"}],"wp:term":[{"taxonomy":"category","embeddable":true,"href":"https:\/\/www.xn--kprmedya-n4a6d.com\/index.php\/wp-json\/wp\/v2\/categories?post=7606"},{"taxonomy":"post_tag","embeddable":true,"href":"https:\/\/www.xn--kprmedya-n4a6d.com\/index.php\/wp-json\/wp\/v2\/tags?post=7606"}],"curies":[{"name":"wp","href":"https:\/\/api.w.org\/{rel}","templated":true}]}}