{"id":7619,"date":"2026-03-08T11:20:36","date_gmt":"2026-03-08T11:20:36","guid":{"rendered":"https:\/\/www.xn--kprmedya-n4a6d.com\/?p=7619"},"modified":"2026-03-08T11:20:37","modified_gmt":"2026-03-08T11:20:37","slug":"baskan-demirden-8-mart-mesaji-kadinlarla-daha-gucluyuz","status":"publish","type":"post","link":"https:\/\/www.xn--kprmedya-n4a6d.com\/index.php\/2026\/03\/08\/baskan-demirden-8-mart-mesaji-kadinlarla-daha-gucluyuz\/","title":{"rendered":"BA\u015eKAN DEM\u0130R\u2019DEN 8 MART MESAJI: \u201cKADINLARLA DAHA G\u00dc\u00c7L\u00dcY\u00dcZ\u201d"},"content":{"rendered":"\n<figure class=\"wp-block-image size-large\"><img loading=\"lazy\" decoding=\"async\" width=\"1024\" height=\"237\" src=\"https:\/\/www.xn--kprmedya-n4a6d.com\/wp-content\/uploads\/2026\/03\/IMG_5300-16-1024x237.jpeg\" alt=\"\" class=\"wp-image-7620\" srcset=\"https:\/\/www.xn--kprmedya-n4a6d.com\/wp-content\/uploads\/2026\/03\/IMG_5300-16-1024x237.jpeg 1024w, https:\/\/www.xn--kprmedya-n4a6d.com\/wp-content\/uploads\/2026\/03\/IMG_5300-16-300x70.jpeg 300w, https:\/\/www.xn--kprmedya-n4a6d.com\/wp-content\/uploads\/2026\/03\/IMG_5300-16-768x178.jpeg 768w, https:\/\/www.xn--kprmedya-n4a6d.com\/wp-content\/uploads\/2026\/03\/IMG_5300-16.jpeg 1200w\" sizes=\"auto, (max-width: 1024px) 100vw, 1024px\" \/><\/figure>\n\n\n\n<p>Cumhuriyet Halk Partisi (CHP) Mustafakemalpa\u015fa \u0130l\u00e7e Ba\u015fkan\u0131 G\u00f6khan Demir, 8 Mart D\u00fcnya Emek\u00e7i Kad\u0131nlar G\u00fcn\u00fc dolay\u0131s\u0131yla bir mesaj yay\u0131mlad\u0131.<\/p>\n\n\n\n<p>Kad\u0131nlar\u0131n toplumsal ya\u015fam\u0131n her alan\u0131nda e\u015fit, \u00f6zg\u00fcr ve g\u00fc\u00e7l\u00fc bir \u015fekilde yer almas\u0131n\u0131n \u00f6nemine dikkat \u00e7eken Demir, T\u00fcrkiye\u2019nin ayd\u0131nl\u0131k gelece\u011finin kad\u0131nlar\u0131n m\u00fccadelesiyle \u015fekillenece\u011fini vurgulad\u0131.<\/p>\n\n\n\n<p>Demir mesaj\u0131nda, Cumhuriyet\u2019in kurucusu Gazi Mustafa Kemal Atat\u00fcrk\u2019\u00fcn kad\u0131nlara kazand\u0131rd\u0131\u011f\u0131 haklar\u0131n \u00f6nemine de\u011finerek, kad\u0131nlar\u0131n e\u015fitlik ve \u00f6zg\u00fcrl\u00fck m\u00fccadelesine destek vermeye devam edeceklerini ifade etti.<\/p>\n\n\n\n<p>CHP \u0130l\u00e7e Ba\u015fkan\u0131 G\u00f6khan Demir a\u00e7\u0131klamas\u0131nda \u015fu ifadelere yer verdi:<\/p>\n\n\n\n<p>\u201cT\u00fcm engelleri a\u015farak, Atat\u00fcrk\u2019\u00fcn bize miras b\u0131rakt\u0131\u011f\u0131 de\u011ferlere sahip \u00e7\u0131karak, kad\u0131nlar\u0131m\u0131z\u0131n \u00f6zg\u00fcrce, e\u015fit bir \u015fekilde ya\u015fayaca\u011f\u0131, \u00e7al\u0131\u015faca\u011f\u0131 ve y\u00f6netece\u011fi bir T\u00fcrkiye i\u00e7in el birli\u011fiyle m\u00fccadele ediyoruz. Birlikte daha g\u00fc\u00e7l\u00fcy\u00fcz.\u201d<\/p>\n\n\n\n<p>Demir, mesaj\u0131n\u0131n sonunda ba\u015fta Mustafakemalpa\u015fa\u2019daki kad\u0131nlar olmak \u00fczere t\u00fcm kad\u0131nlar\u0131n&nbsp;<strong>8 Mart D\u00fcnya Emek\u00e7i Kad\u0131nlar G\u00fcn\u00fc\u2019n\u00fc<\/strong>&nbsp;kutlad\u0131.<\/p>\n","protected":false},"excerpt":{"rendered":"<p>Cumhuriyet Halk Partisi (CHP) Mustafakemalpa\u015fa \u0130l\u00e7e Ba\u015fkan\u0131 G\u00f6khan Demir, 8 Mart D\u00fcnya Emek\u00e7i Kad\u0131nlar G\u00fcn\u00fc dolay\u0131s\u0131yla bir mesaj yay\u0131mlad\u0131. Kad\u0131nlar\u0131n toplumsal ya\u015fam\u0131n her alan\u0131nda e\u015fit,&hellip;<\/p>\n","protected":false},"author":1,"featured_media":7621,"comment_status":"open","ping_status":"open","sticky":false,"template":"","format":"standard","meta":{"advanced_seo_description":"","jetpack_seo_html_title":"","jetpack_seo_noindex":false,"_jetpack_memberships_contains_paid_content":false,"footnotes":"","jetpack_publicize_message":"","jetpack_publicize_feature_enabled":true,"jetpack_social_post_already_shared":true,"jetpack_social_options":{"image_generator_settings":{"template":"highway","default_image_id":0,"font":"","enabled":false},"version":2}},"categories":[8],"tags":[],"class_list":["post-7619","post","type-post","status-publish","format-standard","has-post-thumbnail","hentry","category-foto-galeri"],"jetpack_publicize_connections":[],"jetpack_featured_media_url":"https:\/\/www.xn--kprmedya-n4a6d.com\/wp-content\/uploads\/2026\/03\/IMG_1510.jpeg","jetpack_likes_enabled":true,"jetpack_sharing_enabled":true,"jetpack_shortlink":"https:\/\/wp.me\/pgAB3S-1YT","_links":{"self":[{"href":"https:\/\/www.xn--kprmedya-n4a6d.com\/index.php\/wp-json\/wp\/v2\/posts\/7619","targetHints":{"allow":["GET"]}}],"collection":[{"href":"https:\/\/www.xn--kprmedya-n4a6d.com\/index.php\/wp-json\/wp\/v2\/posts"}],"about":[{"href":"https:\/\/www.xn--kprmedya-n4a6d.com\/index.php\/wp-json\/wp\/v2\/types\/post"}],"author":[{"embeddable":true,"href":"https:\/\/www.xn--kprmedya-n4a6d.com\/index.php\/wp-json\/wp\/v2\/users\/1"}],"replies":[{"embeddable":true,"href":"https:\/\/www.xn--kprmedya-n4a6d.com\/index.php\/wp-json\/wp\/v2\/comments?post=7619"}],"version-history":[{"count":1,"href":"https:\/\/www.xn--kprmedya-n4a6d.com\/index.php\/wp-json\/wp\/v2\/posts\/7619\/revisions"}],"predecessor-version":[{"id":7622,"href":"https:\/\/www.xn--kprmedya-n4a6d.com\/index.php\/wp-json\/wp\/v2\/posts\/7619\/revisions\/7622"}],"wp:featuredmedia":[{"embeddable":true,"href":"https:\/\/www.xn--kprmedya-n4a6d.com\/index.php\/wp-json\/wp\/v2\/media\/7621"}],"wp:attachment":[{"href":"https:\/\/www.xn--kprmedya-n4a6d.com\/index.php\/wp-json\/wp\/v2\/media?parent=7619"}],"wp:term":[{"taxonomy":"category","embeddable":true,"href":"https:\/\/www.xn--kprmedya-n4a6d.com\/index.php\/wp-json\/wp\/v2\/categories?post=7619"},{"taxonomy":"post_tag","embeddable":true,"href":"https:\/\/www.xn--kprmedya-n4a6d.com\/index.php\/wp-json\/wp\/v2\/tags?post=7619"}],"curies":[{"name":"wp","href":"https:\/\/api.w.org\/{rel}","templated":true}]}}