{"id":7623,"date":"2026-03-08T11:33:05","date_gmt":"2026-03-08T11:33:05","guid":{"rendered":"https:\/\/www.xn--kprmedya-n4a6d.com\/?p=7623"},"modified":"2026-03-08T11:33:07","modified_gmt":"2026-03-08T11:33:07","slug":"mutlu-turguttan-8-mart-mesaji-kadin-toplumun-en-guclu-diregidir","status":"publish","type":"post","link":"https:\/\/www.xn--kprmedya-n4a6d.com\/index.php\/2026\/03\/08\/mutlu-turguttan-8-mart-mesaji-kadin-toplumun-en-guclu-diregidir\/","title":{"rendered":"MUTLU TURGUT\u2019TAN 8 MART MESAJI: \u201cKADIN TOPLUMUN EN G\u00dc\u00c7L\u00dc D\u0130RE\u011e\u0130D\u0130R\u201d"},"content":{"rendered":"\n<figure class=\"wp-block-image size-large\"><img loading=\"lazy\" decoding=\"async\" width=\"1024\" height=\"237\" src=\"https:\/\/www.xn--kprmedya-n4a6d.com\/wp-content\/uploads\/2026\/03\/IMG_5300-17-1024x237.jpeg\" alt=\"\" class=\"wp-image-7624\" srcset=\"https:\/\/www.xn--kprmedya-n4a6d.com\/wp-content\/uploads\/2026\/03\/IMG_5300-17-1024x237.jpeg 1024w, https:\/\/www.xn--kprmedya-n4a6d.com\/wp-content\/uploads\/2026\/03\/IMG_5300-17-300x70.jpeg 300w, https:\/\/www.xn--kprmedya-n4a6d.com\/wp-content\/uploads\/2026\/03\/IMG_5300-17-768x178.jpeg 768w, https:\/\/www.xn--kprmedya-n4a6d.com\/wp-content\/uploads\/2026\/03\/IMG_5300-17.jpeg 1200w\" sizes=\"auto, (max-width: 1024px) 100vw, 1024px\" \/><\/figure>\n\n\n\n<p>AK Parti \u0130l\u00e7e Ba\u015fkan\u0131 Mutlu Turgut, 8 Mart D\u00fcnya Kad\u0131nlar G\u00fcn\u00fc dolay\u0131s\u0131yla yay\u0131mlad\u0131\u011f\u0131 mesajda kad\u0131nlar\u0131n toplumdaki yerine ve \u00f6nemine dikkat \u00e7ekti.<\/p>\n\n\n\n<p>Kad\u0131n\u0131n hayat\u0131n \u00f6z\u00fc, ailenin temeli ve toplumun vicdan\u0131 oldu\u011funu belirten Turgut, T\u00fcrk medeniyetinde kad\u0131n\u0131n yaln\u0131zca belirli g\u00fcnlerde hat\u0131rlanan bir de\u011fer olmad\u0131\u011f\u0131n\u0131, her zaman ba\u015f tac\u0131 edilen en k\u0131ymetli varl\u0131klar aras\u0131nda yer ald\u0131\u011f\u0131n\u0131 ifade etti.<\/p>\n\n\n\n<p>Kad\u0131nlar\u0131n anne, e\u015f, \u00e7al\u0131\u015fan ve \u00f6\u011fretmen kimlikleriyle toplumun en g\u00fc\u00e7l\u00fc dire\u011fini olu\u015fturdu\u011funu vurgulayan Turgut, \u201cSevgiyle b\u00fcy\u00fcten bir anne, fedak\u00e2rl\u0131kla ayakta duran bir e\u015f, emek veren bir \u00e7al\u0131\u015fan ve gelece\u011fimizi yeti\u015ftiren bir \u00f6\u011fretmen olarak kad\u0131nlar\u0131m\u0131z toplumumuzun en g\u00fc\u00e7l\u00fc dire\u011fidir\u201d dedi.<\/p>\n\n\n\n<p>D\u00fcnyan\u0131n baz\u0131 b\u00f6lgelerinde kad\u0131nlar\u0131n ve k\u0131z \u00e7ocuklar\u0131n\u0131n sava\u015f, \u015fiddet ve \u00e7e\u015fitli zorluklarla kar\u015f\u0131 kar\u015f\u0131ya kald\u0131\u011f\u0131na da dikkat \u00e7eken Turgut, e\u011fitim hakk\u0131 elinden al\u0131nan ve \u015fiddetin hedefi olan k\u0131z \u00e7ocuklar\u0131n\u0131n ya\u015fad\u0131\u011f\u0131 ac\u0131lar\u0131n insanl\u0131\u011f\u0131n ortak yaras\u0131 oldu\u011funu s\u00f6yledi.<\/p>\n\n\n\n<p>Kad\u0131nlar\u0131n g\u00fc\u00e7l\u00fc oldu\u011fu bir toplumun gelece\u011fe daha g\u00fcvenle ilerleyece\u011fini ifade eden Turgut, kad\u0131na sayg\u0131n\u0131n insanl\u0131\u011fa sayg\u0131 anlam\u0131na geldi\u011fini dile getirdi.<\/p>\n\n\n\n<p>Turgut mesaj\u0131n\u0131n sonunda ba\u015fta \u015fehit anneleri ve e\u015fleri olmak \u00fczere eme\u011fi, sabr\u0131 ve sevgisiyle topluma de\u011fer katan t\u00fcm kad\u0131nlar\u0131n 8 Mart D\u00fcnya Kad\u0131nlar G\u00fcn\u00fc\u2019n\u00fc kutlayarak, kad\u0131nlar\u0131n huzur, g\u00fcven ve sayg\u0131 i\u00e7inde ya\u015fayabildi\u011fi bir d\u00fcnya temennisinde bulundu.<\/p>\n\n\n\n<figure class=\"wp-block-image size-large\"><img loading=\"lazy\" decoding=\"async\" width=\"1024\" height=\"724\" src=\"https:\/\/www.xn--kprmedya-n4a6d.com\/wp-content\/uploads\/2026\/03\/1c478899-b6c9-4035-99d3-900b06f15310-1-1024x724.jpeg\" alt=\"\" class=\"wp-image-7625\" srcset=\"https:\/\/www.xn--kprmedya-n4a6d.com\/wp-content\/uploads\/2026\/03\/1c478899-b6c9-4035-99d3-900b06f15310-1-1024x724.jpeg 1024w, https:\/\/www.xn--kprmedya-n4a6d.com\/wp-content\/uploads\/2026\/03\/1c478899-b6c9-4035-99d3-900b06f15310-1-300x212.jpeg 300w, https:\/\/www.xn--kprmedya-n4a6d.com\/wp-content\/uploads\/2026\/03\/1c478899-b6c9-4035-99d3-900b06f15310-1-768x543.jpeg 768w, https:\/\/www.xn--kprmedya-n4a6d.com\/wp-content\/uploads\/2026\/03\/1c478899-b6c9-4035-99d3-900b06f15310-1-1536x1086.jpeg 1536w, https:\/\/www.xn--kprmedya-n4a6d.com\/wp-content\/uploads\/2026\/03\/1c478899-b6c9-4035-99d3-900b06f15310-1.jpeg 1600w\" sizes=\"auto, (max-width: 1024px) 100vw, 1024px\" \/><\/figure>\n","protected":false},"excerpt":{"rendered":"<p>AK Parti \u0130l\u00e7e Ba\u015fkan\u0131 Mutlu Turgut, 8 Mart D\u00fcnya Kad\u0131nlar G\u00fcn\u00fc dolay\u0131s\u0131yla yay\u0131mlad\u0131\u011f\u0131 mesajda kad\u0131nlar\u0131n toplumdaki yerine ve \u00f6nemine dikkat \u00e7ekti. Kad\u0131n\u0131n hayat\u0131n \u00f6z\u00fc, ailenin&hellip;<\/p>\n","protected":false},"author":1,"featured_media":7626,"comment_status":"open","ping_status":"open","sticky":false,"template":"","format":"standard","meta":{"advanced_seo_description":"","jetpack_seo_html_title":"","jetpack_seo_noindex":false,"_jetpack_memberships_contains_paid_content":false,"footnotes":"","jetpack_publicize_message":"","jetpack_publicize_feature_enabled":true,"jetpack_social_post_already_shared":true,"jetpack_social_options":{"image_generator_settings":{"template":"highway","default_image_id":0,"font":"","enabled":false},"version":2}},"categories":[8],"tags":[],"class_list":["post-7623","post","type-post","status-publish","format-standard","has-post-thumbnail","hentry","category-foto-galeri"],"jetpack_publicize_connections":[],"jetpack_featured_media_url":"https:\/\/www.xn--kprmedya-n4a6d.com\/wp-content\/uploads\/2026\/03\/IMG_2588.jpeg","jetpack_likes_enabled":true,"jetpack_sharing_enabled":true,"jetpack_shortlink":"https:\/\/wp.me\/pgAB3S-1YX","_links":{"self":[{"href":"https:\/\/www.xn--kprmedya-n4a6d.com\/index.php\/wp-json\/wp\/v2\/posts\/7623","targetHints":{"allow":["GET"]}}],"collection":[{"href":"https:\/\/www.xn--kprmedya-n4a6d.com\/index.php\/wp-json\/wp\/v2\/posts"}],"about":[{"href":"https:\/\/www.xn--kprmedya-n4a6d.com\/index.php\/wp-json\/wp\/v2\/types\/post"}],"author":[{"embeddable":true,"href":"https:\/\/www.xn--kprmedya-n4a6d.com\/index.php\/wp-json\/wp\/v2\/users\/1"}],"replies":[{"embeddable":true,"href":"https:\/\/www.xn--kprmedya-n4a6d.com\/index.php\/wp-json\/wp\/v2\/comments?post=7623"}],"version-history":[{"count":1,"href":"https:\/\/www.xn--kprmedya-n4a6d.com\/index.php\/wp-json\/wp\/v2\/posts\/7623\/revisions"}],"predecessor-version":[{"id":7627,"href":"https:\/\/www.xn--kprmedya-n4a6d.com\/index.php\/wp-json\/wp\/v2\/posts\/7623\/revisions\/7627"}],"wp:featuredmedia":[{"embeddable":true,"href":"https:\/\/www.xn--kprmedya-n4a6d.com\/index.php\/wp-json\/wp\/v2\/media\/7626"}],"wp:attachment":[{"href":"https:\/\/www.xn--kprmedya-n4a6d.com\/index.php\/wp-json\/wp\/v2\/media?parent=7623"}],"wp:term":[{"taxonomy":"category","embeddable":true,"href":"https:\/\/www.xn--kprmedya-n4a6d.com\/index.php\/wp-json\/wp\/v2\/categories?post=7623"},{"taxonomy":"post_tag","embeddable":true,"href":"https:\/\/www.xn--kprmedya-n4a6d.com\/index.php\/wp-json\/wp\/v2\/tags?post=7623"}],"curies":[{"name":"wp","href":"https:\/\/api.w.org\/{rel}","templated":true}]}}