{"id":7646,"date":"2026-03-09T15:59:21","date_gmt":"2026-03-09T15:59:21","guid":{"rendered":"https:\/\/www.xn--kprmedya-n4a6d.com\/?p=7646"},"modified":"2026-03-09T15:59:22","modified_gmt":"2026-03-09T15:59:22","slug":"pasader-baskani-murat-tuncelden-baskan-erdeme-anlamli-ziyaret","status":"publish","type":"post","link":"https:\/\/www.xn--kprmedya-n4a6d.com\/index.php\/2026\/03\/09\/pasader-baskani-murat-tuncelden-baskan-erdeme-anlamli-ziyaret\/","title":{"rendered":"PA\u015eADER Ba\u015fkan\u0131 Murat Tun\u00e7el\u2019den Ba\u015fkan Erdem\u2019e Anlaml\u0131 Ziyaret"},"content":{"rendered":"\n<figure class=\"wp-block-image size-large\"><img loading=\"lazy\" decoding=\"async\" width=\"1024\" height=\"237\" src=\"https:\/\/www.xn--kprmedya-n4a6d.com\/wp-content\/uploads\/2026\/03\/IMG_5300-21-1024x237.jpeg\" alt=\"\" class=\"wp-image-7647\" srcset=\"https:\/\/www.xn--kprmedya-n4a6d.com\/wp-content\/uploads\/2026\/03\/IMG_5300-21-1024x237.jpeg 1024w, https:\/\/www.xn--kprmedya-n4a6d.com\/wp-content\/uploads\/2026\/03\/IMG_5300-21-300x70.jpeg 300w, https:\/\/www.xn--kprmedya-n4a6d.com\/wp-content\/uploads\/2026\/03\/IMG_5300-21-768x178.jpeg 768w, https:\/\/www.xn--kprmedya-n4a6d.com\/wp-content\/uploads\/2026\/03\/IMG_5300-21.jpeg 1200w\" sizes=\"auto, (max-width: 1024px) 100vw, 1024px\" \/><\/figure>\n\n\n\n<p>Mustafakemalpa\u015fal\u0131lar E\u011fitim K\u00fclt\u00fcr ve Yard\u0131mla\u015fma Derne\u011fi (PA\u015eADER) Y\u00f6netim Kurulu Ba\u015fkan\u0131 Murat Tun\u00e7el, Mustafakemalpa\u015fa Belediye Ba\u015fkan\u0131 \u015e\u00fckr\u00fc Erdem\u2019i makam\u0131nda ziyaret etti.<\/p>\n\n\n\n<p>Ger\u00e7ekle\u015fen ziyarette Murat Tun\u00e7el, sivil toplum kurulu\u015flar\u0131n\u0131n yap\u0131s\u0131 ve y\u00f6netim anlay\u0131\u015f\u0131 \u00fczerine haz\u0131rlad\u0131\u011f\u0131 ve kitapla\u015ft\u0131rd\u0131\u011f\u0131 \u201cSivil Toplum Kurulu\u015flar\u0131na \u00c7a\u011fr\u0131, Y\u00f6netimlere G\u00f6rev\u201d adl\u0131 eserini Ba\u015fkan Erdem\u2019e hediye etti.<\/p>\n\n\n\n<p>Tun\u00e7el, \u00e7al\u0131\u015fmas\u0131nda sivil toplum kurulu\u015flar\u0131n\u0131n daha nitelikli, etkin ve g\u00fc\u00e7l\u00fc bir yap\u0131ya kavu\u015fmas\u0131n\u0131n \u00f6nemine de\u011findi\u011fini belirterek, Bursa\u2019daki faaliyetleri, derneklerinin hedefleri ve Mustafakemalpa\u015fa\u2019n\u0131n kent i\u00e7indeki temsil g\u00fcc\u00fcne ili\u015fkin g\u00f6r\u00fc\u015flerini de payla\u015ft\u0131.<\/p>\n\n\n\n<p>Ziyaretten duydu\u011fu memnuniyeti dile getiren Ba\u015fkan \u015e\u00fckr\u00fc Erdem ise nazik ziyaretleri ve anlaml\u0131 kitap hediyesi dolay\u0131s\u0131yla Murat Tun\u00e7el\u2019e te\u015fekk\u00fcr ederek, sivil toplum alan\u0131na katk\u0131 sunan bu t\u00fcr \u00e7al\u0131\u015fmalar\u0131n \u00f6nemli oldu\u011funu ifade etti.<\/p>\n\n\n\n<p>Samimi bir ortamda ger\u00e7ekle\u015fen ziyaret, g\u00fcn\u00fcn an\u0131s\u0131na \u00e7ekilen hat\u0131ra foto\u011fraf\u0131 ile sona erdi.<\/p>\n","protected":false},"excerpt":{"rendered":"<p>Mustafakemalpa\u015fal\u0131lar E\u011fitim K\u00fclt\u00fcr ve Yard\u0131mla\u015fma Derne\u011fi (PA\u015eADER) Y\u00f6netim Kurulu Ba\u015fkan\u0131 Murat Tun\u00e7el, Mustafakemalpa\u015fa Belediye Ba\u015fkan\u0131 \u015e\u00fckr\u00fc Erdem\u2019i makam\u0131nda ziyaret etti. Ger\u00e7ekle\u015fen ziyarette Murat Tun\u00e7el, sivil&hellip;<\/p>\n","protected":false},"author":1,"featured_media":7648,"comment_status":"open","ping_status":"open","sticky":false,"template":"","format":"standard","meta":{"advanced_seo_description":"","jetpack_seo_html_title":"","jetpack_seo_noindex":false,"_jetpack_memberships_contains_paid_content":false,"footnotes":"","jetpack_publicize_message":"","jetpack_publicize_feature_enabled":true,"jetpack_social_post_already_shared":true,"jetpack_social_options":{"image_generator_settings":{"template":"highway","default_image_id":0,"font":"","enabled":false},"version":2}},"categories":[8],"tags":[],"class_list":["post-7646","post","type-post","status-publish","format-standard","has-post-thumbnail","hentry","category-foto-galeri"],"jetpack_publicize_connections":[],"jetpack_featured_media_url":"https:\/\/www.xn--kprmedya-n4a6d.com\/wp-content\/uploads\/2026\/03\/IMG_2667.jpeg","jetpack_likes_enabled":true,"jetpack_sharing_enabled":true,"jetpack_shortlink":"https:\/\/wp.me\/pgAB3S-1Zk","_links":{"self":[{"href":"https:\/\/www.xn--kprmedya-n4a6d.com\/index.php\/wp-json\/wp\/v2\/posts\/7646","targetHints":{"allow":["GET"]}}],"collection":[{"href":"https:\/\/www.xn--kprmedya-n4a6d.com\/index.php\/wp-json\/wp\/v2\/posts"}],"about":[{"href":"https:\/\/www.xn--kprmedya-n4a6d.com\/index.php\/wp-json\/wp\/v2\/types\/post"}],"author":[{"embeddable":true,"href":"https:\/\/www.xn--kprmedya-n4a6d.com\/index.php\/wp-json\/wp\/v2\/users\/1"}],"replies":[{"embeddable":true,"href":"https:\/\/www.xn--kprmedya-n4a6d.com\/index.php\/wp-json\/wp\/v2\/comments?post=7646"}],"version-history":[{"count":1,"href":"https:\/\/www.xn--kprmedya-n4a6d.com\/index.php\/wp-json\/wp\/v2\/posts\/7646\/revisions"}],"predecessor-version":[{"id":7649,"href":"https:\/\/www.xn--kprmedya-n4a6d.com\/index.php\/wp-json\/wp\/v2\/posts\/7646\/revisions\/7649"}],"wp:featuredmedia":[{"embeddable":true,"href":"https:\/\/www.xn--kprmedya-n4a6d.com\/index.php\/wp-json\/wp\/v2\/media\/7648"}],"wp:attachment":[{"href":"https:\/\/www.xn--kprmedya-n4a6d.com\/index.php\/wp-json\/wp\/v2\/media?parent=7646"}],"wp:term":[{"taxonomy":"category","embeddable":true,"href":"https:\/\/www.xn--kprmedya-n4a6d.com\/index.php\/wp-json\/wp\/v2\/categories?post=7646"},{"taxonomy":"post_tag","embeddable":true,"href":"https:\/\/www.xn--kprmedya-n4a6d.com\/index.php\/wp-json\/wp\/v2\/tags?post=7646"}],"curies":[{"name":"wp","href":"https:\/\/api.w.org\/{rel}","templated":true}]}}