{"id":7747,"date":"2026-03-14T13:25:12","date_gmt":"2026-03-14T13:25:12","guid":{"rendered":"https:\/\/www.xn--kprmedya-n4a6d.com\/?p=7747"},"modified":"2026-03-14T13:25:14","modified_gmt":"2026-03-14T13:25:14","slug":"sampiyon-takimdan-baskan-erdeme-ziyaret","status":"publish","type":"post","link":"https:\/\/www.xn--kprmedya-n4a6d.com\/index.php\/2026\/03\/14\/sampiyon-takimdan-baskan-erdeme-ziyaret\/","title":{"rendered":"\u015eAMP\u0130YON TAKIMDAN BA\u015eKAN ERDEM\u2019E Z\u0130YARET"},"content":{"rendered":"\n<figure class=\"wp-block-image size-large\"><img loading=\"lazy\" decoding=\"async\" width=\"1024\" height=\"237\" src=\"https:\/\/www.xn--kprmedya-n4a6d.com\/wp-content\/uploads\/2026\/03\/IMG_5300-33-1024x237.jpeg\" alt=\"\" class=\"wp-image-7752\" srcset=\"https:\/\/www.xn--kprmedya-n4a6d.com\/wp-content\/uploads\/2026\/03\/IMG_5300-33-1024x237.jpeg 1024w, https:\/\/www.xn--kprmedya-n4a6d.com\/wp-content\/uploads\/2026\/03\/IMG_5300-33-300x70.jpeg 300w, https:\/\/www.xn--kprmedya-n4a6d.com\/wp-content\/uploads\/2026\/03\/IMG_5300-33-768x178.jpeg 768w, https:\/\/www.xn--kprmedya-n4a6d.com\/wp-content\/uploads\/2026\/03\/IMG_5300-33.jpeg 1200w\" sizes=\"auto, (max-width: 1024px) 100vw, 1024px\" \/><\/figure>\n\n\n\n<p>B\u00f6lgesel Amat\u00f6r Lig\u2019e (BAL) y\u00fckselme m\u00fccadelesi verecek olan Belediye Mustafakemalpa\u015faspor y\u00f6netimi ve futbolcular\u0131, Mustafakemalpa\u015fa Belediye Ba\u015fkan\u0131 \u015e\u00fckr\u00fc Erdem\u2019i ziyaret etti. \u015eampiyonluk co\u015fkusunun payla\u015f\u0131ld\u0131\u011f\u0131 ziyarette, k\u0131rm\u0131z\u0131-lacivertli kul\u00fcb\u00fcn yeni transferi Furkan \u015eahin de ilk kez kamuoyunun kar\u015f\u0131s\u0131na \u00e7\u0131kt\u0131.<\/p>\n\n\n\n<figure class=\"wp-block-image size-full\"><img loading=\"lazy\" decoding=\"async\" width=\"1024\" height=\"683\" src=\"https:\/\/www.xn--kprmedya-n4a6d.com\/wp-content\/uploads\/2026\/03\/IMG_2852.jpeg\" alt=\"\" class=\"wp-image-7749\" srcset=\"https:\/\/www.xn--kprmedya-n4a6d.com\/wp-content\/uploads\/2026\/03\/IMG_2852.jpeg 1024w, https:\/\/www.xn--kprmedya-n4a6d.com\/wp-content\/uploads\/2026\/03\/IMG_2852-300x200.jpeg 300w, https:\/\/www.xn--kprmedya-n4a6d.com\/wp-content\/uploads\/2026\/03\/IMG_2852-768x512.jpeg 768w\" sizes=\"auto, (max-width: 1024px) 100vw, 1024px\" \/><\/figure>\n\n\n\n<p>Belediye Mustafakemalpa\u015faspor Kul\u00fcp Ba\u015fkan\u0131 \u0130brahim \u00d6zmen, y\u00f6netim kurulu \u00fcyesi \u0130smail Y\u0131lmaz, Teknik Direkt\u00f6r U\u011fur Ar\u0131kan, Sportif Direkt\u00f6r Ali Sel\u00e7uk ve futbolcular\u0131n kat\u0131ld\u0131\u011f\u0131 ziyarette, Ba\u015fkan \u015e\u00fckr\u00fc Erdem\u2019e ad\u0131n\u0131n yaz\u0131l\u0131 oldu\u011fu forma ile bu sezon S\u00fcper Amat\u00f6r Lig\u2019de kazan\u0131lan \u015fampiyonluk kupas\u0131 takdim edildi.<\/p>\n\n\n\n<p>Tak\u0131m kafilesiyle bir s\u00fcre sohbet eden Ba\u015fkan \u015e\u00fckr\u00fc Erdem, elde edilen \u015fampiyonlu\u011fun Mustafakemalpa\u015fa i\u00e7in b\u00fcy\u00fck bir gurur oldu\u011funu belirterek;<\/p>\n\n\n\n<p>\u201cMustafakemalpa\u015fa\u2019ya bu b\u00fcy\u00fck sevinci ya\u015fatan, sahada y\u00fcre\u011fini ortaya koyan t\u00fcm futbolcular\u0131m\u0131z\u0131, teknik ekibimizi ve y\u00f6neticilerimizi y\u00fcrekten kutluyorum. \u00d6n\u00fcn\u00fczde zorlu bir BAL maratonu var. \u0130l\u00e7emizin deste\u011fi her zaman sizinle\u201d ifadelerini kulland\u0131.<\/p>\n\n\n\n<p>Kul\u00fcp Ba\u015fkan\u0131 \u0130brahim \u00d6zmen ise desteklerinden dolay\u0131 Ba\u015fkan Erdem\u2019e te\u015fekk\u00fcr ederek, tak\u0131m i\u00e7inde g\u00fc\u00e7l\u00fc bir aile ortam\u0131 bulundu\u011funu vurgulad\u0131. \u00d6zmen, 7 ma\u00e7l\u0131k play-off serisini ba\u015far\u0131yla tamamlayarak Belediye Mustafakemalpa\u015faspor\u2019u B\u00f6lgesel Amat\u00f6r Lig\u2019e ta\u015f\u0131makta kararl\u0131 olduklar\u0131n\u0131 s\u00f6yledi.<\/p>\n\n\n\n<figure class=\"wp-block-image size-full\"><img loading=\"lazy\" decoding=\"async\" width=\"1024\" height=\"683\" src=\"https:\/\/www.xn--kprmedya-n4a6d.com\/wp-content\/uploads\/2026\/03\/IMG_2850.jpeg\" alt=\"\" class=\"wp-image-7748\" srcset=\"https:\/\/www.xn--kprmedya-n4a6d.com\/wp-content\/uploads\/2026\/03\/IMG_2850.jpeg 1024w, https:\/\/www.xn--kprmedya-n4a6d.com\/wp-content\/uploads\/2026\/03\/IMG_2850-300x200.jpeg 300w, https:\/\/www.xn--kprmedya-n4a6d.com\/wp-content\/uploads\/2026\/03\/IMG_2850-768x512.jpeg 768w\" sizes=\"auto, (max-width: 1024px) 100vw, 1024px\" \/><\/figure>\n\n\n\n<p>Ziyarette ayr\u0131ca tak\u0131m\u0131n yeni transferi, golc\u00fc futbolcu&nbsp;<strong>Furkan \u015eahin<\/strong>&nbsp;de haz\u0131r bulundu. K\u0131rm\u0131z\u0131-lacivertli formay\u0131 giyen 27 ya\u015f\u0131ndaki forvet oyuncusu, 28 Mart\u2019ta Odunlukspor ile oynanacak play-off ilk ma\u00e7\u0131 \u00f6ncesi taraftarlar\u0131 heyecanland\u0131rd\u0131.<\/p>\n\n\n\n<figure class=\"wp-block-image size-full\"><img loading=\"lazy\" decoding=\"async\" width=\"1024\" height=\"517\" src=\"https:\/\/www.xn--kprmedya-n4a6d.com\/wp-content\/uploads\/2026\/03\/IMG_2849.jpeg\" alt=\"\" class=\"wp-image-7750\" srcset=\"https:\/\/www.xn--kprmedya-n4a6d.com\/wp-content\/uploads\/2026\/03\/IMG_2849.jpeg 1024w, https:\/\/www.xn--kprmedya-n4a6d.com\/wp-content\/uploads\/2026\/03\/IMG_2849-300x151.jpeg 300w, https:\/\/www.xn--kprmedya-n4a6d.com\/wp-content\/uploads\/2026\/03\/IMG_2849-768x388.jpeg 768w\" sizes=\"auto, (max-width: 1024px) 100vw, 1024px\" \/><\/figure>\n\n\n\n<p>Belediye Mustafakemalpa\u015faspor, S\u00fcper Amat\u00f6r Lig\u2019de elde etti\u011fi \u015fampiyonlu\u011fun ard\u0131ndan g\u00f6z\u00fcn\u00fc BAL\u2019a y\u00fckselmeye \u00e7evirdi. \u0130l\u00e7ede b\u00fcy\u00fck heyecan olu\u015fturan play-off s\u00fcreci \u00f6ncesi tak\u0131m\u0131n birlik ve motivasyonu dikkat \u00e7ekti.<\/p>\n\n\n\n<figure class=\"wp-block-image size-full\"><img loading=\"lazy\" decoding=\"async\" width=\"825\" height=\"500\" src=\"https:\/\/www.xn--kprmedya-n4a6d.com\/wp-content\/uploads\/2026\/03\/IMG_2848.jpeg\" alt=\"\" class=\"wp-image-7751\" srcset=\"https:\/\/www.xn--kprmedya-n4a6d.com\/wp-content\/uploads\/2026\/03\/IMG_2848.jpeg 825w, https:\/\/www.xn--kprmedya-n4a6d.com\/wp-content\/uploads\/2026\/03\/IMG_2848-300x182.jpeg 300w, https:\/\/www.xn--kprmedya-n4a6d.com\/wp-content\/uploads\/2026\/03\/IMG_2848-768x465.jpeg 768w\" sizes=\"auto, (max-width: 825px) 100vw, 825px\" \/><\/figure>\n","protected":false},"excerpt":{"rendered":"<p>B\u00f6lgesel Amat\u00f6r Lig\u2019e (BAL) y\u00fckselme m\u00fccadelesi verecek olan Belediye Mustafakemalpa\u015faspor y\u00f6netimi ve futbolcular\u0131, Mustafakemalpa\u015fa Belediye Ba\u015fkan\u0131 \u015e\u00fckr\u00fc Erdem\u2019i ziyaret etti. \u015eampiyonluk co\u015fkusunun payla\u015f\u0131ld\u0131\u011f\u0131 ziyarette, k\u0131rm\u0131z\u0131-lacivertli&hellip;<\/p>\n","protected":false},"author":1,"featured_media":7753,"comment_status":"open","ping_status":"open","sticky":false,"template":"","format":"standard","meta":{"advanced_seo_description":"","jetpack_seo_html_title":"","jetpack_seo_noindex":false,"_jetpack_memberships_contains_paid_content":false,"footnotes":"","jetpack_publicize_message":"","jetpack_publicize_feature_enabled":true,"jetpack_social_post_already_shared":true,"jetpack_social_options":{"image_generator_settings":{"template":"highway","default_image_id":0,"font":"","enabled":false},"version":2}},"categories":[8],"tags":[],"class_list":["post-7747","post","type-post","status-publish","format-standard","has-post-thumbnail","hentry","category-foto-galeri"],"jetpack_publicize_connections":[],"jetpack_featured_media_url":"https:\/\/www.xn--kprmedya-n4a6d.com\/wp-content\/uploads\/2026\/03\/IMG_2851.jpeg","jetpack_likes_enabled":true,"jetpack_sharing_enabled":true,"jetpack_shortlink":"https:\/\/wp.me\/pgAB3S-20X","_links":{"self":[{"href":"https:\/\/www.xn--kprmedya-n4a6d.com\/index.php\/wp-json\/wp\/v2\/posts\/7747","targetHints":{"allow":["GET"]}}],"collection":[{"href":"https:\/\/www.xn--kprmedya-n4a6d.com\/index.php\/wp-json\/wp\/v2\/posts"}],"about":[{"href":"https:\/\/www.xn--kprmedya-n4a6d.com\/index.php\/wp-json\/wp\/v2\/types\/post"}],"author":[{"embeddable":true,"href":"https:\/\/www.xn--kprmedya-n4a6d.com\/index.php\/wp-json\/wp\/v2\/users\/1"}],"replies":[{"embeddable":true,"href":"https:\/\/www.xn--kprmedya-n4a6d.com\/index.php\/wp-json\/wp\/v2\/comments?post=7747"}],"version-history":[{"count":1,"href":"https:\/\/www.xn--kprmedya-n4a6d.com\/index.php\/wp-json\/wp\/v2\/posts\/7747\/revisions"}],"predecessor-version":[{"id":7754,"href":"https:\/\/www.xn--kprmedya-n4a6d.com\/index.php\/wp-json\/wp\/v2\/posts\/7747\/revisions\/7754"}],"wp:featuredmedia":[{"embeddable":true,"href":"https:\/\/www.xn--kprmedya-n4a6d.com\/index.php\/wp-json\/wp\/v2\/media\/7753"}],"wp:attachment":[{"href":"https:\/\/www.xn--kprmedya-n4a6d.com\/index.php\/wp-json\/wp\/v2\/media?parent=7747"}],"wp:term":[{"taxonomy":"category","embeddable":true,"href":"https:\/\/www.xn--kprmedya-n4a6d.com\/index.php\/wp-json\/wp\/v2\/categories?post=7747"},{"taxonomy":"post_tag","embeddable":true,"href":"https:\/\/www.xn--kprmedya-n4a6d.com\/index.php\/wp-json\/wp\/v2\/tags?post=7747"}],"curies":[{"name":"wp","href":"https:\/\/api.w.org\/{rel}","templated":true}]}}