{"id":7763,"date":"2026-03-16T08:41:43","date_gmt":"2026-03-16T08:41:43","guid":{"rendered":"https:\/\/www.xn--kprmedya-n4a6d.com\/?p=7763"},"modified":"2026-03-16T08:41:45","modified_gmt":"2026-03-16T08:41:45","slug":"baskan-suat-buldudan-kadir-gecesi-mesaji","status":"publish","type":"post","link":"https:\/\/www.xn--kprmedya-n4a6d.com\/index.php\/2026\/03\/16\/baskan-suat-buldudan-kadir-gecesi-mesaji\/","title":{"rendered":"Ba\u015fkan Suat Buldu\u2019dan Kadir Gecesi Mesaj\u0131"},"content":{"rendered":"\n<figure class=\"wp-block-image size-large\"><img loading=\"lazy\" decoding=\"async\" width=\"1024\" height=\"237\" src=\"https:\/\/www.xn--kprmedya-n4a6d.com\/wp-content\/uploads\/2026\/03\/IMG_5300-36-1024x237.jpeg\" alt=\"\" class=\"wp-image-7766\" srcset=\"https:\/\/www.xn--kprmedya-n4a6d.com\/wp-content\/uploads\/2026\/03\/IMG_5300-36-1024x237.jpeg 1024w, https:\/\/www.xn--kprmedya-n4a6d.com\/wp-content\/uploads\/2026\/03\/IMG_5300-36-300x70.jpeg 300w, https:\/\/www.xn--kprmedya-n4a6d.com\/wp-content\/uploads\/2026\/03\/IMG_5300-36-768x178.jpeg 768w, https:\/\/www.xn--kprmedya-n4a6d.com\/wp-content\/uploads\/2026\/03\/IMG_5300-36.jpeg 1200w\" sizes=\"auto, (max-width: 1024px) 100vw, 1024px\" \/><\/figure>\n\n\n\n<p><strong>Milliyet\u00e7i Hareket Partisi (MHP) Mustafakemalpa\u015fa \u0130l\u00e7e Ba\u015fkan\u0131 Suat Buldu, Kadir Gecesi dolay\u0131s\u0131yla yaz\u0131l\u0131 bir kutlama mesaj\u0131 yay\u0131mlad\u0131.<\/strong><\/p>\n\n\n\n<p>Buldu mesaj\u0131nda, m\u00fcbarek Ramazan ay\u0131n\u0131n en \u00f6nemli gecelerinden biri olan Kadir Gecesi\u2019ne ula\u015fman\u0131n huzur ve heyecan\u0131n\u0131 ya\u015fad\u0131klar\u0131n\u0131 belirterek, bu m\u00fcstesna gecenin manevi de\u011ferine vurgu yapt\u0131.<\/p>\n\n\n\n<p>Kadir Gecesi\u2019nin sadece ibadet edilen bir zaman dilimi olmad\u0131\u011f\u0131n\u0131 ifade eden Buldu, ayn\u0131 zamanda karde\u015fli\u011fin g\u00fc\u00e7lendi\u011fi, birlik ve beraberlik duygular\u0131n\u0131n peki\u015fti\u011fi \u00f6nemli bir f\u0131rsat oldu\u011funu dile getirdi. Buldu, mesaj\u0131nda toplumun dayan\u0131\u015fma ruhunu korumas\u0131n\u0131n \u00f6nemine dikkat \u00e7ekti.<\/p>\n\n\n\n<p><strong>\u201cBirlik ve Beraberlik En B\u00fcy\u00fck G\u00fcc\u00fcm\u00fcz\u201d<\/strong><\/p>\n\n\n\n<p>MHP Mustafakemalpa\u015fa \u0130l\u00e7e Ba\u015fkan\u0131 Buldu, Milliyet\u00e7i Hareket\u2019in her zaman devletin ve milletin yan\u0131nda oldu\u011funu belirterek, \u015fu ifadelere yer verdi:<\/p>\n\n\n\n<p>\u201cBilge Liderimiz, Genel Ba\u015fkan\u0131m\u0131z Devlet Bah\u00e7eli\u2019nin de ifade etti\u011fi gibi milli birlik ve beraberlik, T\u00fcrk milletinin en b\u00fcy\u00fck s\u0131\u011f\u0131na\u011f\u0131 ve y\u0131k\u0131lmaz kalesidir. Bizler de Milliyet\u00e7i Hareket Partisi Mustafakemalpa\u015fa \u0130l\u00e7e Te\u015fkilat\u0131 olarak ay y\u0131ld\u0131zl\u0131 al bayra\u011f\u0131m\u0131z\u0131n alt\u0131nda, devletimizin bekas\u0131 ve milletimizin huzuru i\u00e7in kararl\u0131l\u0131kla y\u00fcr\u00fcmeye devam ediyoruz.\u201d<\/p>\n\n\n\n<p><strong>\u201cKenetlenme Vurgusu\u201d<\/strong><\/p>\n\n\n\n<p>\u0130\u00e7inden ge\u00e7ilen s\u00fcre\u00e7te toplumun daha fazla kenetlenmesi gerekti\u011fini belirten Buldu, Kadir Gecesi\u2019nin getirdi\u011fi manevi iklimin Mustafakemalpa\u015fa ba\u015fta olmak \u00fczere t\u00fcm T\u00fcrkiye\u2019de sevgi, sayg\u0131 ve dayan\u0131\u015fmay\u0131 art\u0131raca\u011f\u0131na inand\u0131\u011f\u0131n\u0131 ifade etti.<\/p>\n\n\n\n<p><strong>\u0130slam Alemine Tebrik<\/strong><\/p>\n\n\n\n<p>Mesaj\u0131n\u0131n sonunda t\u00fcm vatanda\u015flar\u0131n Kadir Gecesi\u2019ni kutlayan Buldu, \u015fu dileklerde bulundu:<\/p>\n\n\n\n<p>\u201cBa\u015fta Mustafakemalpa\u015fal\u0131 hem\u015fehrilerim olmak \u00fczere aziz T\u00fcrk milletinin ve t\u00fcm \u0130slam aleminin Kadir Gecesi\u2019ni en kalbi duygular\u0131mla tebrik ediyorum. Bu m\u00fcbarek gecenin vatan\u0131m\u0131za dirlik, milletimize birlik ve t\u00fcm insanl\u0131\u011fa bar\u0131\u015f getirmesini Cenab-\u0131 Allah\u2019tan niyaz ediyorum.\u201d<\/p>\n\n\n\n<p>Buldu, mesaj\u0131n\u0131&nbsp;<strong>\u201cDualar\u0131m\u0131z bir, \u00fclk\u00fcm\u00fcz bir, gelece\u011fimiz birdir. Kadir Gecemiz m\u00fcbarek olsun.\u201d<\/strong>s\u00f6zleriyle tamamlad\u0131.<\/p>\n\n\n\n<figure class=\"wp-block-image size-full\"><img loading=\"lazy\" decoding=\"async\" width=\"825\" height=\"500\" src=\"https:\/\/www.xn--kprmedya-n4a6d.com\/wp-content\/uploads\/2026\/03\/IMG_2848-1.jpeg\" alt=\"\" class=\"wp-image-7756\" srcset=\"https:\/\/www.xn--kprmedya-n4a6d.com\/wp-content\/uploads\/2026\/03\/IMG_2848-1.jpeg 825w, https:\/\/www.xn--kprmedya-n4a6d.com\/wp-content\/uploads\/2026\/03\/IMG_2848-1-300x182.jpeg 300w, https:\/\/www.xn--kprmedya-n4a6d.com\/wp-content\/uploads\/2026\/03\/IMG_2848-1-768x465.jpeg 768w\" sizes=\"auto, (max-width: 825px) 100vw, 825px\" \/><\/figure>\n","protected":false},"excerpt":{"rendered":"<p>Milliyet\u00e7i Hareket Partisi (MHP) Mustafakemalpa\u015fa \u0130l\u00e7e Ba\u015fkan\u0131 Suat Buldu, Kadir Gecesi dolay\u0131s\u0131yla yaz\u0131l\u0131 bir kutlama mesaj\u0131 yay\u0131mlad\u0131. Buldu mesaj\u0131nda, m\u00fcbarek Ramazan ay\u0131n\u0131n en \u00f6nemli gecelerinden&hellip;<\/p>\n","protected":false},"author":1,"featured_media":7767,"comment_status":"open","ping_status":"open","sticky":false,"template":"","format":"standard","meta":{"advanced_seo_description":"","jetpack_seo_html_title":"","jetpack_seo_noindex":false,"_jetpack_memberships_contains_paid_content":false,"footnotes":"","jetpack_publicize_message":"","jetpack_publicize_feature_enabled":true,"jetpack_social_post_already_shared":true,"jetpack_social_options":{"image_generator_settings":{"template":"highway","default_image_id":0,"font":"","enabled":false},"version":2}},"categories":[8],"tags":[],"class_list":["post-7763","post","type-post","status-publish","format-standard","has-post-thumbnail","hentry","category-foto-galeri"],"jetpack_publicize_connections":[],"jetpack_featured_media_url":"https:\/\/www.xn--kprmedya-n4a6d.com\/wp-content\/uploads\/2026\/03\/IMG_2938-scaled.jpeg","jetpack_likes_enabled":true,"jetpack_sharing_enabled":true,"jetpack_shortlink":"https:\/\/wp.me\/pgAB3S-21d","_links":{"self":[{"href":"https:\/\/www.xn--kprmedya-n4a6d.com\/index.php\/wp-json\/wp\/v2\/posts\/7763","targetHints":{"allow":["GET"]}}],"collection":[{"href":"https:\/\/www.xn--kprmedya-n4a6d.com\/index.php\/wp-json\/wp\/v2\/posts"}],"about":[{"href":"https:\/\/www.xn--kprmedya-n4a6d.com\/index.php\/wp-json\/wp\/v2\/types\/post"}],"author":[{"embeddable":true,"href":"https:\/\/www.xn--kprmedya-n4a6d.com\/index.php\/wp-json\/wp\/v2\/users\/1"}],"replies":[{"embeddable":true,"href":"https:\/\/www.xn--kprmedya-n4a6d.com\/index.php\/wp-json\/wp\/v2\/comments?post=7763"}],"version-history":[{"count":1,"href":"https:\/\/www.xn--kprmedya-n4a6d.com\/index.php\/wp-json\/wp\/v2\/posts\/7763\/revisions"}],"predecessor-version":[{"id":7768,"href":"https:\/\/www.xn--kprmedya-n4a6d.com\/index.php\/wp-json\/wp\/v2\/posts\/7763\/revisions\/7768"}],"wp:featuredmedia":[{"embeddable":true,"href":"https:\/\/www.xn--kprmedya-n4a6d.com\/index.php\/wp-json\/wp\/v2\/media\/7767"}],"wp:attachment":[{"href":"https:\/\/www.xn--kprmedya-n4a6d.com\/index.php\/wp-json\/wp\/v2\/media?parent=7763"}],"wp:term":[{"taxonomy":"category","embeddable":true,"href":"https:\/\/www.xn--kprmedya-n4a6d.com\/index.php\/wp-json\/wp\/v2\/categories?post=7763"},{"taxonomy":"post_tag","embeddable":true,"href":"https:\/\/www.xn--kprmedya-n4a6d.com\/index.php\/wp-json\/wp\/v2\/tags?post=7763"}],"curies":[{"name":"wp","href":"https:\/\/api.w.org\/{rel}","templated":true}]}}