{"id":7769,"date":"2026-03-16T11:13:46","date_gmt":"2026-03-16T11:13:46","guid":{"rendered":"https:\/\/www.xn--kprmedya-n4a6d.com\/?p=7769"},"modified":"2026-03-16T11:13:47","modified_gmt":"2026-03-16T11:13:47","slug":"pasader-baskani-dr-murat-tuncelden-kadir-gecesi-mesaji","status":"publish","type":"post","link":"https:\/\/www.xn--kprmedya-n4a6d.com\/index.php\/2026\/03\/16\/pasader-baskani-dr-murat-tuncelden-kadir-gecesi-mesaji\/","title":{"rendered":"PA\u015eADER Ba\u015fkan\u0131 Dr. Murat Tun\u00e7el\u2019den Kadir Gecesi Mesaj\u0131"},"content":{"rendered":"\n<figure class=\"wp-block-image size-large\"><img loading=\"lazy\" decoding=\"async\" width=\"1024\" height=\"237\" src=\"https:\/\/www.xn--kprmedya-n4a6d.com\/wp-content\/uploads\/2026\/03\/IMG_5300-37-1024x237.jpeg\" alt=\"\" class=\"wp-image-7771\" srcset=\"https:\/\/www.xn--kprmedya-n4a6d.com\/wp-content\/uploads\/2026\/03\/IMG_5300-37-1024x237.jpeg 1024w, https:\/\/www.xn--kprmedya-n4a6d.com\/wp-content\/uploads\/2026\/03\/IMG_5300-37-300x70.jpeg 300w, https:\/\/www.xn--kprmedya-n4a6d.com\/wp-content\/uploads\/2026\/03\/IMG_5300-37-768x178.jpeg 768w, https:\/\/www.xn--kprmedya-n4a6d.com\/wp-content\/uploads\/2026\/03\/IMG_5300-37.jpeg 1200w\" sizes=\"auto, (max-width: 1024px) 100vw, 1024px\" \/><\/figure>\n\n\n\n<p><strong>PA\u015eADER Ba\u015fkan\u0131 Dr. Murat Tun\u00e7el, Kadir Gecesi dolay\u0131s\u0131yla bir kutlama mesaj\u0131 yay\u0131mlad\u0131.<\/strong>Tun\u00e7el, mesaj\u0131nda Kadir Gecesi\u2019nin \u0130slam \u00e2lemi i\u00e7in ta\u015f\u0131d\u0131\u011f\u0131 b\u00fcy\u00fck manevi de\u011fere dikkat \u00e7ekerek, bu m\u00fcbarek gecenin birlik, huzur ve bereket getirmesini temenni etti.<\/p>\n\n\n\n<p>Dr. Murat Tun\u00e7el mesaj\u0131nda,&nbsp;<strong>bin aydan daha hay\u0131rl\u0131 oldu\u011fu m\u00fcjdelenen Kadir Gecesi\u2019nin<\/strong>&nbsp;g\u00f6n\u00fcllere huzur, hayatlara bereket ve topluma karde\u015flik duygular\u0131 getirmesi dile\u011finde bulundu.<\/p>\n\n\n\n<p>Tun\u00e7el a\u00e7\u0131klamas\u0131nda \u015fu ifadelere yer verdi:<\/p>\n\n\n\n<p>\u201cBin aydan hay\u0131rl\u0131 olan bu m\u00fcbarek Kadir Gecesi\u2019nin kalplerimize huzur, g\u00f6n\u00fcllerimize ferahl\u0131k, hayat\u0131m\u0131za bereket getirmesini diliyorum. Dualar\u0131m\u0131z\u0131n kabul, g\u00fcnahlar\u0131m\u0131z\u0131n affa u\u011frad\u0131\u011f\u0131, rahmet ve ma\u011ffiretin \u00fczerimize ya\u011fd\u0131\u011f\u0131 bu gecede; sevdiklerinizle birlikte sa\u011fl\u0131k, mutluluk ve huzur dolu bir \u00f6m\u00fcr temenni ediyorum.\u201d<\/p>\n\n\n\n<p>PA\u015eADER Ba\u015fkan\u0131 Tun\u00e7el, mesaj\u0131n\u0131n sonunda&nbsp;<strong>t\u00fcm \u0130slam \u00e2leminin Kadir Gecesi\u2019ni tebrik ederek<\/strong>, bu m\u00fcbarek gecenin insanl\u0131\u011fa bar\u0131\u015f, karde\u015flik ve dayan\u0131\u015fma getirmesini diledi.<\/p>\n\n\n\n<figure class=\"wp-block-image size-full\"><img loading=\"lazy\" decoding=\"async\" width=\"825\" height=\"500\" src=\"https:\/\/www.xn--kprmedya-n4a6d.com\/wp-content\/uploads\/2026\/03\/IMG_2848-3.jpeg\" alt=\"\" class=\"wp-image-7770\" srcset=\"https:\/\/www.xn--kprmedya-n4a6d.com\/wp-content\/uploads\/2026\/03\/IMG_2848-3.jpeg 825w, https:\/\/www.xn--kprmedya-n4a6d.com\/wp-content\/uploads\/2026\/03\/IMG_2848-3-300x182.jpeg 300w, https:\/\/www.xn--kprmedya-n4a6d.com\/wp-content\/uploads\/2026\/03\/IMG_2848-3-768x465.jpeg 768w\" sizes=\"auto, (max-width: 825px) 100vw, 825px\" \/><\/figure>\n","protected":false},"excerpt":{"rendered":"<p>PA\u015eADER Ba\u015fkan\u0131 Dr. Murat Tun\u00e7el, Kadir Gecesi dolay\u0131s\u0131yla bir kutlama mesaj\u0131 yay\u0131mlad\u0131.Tun\u00e7el, mesaj\u0131nda Kadir Gecesi\u2019nin \u0130slam \u00e2lemi i\u00e7in ta\u015f\u0131d\u0131\u011f\u0131 b\u00fcy\u00fck manevi de\u011fere dikkat \u00e7ekerek, bu&hellip;<\/p>\n","protected":false},"author":1,"featured_media":7772,"comment_status":"open","ping_status":"open","sticky":false,"template":"","format":"standard","meta":{"advanced_seo_description":"","jetpack_seo_html_title":"","jetpack_seo_noindex":false,"_jetpack_memberships_contains_paid_content":false,"footnotes":"","jetpack_publicize_message":"","jetpack_publicize_feature_enabled":true,"jetpack_social_post_already_shared":true,"jetpack_social_options":{"image_generator_settings":{"template":"highway","default_image_id":0,"font":"","enabled":false},"version":2}},"categories":[8],"tags":[],"class_list":["post-7769","post","type-post","status-publish","format-standard","has-post-thumbnail","hentry","category-foto-galeri"],"jetpack_publicize_connections":[],"jetpack_featured_media_url":"https:\/\/www.xn--kprmedya-n4a6d.com\/wp-content\/uploads\/2026\/03\/IMG_2950-scaled.jpeg","jetpack_likes_enabled":true,"jetpack_sharing_enabled":true,"jetpack_shortlink":"https:\/\/wp.me\/pgAB3S-21j","_links":{"self":[{"href":"https:\/\/www.xn--kprmedya-n4a6d.com\/index.php\/wp-json\/wp\/v2\/posts\/7769","targetHints":{"allow":["GET"]}}],"collection":[{"href":"https:\/\/www.xn--kprmedya-n4a6d.com\/index.php\/wp-json\/wp\/v2\/posts"}],"about":[{"href":"https:\/\/www.xn--kprmedya-n4a6d.com\/index.php\/wp-json\/wp\/v2\/types\/post"}],"author":[{"embeddable":true,"href":"https:\/\/www.xn--kprmedya-n4a6d.com\/index.php\/wp-json\/wp\/v2\/users\/1"}],"replies":[{"embeddable":true,"href":"https:\/\/www.xn--kprmedya-n4a6d.com\/index.php\/wp-json\/wp\/v2\/comments?post=7769"}],"version-history":[{"count":1,"href":"https:\/\/www.xn--kprmedya-n4a6d.com\/index.php\/wp-json\/wp\/v2\/posts\/7769\/revisions"}],"predecessor-version":[{"id":7773,"href":"https:\/\/www.xn--kprmedya-n4a6d.com\/index.php\/wp-json\/wp\/v2\/posts\/7769\/revisions\/7773"}],"wp:featuredmedia":[{"embeddable":true,"href":"https:\/\/www.xn--kprmedya-n4a6d.com\/index.php\/wp-json\/wp\/v2\/media\/7772"}],"wp:attachment":[{"href":"https:\/\/www.xn--kprmedya-n4a6d.com\/index.php\/wp-json\/wp\/v2\/media?parent=7769"}],"wp:term":[{"taxonomy":"category","embeddable":true,"href":"https:\/\/www.xn--kprmedya-n4a6d.com\/index.php\/wp-json\/wp\/v2\/categories?post=7769"},{"taxonomy":"post_tag","embeddable":true,"href":"https:\/\/www.xn--kprmedya-n4a6d.com\/index.php\/wp-json\/wp\/v2\/tags?post=7769"}],"curies":[{"name":"wp","href":"https:\/\/api.w.org\/{rel}","templated":true}]}}