{"id":7781,"date":"2026-03-16T11:40:12","date_gmt":"2026-03-16T11:40:12","guid":{"rendered":"https:\/\/www.xn--kprmedya-n4a6d.com\/?p=7781"},"modified":"2026-03-16T11:40:14","modified_gmt":"2026-03-16T11:40:14","slug":"selimiyespordan-altin-degerinde-3-puan","status":"publish","type":"post","link":"https:\/\/www.xn--kprmedya-n4a6d.com\/index.php\/2026\/03\/16\/selimiyespordan-altin-degerinde-3-puan\/","title":{"rendered":"Selimiyespor\u2019dan Alt\u0131n De\u011ferinde 3 Puan"},"content":{"rendered":"\n<figure class=\"wp-block-image size-large\"><img loading=\"lazy\" decoding=\"async\" width=\"1024\" height=\"237\" src=\"https:\/\/www.xn--kprmedya-n4a6d.com\/wp-content\/uploads\/2026\/03\/IMG_5300-39-1024x237.jpeg\" alt=\"\" class=\"wp-image-7783\" srcset=\"https:\/\/www.xn--kprmedya-n4a6d.com\/wp-content\/uploads\/2026\/03\/IMG_5300-39-1024x237.jpeg 1024w, https:\/\/www.xn--kprmedya-n4a6d.com\/wp-content\/uploads\/2026\/03\/IMG_5300-39-300x70.jpeg 300w, https:\/\/www.xn--kprmedya-n4a6d.com\/wp-content\/uploads\/2026\/03\/IMG_5300-39-768x178.jpeg 768w, https:\/\/www.xn--kprmedya-n4a6d.com\/wp-content\/uploads\/2026\/03\/IMG_5300-39.jpeg 1200w\" sizes=\"auto, (max-width: 1024px) 100vw, 1024px\" \/><\/figure>\n\n\n\n<p>Bursa 2. K\u00fcme\u2019de oynanan m\u00fccadelede Selimiyespor ile MKP 2014 kar\u015f\u0131 kar\u015f\u0131ya geldi. B\u00fcy\u00fck \u00e7eki\u015fmeye sahne olan kar\u015f\u0131la\u015fmada g\u00fclen taraf 2-1\u2019lik skorla Selimiyespor oldu.<\/p>\n\n\n\n<p>Ma\u00e7a etkili ba\u015flayan Selimiyespor, ilk yar\u0131da buldu\u011fu golle \u00f6ne ge\u00e7meyi ba\u015fard\u0131. Kar\u015f\u0131la\u015fman\u0131n ilk b\u00f6l\u00fcm\u00fcnde kazan\u0131lan penalt\u0131 at\u0131\u015f\u0131nda topun ba\u015f\u0131na ge\u00e7en&nbsp;<strong>Umut Kale<\/strong>, me\u015fin yuvarla\u011f\u0131 a\u011flarla bulu\u015fturarak tak\u0131m\u0131n\u0131 1-0 \u00f6ne ge\u00e7irdi. \u0130lk yar\u0131n\u0131n kalan dakikalar\u0131nda ba\u015fka gol olmay\u0131nca Selimiyespor soyunma odas\u0131na 1-0\u2019l\u0131k \u00fcst\u00fcnl\u00fckle gitti.<\/p>\n\n\n\n<p>\u0130kinci yar\u0131ya h\u0131zl\u0131 ba\u015flayan MKP 2014, hen\u00fcz&nbsp;<strong>46. dakikada<\/strong>&nbsp;buldu\u011fu golle skora denge getirdi ve durum&nbsp;<strong>1-1<\/strong>&nbsp;oldu. Bu gol\u00fcn ard\u0131ndan iki tak\u0131m da galibiyet i\u00e7in ataklar\u0131n\u0131 s\u0131kla\u015ft\u0131rd\u0131.<\/p>\n\n\n\n<p>Dakikalar&nbsp;<strong>65\u2019i<\/strong>&nbsp;g\u00f6sterdi\u011finde sahneye \u00e7\u0131kan&nbsp;<strong>Emirhan Erman<\/strong>, kaydetti\u011fi golle Selimiyespor\u2019u yeniden \u00f6ne ge\u00e7irdi ve skor&nbsp;<strong>2-1<\/strong>&nbsp;oldu.<\/p>\n\n\n\n<p>Kar\u015f\u0131la\u015fman\u0131n son b\u00f6l\u00fcm\u00fcnde her iki tak\u0131m da \u00f6nemli f\u0131rsatlar yakalad\u0131. Kalecilerin ve savunmalar\u0131n \u00f6n plana \u00e7\u0131kt\u0131\u011f\u0131 son dakikalarda ba\u015fka gol olmay\u0131nca m\u00fccadele&nbsp;<strong>Selimiyespor\u2019un 2-1\u2019lik \u00fcst\u00fcnl\u00fc\u011f\u00fcyle<\/strong>sona erdi.<\/p>\n\n\n\n<p>Bu sonu\u00e7la Selimiyespor sahadan \u00fc\u00e7 puanla ayr\u0131l\u0131rken, m\u00fccadele boyunca iki tak\u0131m\u0131n da ortaya koydu\u011fu istekli oyun trib\u00fcnlerden alk\u0131\u015f ald\u0131.<\/p>\n\n\n\n<figure class=\"wp-block-image size-full\"><img loading=\"lazy\" decoding=\"async\" width=\"825\" height=\"500\" src=\"https:\/\/www.xn--kprmedya-n4a6d.com\/wp-content\/uploads\/2026\/03\/IMG_2848-4.jpeg\" alt=\"\" class=\"wp-image-7775\" srcset=\"https:\/\/www.xn--kprmedya-n4a6d.com\/wp-content\/uploads\/2026\/03\/IMG_2848-4.jpeg 825w, https:\/\/www.xn--kprmedya-n4a6d.com\/wp-content\/uploads\/2026\/03\/IMG_2848-4-300x182.jpeg 300w, https:\/\/www.xn--kprmedya-n4a6d.com\/wp-content\/uploads\/2026\/03\/IMG_2848-4-768x465.jpeg 768w\" sizes=\"auto, (max-width: 825px) 100vw, 825px\" \/><\/figure>\n","protected":false},"excerpt":{"rendered":"<p>Bursa 2. K\u00fcme\u2019de oynanan m\u00fccadelede Selimiyespor ile MKP 2014 kar\u015f\u0131 kar\u015f\u0131ya geldi. B\u00fcy\u00fck \u00e7eki\u015fmeye sahne olan kar\u015f\u0131la\u015fmada g\u00fclen taraf 2-1\u2019lik skorla Selimiyespor oldu. Ma\u00e7a etkili&hellip;<\/p>\n","protected":false},"author":1,"featured_media":7784,"comment_status":"open","ping_status":"open","sticky":false,"template":"","format":"standard","meta":{"advanced_seo_description":"","jetpack_seo_html_title":"","jetpack_seo_noindex":false,"_jetpack_memberships_contains_paid_content":false,"footnotes":"","jetpack_publicize_message":"","jetpack_publicize_feature_enabled":true,"jetpack_social_post_already_shared":true,"jetpack_social_options":{"image_generator_settings":{"template":"highway","default_image_id":0,"font":"","enabled":false},"version":2}},"categories":[8],"tags":[],"class_list":["post-7781","post","type-post","status-publish","format-standard","has-post-thumbnail","hentry","category-foto-galeri"],"jetpack_publicize_connections":[],"jetpack_featured_media_url":"https:\/\/www.xn--kprmedya-n4a6d.com\/wp-content\/uploads\/2026\/03\/e73b1c1b-6a4a-4ba3-ac8f-6a0a4ecb2d29-1-scaled.jpeg","jetpack_likes_enabled":true,"jetpack_sharing_enabled":true,"jetpack_shortlink":"https:\/\/wp.me\/pgAB3S-21v","_links":{"self":[{"href":"https:\/\/www.xn--kprmedya-n4a6d.com\/index.php\/wp-json\/wp\/v2\/posts\/7781","targetHints":{"allow":["GET"]}}],"collection":[{"href":"https:\/\/www.xn--kprmedya-n4a6d.com\/index.php\/wp-json\/wp\/v2\/posts"}],"about":[{"href":"https:\/\/www.xn--kprmedya-n4a6d.com\/index.php\/wp-json\/wp\/v2\/types\/post"}],"author":[{"embeddable":true,"href":"https:\/\/www.xn--kprmedya-n4a6d.com\/index.php\/wp-json\/wp\/v2\/users\/1"}],"replies":[{"embeddable":true,"href":"https:\/\/www.xn--kprmedya-n4a6d.com\/index.php\/wp-json\/wp\/v2\/comments?post=7781"}],"version-history":[{"count":1,"href":"https:\/\/www.xn--kprmedya-n4a6d.com\/index.php\/wp-json\/wp\/v2\/posts\/7781\/revisions"}],"predecessor-version":[{"id":7785,"href":"https:\/\/www.xn--kprmedya-n4a6d.com\/index.php\/wp-json\/wp\/v2\/posts\/7781\/revisions\/7785"}],"wp:featuredmedia":[{"embeddable":true,"href":"https:\/\/www.xn--kprmedya-n4a6d.com\/index.php\/wp-json\/wp\/v2\/media\/7784"}],"wp:attachment":[{"href":"https:\/\/www.xn--kprmedya-n4a6d.com\/index.php\/wp-json\/wp\/v2\/media?parent=7781"}],"wp:term":[{"taxonomy":"category","embeddable":true,"href":"https:\/\/www.xn--kprmedya-n4a6d.com\/index.php\/wp-json\/wp\/v2\/categories?post=7781"},{"taxonomy":"post_tag","embeddable":true,"href":"https:\/\/www.xn--kprmedya-n4a6d.com\/index.php\/wp-json\/wp\/v2\/tags?post=7781"}],"curies":[{"name":"wp","href":"https:\/\/api.w.org\/{rel}","templated":true}]}}