{"id":7805,"date":"2026-03-16T13:22:35","date_gmt":"2026-03-16T13:22:35","guid":{"rendered":"https:\/\/www.xn--kprmedya-n4a6d.com\/?p=7805"},"modified":"2026-03-16T13:24:27","modified_gmt":"2026-03-16T13:24:27","slug":"baskani-demirden-kadir-gecesi-mesaji","status":"publish","type":"post","link":"https:\/\/www.xn--kprmedya-n4a6d.com\/index.php\/2026\/03\/16\/baskani-demirden-kadir-gecesi-mesaji\/","title":{"rendered":"Ba\u015fkan Demir\u2019den Kadir Gecesi Mesaj\u0131"},"content":{"rendered":"\n<figure class=\"wp-block-image size-large\"><img loading=\"lazy\" decoding=\"async\" width=\"1024\" height=\"237\" src=\"https:\/\/www.xn--kprmedya-n4a6d.com\/wp-content\/uploads\/2026\/03\/IMG_5300-45-1024x237.jpeg\" alt=\"\" class=\"wp-image-7808\" srcset=\"https:\/\/www.xn--kprmedya-n4a6d.com\/wp-content\/uploads\/2026\/03\/IMG_5300-45-1024x237.jpeg 1024w, https:\/\/www.xn--kprmedya-n4a6d.com\/wp-content\/uploads\/2026\/03\/IMG_5300-45-300x70.jpeg 300w, https:\/\/www.xn--kprmedya-n4a6d.com\/wp-content\/uploads\/2026\/03\/IMG_5300-45-768x178.jpeg 768w, https:\/\/www.xn--kprmedya-n4a6d.com\/wp-content\/uploads\/2026\/03\/IMG_5300-45.jpeg 1200w\" sizes=\"auto, (max-width: 1024px) 100vw, 1024px\" \/><\/figure>\n\n\n\n<p>Cumhuriyet Halk Partisi (CHP) Mustafakemalpa\u015fa \u0130l\u00e7e Ba\u015fkan\u0131&nbsp;<strong>G\u00f6khan Demir<\/strong>, m\u00fcbarek Kadir Gecesi dolay\u0131s\u0131yla bir kutlama mesaj\u0131 yay\u0131mlad\u0131.<\/p>\n\n\n\n<p>Ramazan ay\u0131n\u0131n manevi ikliminde birlik, beraberlik ve dayan\u0131\u015fma duygular\u0131n\u0131n daha da g\u00fc\u00e7lendi\u011fini ifade eden Demir, payla\u015fman\u0131n ve karde\u015fli\u011fin \u00f6nemine dikkat \u00e7ekti. Ramazan ay\u0131 boyunca ayn\u0131 sofralarda bulu\u015farak dayan\u0131\u015fman\u0131n en g\u00fczel \u00f6rneklerinin ya\u015fand\u0131\u011f\u0131n\u0131 belirten Demir, bu m\u00fcbarek gecenin t\u00fcm insanl\u0131\u011fa huzur ve bereket getirmesi temennisinde bulundu.<\/p>\n\n\n\n<p>Demir mesaj\u0131nda \u015fu ifadelere yer verdi:<\/p>\n\n\n\n<p>\u201cGeride b\u0131rakmaya haz\u0131rland\u0131\u011f\u0131m\u0131z Ramazan ay\u0131n\u0131n manevi ikliminde, ayn\u0131 sofralarda bulu\u015farak say\u0131s\u0131z hat\u0131ra biriktirdik; payla\u015fman\u0131n, dayan\u0131\u015fman\u0131n ve karde\u015fli\u011fin en g\u00fczel \u00f6rneklerini hep birlikte ya\u015fad\u0131k. Bin aydan daha hay\u0131rl\u0131 oldu\u011fu m\u00fcjdelenen Kadir Gecesi\u2019nin; il\u00e7emize, \u00fclkemize ve t\u00fcm insanl\u0131\u011fa sa\u011fl\u0131k, huzur, bar\u0131\u015f ve bereket getirmesini temenni ediyorum.\u201d<\/p>\n\n\n\n<p>G\u00f6khan Demir, mesaj\u0131n\u0131n sonunda t\u00fcm Mustafakemalpa\u015fal\u0131lar\u0131n Kadir Gecesi\u2019ni tebrik ederek dualar\u0131n kabul olmas\u0131n\u0131 diledi.<\/p>\n\n\n\n<figure class=\"wp-block-image size-full\"><img loading=\"lazy\" decoding=\"async\" width=\"825\" height=\"500\" src=\"https:\/\/www.xn--kprmedya-n4a6d.com\/wp-content\/uploads\/2026\/03\/IMG_2848-8.jpeg\" alt=\"\" class=\"wp-image-7807\" srcset=\"https:\/\/www.xn--kprmedya-n4a6d.com\/wp-content\/uploads\/2026\/03\/IMG_2848-8.jpeg 825w, https:\/\/www.xn--kprmedya-n4a6d.com\/wp-content\/uploads\/2026\/03\/IMG_2848-8-300x182.jpeg 300w, https:\/\/www.xn--kprmedya-n4a6d.com\/wp-content\/uploads\/2026\/03\/IMG_2848-8-768x465.jpeg 768w\" sizes=\"auto, (max-width: 825px) 100vw, 825px\" \/><\/figure>\n","protected":false},"excerpt":{"rendered":"<p>Cumhuriyet Halk Partisi (CHP) Mustafakemalpa\u015fa \u0130l\u00e7e Ba\u015fkan\u0131&nbsp;G\u00f6khan Demir, m\u00fcbarek Kadir Gecesi dolay\u0131s\u0131yla bir kutlama mesaj\u0131 yay\u0131mlad\u0131. Ramazan ay\u0131n\u0131n manevi ikliminde birlik, beraberlik ve dayan\u0131\u015fma duygular\u0131n\u0131n&hellip;<\/p>\n","protected":false},"author":1,"featured_media":7806,"comment_status":"open","ping_status":"open","sticky":false,"template":"","format":"standard","meta":{"advanced_seo_description":"","jetpack_seo_html_title":"","jetpack_seo_noindex":false,"_jetpack_memberships_contains_paid_content":false,"footnotes":"","jetpack_publicize_message":"","jetpack_publicize_feature_enabled":true,"jetpack_social_post_already_shared":true,"jetpack_social_options":{"image_generator_settings":{"template":"highway","default_image_id":0,"font":"","enabled":false},"version":2}},"categories":[8],"tags":[],"class_list":["post-7805","post","type-post","status-publish","format-standard","has-post-thumbnail","hentry","category-foto-galeri"],"jetpack_publicize_connections":[],"jetpack_featured_media_url":"https:\/\/www.xn--kprmedya-n4a6d.com\/wp-content\/uploads\/2026\/03\/IMG_2905.jpeg","jetpack_likes_enabled":true,"jetpack_sharing_enabled":true,"jetpack_shortlink":"https:\/\/wp.me\/pgAB3S-21T","_links":{"self":[{"href":"https:\/\/www.xn--kprmedya-n4a6d.com\/index.php\/wp-json\/wp\/v2\/posts\/7805","targetHints":{"allow":["GET"]}}],"collection":[{"href":"https:\/\/www.xn--kprmedya-n4a6d.com\/index.php\/wp-json\/wp\/v2\/posts"}],"about":[{"href":"https:\/\/www.xn--kprmedya-n4a6d.com\/index.php\/wp-json\/wp\/v2\/types\/post"}],"author":[{"embeddable":true,"href":"https:\/\/www.xn--kprmedya-n4a6d.com\/index.php\/wp-json\/wp\/v2\/users\/1"}],"replies":[{"embeddable":true,"href":"https:\/\/www.xn--kprmedya-n4a6d.com\/index.php\/wp-json\/wp\/v2\/comments?post=7805"}],"version-history":[{"count":2,"href":"https:\/\/www.xn--kprmedya-n4a6d.com\/index.php\/wp-json\/wp\/v2\/posts\/7805\/revisions"}],"predecessor-version":[{"id":7812,"href":"https:\/\/www.xn--kprmedya-n4a6d.com\/index.php\/wp-json\/wp\/v2\/posts\/7805\/revisions\/7812"}],"wp:featuredmedia":[{"embeddable":true,"href":"https:\/\/www.xn--kprmedya-n4a6d.com\/index.php\/wp-json\/wp\/v2\/media\/7806"}],"wp:attachment":[{"href":"https:\/\/www.xn--kprmedya-n4a6d.com\/index.php\/wp-json\/wp\/v2\/media?parent=7805"}],"wp:term":[{"taxonomy":"category","embeddable":true,"href":"https:\/\/www.xn--kprmedya-n4a6d.com\/index.php\/wp-json\/wp\/v2\/categories?post=7805"},{"taxonomy":"post_tag","embeddable":true,"href":"https:\/\/www.xn--kprmedya-n4a6d.com\/index.php\/wp-json\/wp\/v2\/tags?post=7805"}],"curies":[{"name":"wp","href":"https:\/\/api.w.org\/{rel}","templated":true}]}}