{"id":7821,"date":"2026-03-17T14:21:56","date_gmt":"2026-03-17T14:21:56","guid":{"rendered":"https:\/\/www.xn--kprmedya-n4a6d.com\/?p=7821"},"modified":"2026-03-17T14:21:58","modified_gmt":"2026-03-17T14:21:58","slug":"baskan-buldu-canakkale-turk-milletinin-sarsilmaz-iradesidir","status":"publish","type":"post","link":"https:\/\/www.xn--kprmedya-n4a6d.com\/index.php\/2026\/03\/17\/baskan-buldu-canakkale-turk-milletinin-sarsilmaz-iradesidir\/","title":{"rendered":"BA\u015eKAN BULDU: \u00c7ANAKKALE, T\u00dcRK M\u0130LLET\u0130N\u0130N SARSILMAZ \u0130RADES\u0130D\u0130R\u00a0"},"content":{"rendered":"\n<figure class=\"wp-block-image size-large\"><img loading=\"lazy\" decoding=\"async\" width=\"1024\" height=\"237\" src=\"https:\/\/www.xn--kprmedya-n4a6d.com\/wp-content\/uploads\/2026\/03\/IMG_5300-47-1024x237.jpeg\" alt=\"\" class=\"wp-image-7823\" srcset=\"https:\/\/www.xn--kprmedya-n4a6d.com\/wp-content\/uploads\/2026\/03\/IMG_5300-47-1024x237.jpeg 1024w, https:\/\/www.xn--kprmedya-n4a6d.com\/wp-content\/uploads\/2026\/03\/IMG_5300-47-300x70.jpeg 300w, https:\/\/www.xn--kprmedya-n4a6d.com\/wp-content\/uploads\/2026\/03\/IMG_5300-47-768x178.jpeg 768w, https:\/\/www.xn--kprmedya-n4a6d.com\/wp-content\/uploads\/2026\/03\/IMG_5300-47.jpeg 1200w\" sizes=\"auto, (max-width: 1024px) 100vw, 1024px\" \/><\/figure>\n\n\n\n<p><strong>Milliyet\u00e7i Hareket Partisi (MHP) Mustafakemalpa\u015fa \u0130l\u00e7e Ba\u015fkan\u0131 Suat Buldu<\/strong>, 18 Mart \u00c7anakkale Zaferi ve \u015eehitleri Anma G\u00fcn\u00fc dolay\u0131s\u0131yla yaz\u0131l\u0131 bir bas\u0131n a\u00e7\u0131klamas\u0131 yay\u0131mlad\u0131. Buldu, \u00c7anakkale\u2019nin yaln\u0131zca bir askeri zafer olmad\u0131\u011f\u0131n\u0131, ayn\u0131 zamanda T\u00fcrk milletinin ba\u011f\u0131ms\u0131zl\u0131k iradesini t\u00fcm d\u00fcnyaya ilan etti\u011fi tarihi bir d\u00f6n\u00fcm noktas\u0131 oldu\u011funu vurgulad\u0131.<\/p>\n\n\n\n<p>Buldu a\u00e7\u0131klamas\u0131nda, \u00c7anakkale\u2019nin T\u00fcrk milletinin tarihe vurdu\u011fu silinmez bir m\u00fch\u00fcr oldu\u011funu ifade ederek, bu destan\u0131n emperyalist g\u00fc\u00e7lerin planlar\u0131n\u0131 bo\u015fa \u00e7\u0131karan b\u00fcy\u00fck bir direni\u015fin ad\u0131 oldu\u011funu belirtti. \u00c7anakkale\u2019de yaz\u0131lan destan\u0131n, bir milletin topyek\u00fbn aya\u011fa kalkarak kaderini kendi elleriyle tayin etti\u011fi e\u015fsiz bir m\u00fccadele oldu\u011funu dile getirdi.<\/p>\n\n\n\n<p>\u00c7anakkale Zaferi\u2019nin iman, inan\u00e7 ve milli onurun en g\u00fc\u00e7l\u00fc \u015fekilde ortaya kondu\u011fu bir direni\u015f oldu\u011funu kaydeden Buldu, d\u00f6nemin en g\u00fc\u00e7l\u00fc ordular\u0131na ve sava\u015f teknolojilerine ra\u011fmen T\u00fcrk milletinin sars\u0131lmaz iradesiyle tarih yazd\u0131\u011f\u0131n\u0131 s\u00f6yledi. \u201cYedi d\u00fcvelin\u201d Anadolu topraklar\u0131na y\u00f6nelik sald\u0131r\u0131lar\u0131n\u0131n, milletin fedak\u00e2rl\u0131k ve cesareti kar\u015f\u0131s\u0131nda ba\u015far\u0131s\u0131zl\u0131\u011fa u\u011frad\u0131\u011f\u0131n\u0131 ifade etti.<\/p>\n\n\n\n<p>Ba\u011f\u0131ms\u0131zl\u0131\u011f\u0131n T\u00fcrk milletinin karakteri oldu\u011funu vurgulayan Buldu, \u00c7anakkale\u2019de ortaya konulan iradenin milletin h\u00fcrriyetinden asla vazge\u00e7meyece\u011finin en g\u00fc\u00e7l\u00fc g\u00f6stergesi oldu\u011funu belirtti.<\/p>\n\n\n\n<p>A\u00e7\u0131klamas\u0131n\u0131n sonunda Buldu, ba\u015fta Gazi Mustafa Kemal Atat\u00fcrk olmak \u00fczere \u00c7anakkale\u2019de vatan u\u011fruna can veren t\u00fcm \u015fehitleri ve gazileri rahmet ve minnetle and\u0131klar\u0131n\u0131 ifade etti.<\/p>\n\n\n\n<p>Buldu mesaj\u0131n\u0131 \u015fu s\u00f6zlerle tamamlad\u0131:<\/p>\n\n\n\n<p>\u201cBa\u015fta Cumhuriyetimizin banisi, Anafartalar Kahraman\u0131 Gazi Mustafa Kemal Atat\u00fcrk ve silah arkada\u015flar\u0131 olmak \u00fczere, vatan\u0131n her kar\u0131\u015f topra\u011f\u0131n\u0131 kanlar\u0131yla sulayan aziz \u015fehitlerimizi rahmet, minnet ve dualarla an\u0131yorum. Ruhlar\u0131 \u015fad, mek\u00e2nlar\u0131 cennet olsun. Devletimiz ebed m\u00fcddet payidar kals\u0131n.\u201d<\/p>\n\n\n\n<p>A\u00e7\u0131klamas\u0131n\u0131&nbsp;<strong>\u201cNe Mutlu T\u00fcrk\u00fcm Diyene!\u201d<\/strong>&nbsp;s\u00f6zleriyle tamamlayan Buldu, \u00c7anakkale ruhunun gelecek nesillere aktar\u0131lmas\u0131n\u0131n milli bir sorumluluk oldu\u011funu ifade etti.&nbsp;<\/p>\n\n\n\n<figure class=\"wp-block-image size-full\"><img loading=\"lazy\" decoding=\"async\" width=\"825\" height=\"500\" src=\"https:\/\/www.xn--kprmedya-n4a6d.com\/wp-content\/uploads\/2026\/03\/IMG_2848-9.jpeg\" alt=\"\" class=\"wp-image-7822\" srcset=\"https:\/\/www.xn--kprmedya-n4a6d.com\/wp-content\/uploads\/2026\/03\/IMG_2848-9.jpeg 825w, https:\/\/www.xn--kprmedya-n4a6d.com\/wp-content\/uploads\/2026\/03\/IMG_2848-9-300x182.jpeg 300w, https:\/\/www.xn--kprmedya-n4a6d.com\/wp-content\/uploads\/2026\/03\/IMG_2848-9-768x465.jpeg 768w\" sizes=\"auto, (max-width: 825px) 100vw, 825px\" \/><\/figure>\n","protected":false},"excerpt":{"rendered":"<p>Milliyet\u00e7i Hareket Partisi (MHP) Mustafakemalpa\u015fa \u0130l\u00e7e Ba\u015fkan\u0131 Suat Buldu, 18 Mart \u00c7anakkale Zaferi ve \u015eehitleri Anma G\u00fcn\u00fc dolay\u0131s\u0131yla yaz\u0131l\u0131 bir bas\u0131n a\u00e7\u0131klamas\u0131 yay\u0131mlad\u0131. Buldu, \u00c7anakkale\u2019nin&hellip;<\/p>\n","protected":false},"author":1,"featured_media":7824,"comment_status":"open","ping_status":"open","sticky":false,"template":"","format":"standard","meta":{"advanced_seo_description":"","jetpack_seo_html_title":"","jetpack_seo_noindex":false,"_jetpack_memberships_contains_paid_content":false,"footnotes":"","jetpack_publicize_message":"","jetpack_publicize_feature_enabled":true,"jetpack_social_post_already_shared":true,"jetpack_social_options":{"image_generator_settings":{"template":"highway","default_image_id":0,"font":"","enabled":false},"version":2}},"categories":[8],"tags":[],"class_list":["post-7821","post","type-post","status-publish","format-standard","has-post-thumbnail","hentry","category-foto-galeri"],"jetpack_publicize_connections":[],"jetpack_featured_media_url":"https:\/\/www.xn--kprmedya-n4a6d.com\/wp-content\/uploads\/2026\/03\/IMG_3021-scaled.jpeg","jetpack_likes_enabled":true,"jetpack_sharing_enabled":true,"jetpack_shortlink":"https:\/\/wp.me\/pgAB3S-229","_links":{"self":[{"href":"https:\/\/www.xn--kprmedya-n4a6d.com\/index.php\/wp-json\/wp\/v2\/posts\/7821","targetHints":{"allow":["GET"]}}],"collection":[{"href":"https:\/\/www.xn--kprmedya-n4a6d.com\/index.php\/wp-json\/wp\/v2\/posts"}],"about":[{"href":"https:\/\/www.xn--kprmedya-n4a6d.com\/index.php\/wp-json\/wp\/v2\/types\/post"}],"author":[{"embeddable":true,"href":"https:\/\/www.xn--kprmedya-n4a6d.com\/index.php\/wp-json\/wp\/v2\/users\/1"}],"replies":[{"embeddable":true,"href":"https:\/\/www.xn--kprmedya-n4a6d.com\/index.php\/wp-json\/wp\/v2\/comments?post=7821"}],"version-history":[{"count":1,"href":"https:\/\/www.xn--kprmedya-n4a6d.com\/index.php\/wp-json\/wp\/v2\/posts\/7821\/revisions"}],"predecessor-version":[{"id":7825,"href":"https:\/\/www.xn--kprmedya-n4a6d.com\/index.php\/wp-json\/wp\/v2\/posts\/7821\/revisions\/7825"}],"wp:featuredmedia":[{"embeddable":true,"href":"https:\/\/www.xn--kprmedya-n4a6d.com\/index.php\/wp-json\/wp\/v2\/media\/7824"}],"wp:attachment":[{"href":"https:\/\/www.xn--kprmedya-n4a6d.com\/index.php\/wp-json\/wp\/v2\/media?parent=7821"}],"wp:term":[{"taxonomy":"category","embeddable":true,"href":"https:\/\/www.xn--kprmedya-n4a6d.com\/index.php\/wp-json\/wp\/v2\/categories?post=7821"},{"taxonomy":"post_tag","embeddable":true,"href":"https:\/\/www.xn--kprmedya-n4a6d.com\/index.php\/wp-json\/wp\/v2\/tags?post=7821"}],"curies":[{"name":"wp","href":"https:\/\/api.w.org\/{rel}","templated":true}]}}