{"id":7831,"date":"2026-03-18T09:46:32","date_gmt":"2026-03-18T09:46:32","guid":{"rendered":"https:\/\/www.xn--kprmedya-n4a6d.com\/?p=7831"},"modified":"2026-03-18T09:46:33","modified_gmt":"2026-03-18T09:46:33","slug":"baskan-demirden-18-mart-mesaji","status":"publish","type":"post","link":"https:\/\/www.xn--kprmedya-n4a6d.com\/index.php\/2026\/03\/18\/baskan-demirden-18-mart-mesaji\/","title":{"rendered":"BA\u015eKAN DEM\u0130R\u2019DEN 18 MART MESAJI"},"content":{"rendered":"\n<figure class=\"wp-block-image size-large\"><img loading=\"lazy\" decoding=\"async\" width=\"1024\" height=\"237\" src=\"https:\/\/www.xn--kprmedya-n4a6d.com\/wp-content\/uploads\/2026\/03\/IMG_5300-49-1024x237.jpeg\" alt=\"\" class=\"wp-image-7833\" srcset=\"https:\/\/www.xn--kprmedya-n4a6d.com\/wp-content\/uploads\/2026\/03\/IMG_5300-49-1024x237.jpeg 1024w, https:\/\/www.xn--kprmedya-n4a6d.com\/wp-content\/uploads\/2026\/03\/IMG_5300-49-300x70.jpeg 300w, https:\/\/www.xn--kprmedya-n4a6d.com\/wp-content\/uploads\/2026\/03\/IMG_5300-49-768x178.jpeg 768w, https:\/\/www.xn--kprmedya-n4a6d.com\/wp-content\/uploads\/2026\/03\/IMG_5300-49.jpeg 1200w\" sizes=\"auto, (max-width: 1024px) 100vw, 1024px\" \/><\/figure>\n\n\n\n<p><strong>CHP Mustafakemalpa\u015fa \u0130l\u00e7e Ba\u015fkan\u0131 G\u00f6khan Demir, 18 Mart \u00c7anakkale Zaferi ve \u015eehitleri Anma G\u00fcn\u00fc dolay\u0131s\u0131yla bir mesaj yay\u0131mlad\u0131.<\/strong><\/p>\n\n\n\n<p>Ba\u015fkan Demir, mesaj\u0131nda 18 Mart\u2019\u0131n, T\u00fcrk milletinin esareti kabul etmeyerek kendi kaderini yazd\u0131\u011f\u0131, ba\u011f\u0131ms\u0131zl\u0131k ve vatan sevgisinin tarihe alt\u0131n harflerle kaz\u0131nd\u0131\u011f\u0131 b\u00fcy\u00fck bir destan oldu\u011funu ifade etti.<\/p>\n\n\n\n<p>\u00c7anakkale Zaferi\u2019nin imk\u00e2ns\u0131zl\u0131klar i\u00e7inde verilen m\u00fccadelenin, inanc\u0131n ve kararl\u0131l\u0131\u011f\u0131n en g\u00fc\u00e7l\u00fc g\u00f6stergesi oldu\u011funu belirten Demir, \u201c\u00c7anakkale\u2019de yedi d\u00fcvele kar\u015f\u0131 verilen m\u00fccadele, sadece bir sava\u015f de\u011fil; millet olma bilincinin, birlik ve beraberli\u011fin en g\u00fc\u00e7l\u00fc ifadesidir\u201d dedi.<\/p>\n\n\n\n<p>Mesaj\u0131nda, Gazi Mustafa Kemal Atat\u00fcrk\u2019\u00fcn \u201cBen size taarruzu de\u011fil, \u00f6lmeyi emrediyorum\u201d s\u00f6z\u00fcn\u00fc hat\u0131rlatan Demir, Mehmet\u00e7i\u011fin bu inan\u00e7 ve kararl\u0131l\u0131kla vatan\u0131n\u0131 can\u0131 pahas\u0131na savundu\u011funu ve t\u00fcm d\u00fcnyaya T\u00fcrk milletinin ba\u011f\u0131ms\u0131zl\u0131k iradesini g\u00f6sterdi\u011fini vurgulad\u0131.<\/p>\n\n\n\n<p>\u00c7anakkale\u2019de yaz\u0131lan destan\u0131n, Kurtulu\u015f M\u00fccadelesi\u2019nin me\u015falesini yakt\u0131\u011f\u0131n\u0131 ve T\u00fcrkiye Cumhuriyeti\u2019nin kurulu\u015funa giden yolu ayd\u0131nlatt\u0131\u011f\u0131n\u0131 dile getiren Demir, bug\u00fcn en b\u00fcy\u00fck sorumlulu\u011fun bu emanete sahip \u00e7\u0131kmak oldu\u011funu ifade etti.<\/p>\n\n\n\n<p>Ba\u015fkan Demir, mesaj\u0131n\u0131n sonunda \u015fu ifadelere yer verdi:<\/p>\n\n\n\n<p>\u201cBa\u015fta Ulu \u00d6nderimiz Gazi Mustafa Kemal Atat\u00fcrk olmak \u00fczere, vatan u\u011fruna canlar\u0131n\u0131 feda eden t\u00fcm \u015fehitlerimizi rahmet, minnet ve sayg\u0131yla an\u0131yorum. Onlar\u0131n aziz hat\u0131ras\u0131 milletimizin kalbinde sonsuza dek ya\u015fayacakt\u0131r. Ruhlar\u0131 \u015fad olsun.\u201d<\/p>\n\n\n\n<figure class=\"wp-block-image size-full\"><img loading=\"lazy\" decoding=\"async\" width=\"825\" height=\"500\" src=\"https:\/\/www.xn--kprmedya-n4a6d.com\/wp-content\/uploads\/2026\/03\/IMG_2848-11.jpeg\" alt=\"\" class=\"wp-image-7832\" srcset=\"https:\/\/www.xn--kprmedya-n4a6d.com\/wp-content\/uploads\/2026\/03\/IMG_2848-11.jpeg 825w, https:\/\/www.xn--kprmedya-n4a6d.com\/wp-content\/uploads\/2026\/03\/IMG_2848-11-300x182.jpeg 300w, https:\/\/www.xn--kprmedya-n4a6d.com\/wp-content\/uploads\/2026\/03\/IMG_2848-11-768x465.jpeg 768w\" sizes=\"auto, (max-width: 825px) 100vw, 825px\" \/><\/figure>\n","protected":false},"excerpt":{"rendered":"<p>CHP Mustafakemalpa\u015fa \u0130l\u00e7e Ba\u015fkan\u0131 G\u00f6khan Demir, 18 Mart \u00c7anakkale Zaferi ve \u015eehitleri Anma G\u00fcn\u00fc dolay\u0131s\u0131yla bir mesaj yay\u0131mlad\u0131. Ba\u015fkan Demir, mesaj\u0131nda 18 Mart\u2019\u0131n, T\u00fcrk milletinin&hellip;<\/p>\n","protected":false},"author":1,"featured_media":7834,"comment_status":"open","ping_status":"open","sticky":false,"template":"","format":"standard","meta":{"advanced_seo_description":"","jetpack_seo_html_title":"","jetpack_seo_noindex":false,"_jetpack_memberships_contains_paid_content":false,"footnotes":"","jetpack_publicize_message":"","jetpack_publicize_feature_enabled":true,"jetpack_social_post_already_shared":true,"jetpack_social_options":{"image_generator_settings":{"template":"highway","default_image_id":0,"font":"","enabled":false},"version":2}},"categories":[8],"tags":[],"class_list":["post-7831","post","type-post","status-publish","format-standard","has-post-thumbnail","hentry","category-foto-galeri"],"jetpack_publicize_connections":[],"jetpack_featured_media_url":"https:\/\/www.xn--kprmedya-n4a6d.com\/wp-content\/uploads\/2026\/03\/IMG_3084-scaled.jpeg","jetpack_likes_enabled":true,"jetpack_sharing_enabled":true,"jetpack_shortlink":"https:\/\/wp.me\/pgAB3S-22j","_links":{"self":[{"href":"https:\/\/www.xn--kprmedya-n4a6d.com\/index.php\/wp-json\/wp\/v2\/posts\/7831","targetHints":{"allow":["GET"]}}],"collection":[{"href":"https:\/\/www.xn--kprmedya-n4a6d.com\/index.php\/wp-json\/wp\/v2\/posts"}],"about":[{"href":"https:\/\/www.xn--kprmedya-n4a6d.com\/index.php\/wp-json\/wp\/v2\/types\/post"}],"author":[{"embeddable":true,"href":"https:\/\/www.xn--kprmedya-n4a6d.com\/index.php\/wp-json\/wp\/v2\/users\/1"}],"replies":[{"embeddable":true,"href":"https:\/\/www.xn--kprmedya-n4a6d.com\/index.php\/wp-json\/wp\/v2\/comments?post=7831"}],"version-history":[{"count":1,"href":"https:\/\/www.xn--kprmedya-n4a6d.com\/index.php\/wp-json\/wp\/v2\/posts\/7831\/revisions"}],"predecessor-version":[{"id":7836,"href":"https:\/\/www.xn--kprmedya-n4a6d.com\/index.php\/wp-json\/wp\/v2\/posts\/7831\/revisions\/7836"}],"wp:featuredmedia":[{"embeddable":true,"href":"https:\/\/www.xn--kprmedya-n4a6d.com\/index.php\/wp-json\/wp\/v2\/media\/7834"}],"wp:attachment":[{"href":"https:\/\/www.xn--kprmedya-n4a6d.com\/index.php\/wp-json\/wp\/v2\/media?parent=7831"}],"wp:term":[{"taxonomy":"category","embeddable":true,"href":"https:\/\/www.xn--kprmedya-n4a6d.com\/index.php\/wp-json\/wp\/v2\/categories?post=7831"},{"taxonomy":"post_tag","embeddable":true,"href":"https:\/\/www.xn--kprmedya-n4a6d.com\/index.php\/wp-json\/wp\/v2\/tags?post=7831"}],"curies":[{"name":"wp","href":"https:\/\/api.w.org\/{rel}","templated":true}]}}