{"id":7869,"date":"2026-03-19T08:43:20","date_gmt":"2026-03-19T08:43:20","guid":{"rendered":"https:\/\/www.xn--kprmedya-n4a6d.com\/?p=7869"},"modified":"2026-03-19T08:43:22","modified_gmt":"2026-03-19T08:43:22","slug":"mustafakemalpasada-bayram-namazi-saati-belli-oldu","status":"publish","type":"post","link":"https:\/\/www.xn--kprmedya-n4a6d.com\/index.php\/2026\/03\/19\/mustafakemalpasada-bayram-namazi-saati-belli-oldu\/","title":{"rendered":"MUSTAFAKEMALPA\u015eA\u2019DA BAYRAM NAMAZI SAAT\u0130 BELL\u0130 OLDU"},"content":{"rendered":"\n<figure class=\"wp-block-image size-large\"><img loading=\"lazy\" decoding=\"async\" width=\"1024\" height=\"237\" src=\"https:\/\/www.xn--kprmedya-n4a6d.com\/wp-content\/uploads\/2026\/03\/IMG_5300-53-1024x237.jpeg\" alt=\"\" class=\"wp-image-7871\" srcset=\"https:\/\/www.xn--kprmedya-n4a6d.com\/wp-content\/uploads\/2026\/03\/IMG_5300-53-1024x237.jpeg 1024w, https:\/\/www.xn--kprmedya-n4a6d.com\/wp-content\/uploads\/2026\/03\/IMG_5300-53-300x70.jpeg 300w, https:\/\/www.xn--kprmedya-n4a6d.com\/wp-content\/uploads\/2026\/03\/IMG_5300-53-768x178.jpeg 768w, https:\/\/www.xn--kprmedya-n4a6d.com\/wp-content\/uploads\/2026\/03\/IMG_5300-53.jpeg 1200w\" sizes=\"auto, (max-width: 1024px) 100vw, 1024px\" \/><\/figure>\n\n\n\n<p>Mustafakemalpa\u015fa\u2019da Ramazan Bayram\u0131\u2019n\u0131n heyecan\u0131 ya\u015fan\u0131rken, bayram namaz\u0131n\u0131n saati de netle\u015fti. 20 Mart Cuma g\u00fcn\u00fc idrak edilecek Ramazan Bayram\u0131 kapsam\u0131nda k\u0131l\u0131nacak bayram namaz\u0131, sabah saat&nbsp;<strong>07.38\u2019de<\/strong>&nbsp;eda edilecek.<\/p>\n\n\n\n<p>Bayram sabah\u0131n\u0131n manevi atmosferini birlikte ya\u015famak isteyen vatanda\u015flar\u0131n, erken saatlerden itibaren il\u00e7e genelindeki camilere ak\u0131n etmesi bekleniyor. Bayram namaz\u0131n\u0131n ard\u0131ndan ise geleneksel bayramla\u015fma ile birlikte birlik, beraberlik ve karde\u015flik duygular\u0131 bir kez daha \u00f6n plana \u00e7\u0131kacak.<\/p>\n\n\n\n<figure class=\"wp-block-image size-full\"><img loading=\"lazy\" decoding=\"async\" width=\"825\" height=\"500\" src=\"https:\/\/www.xn--kprmedya-n4a6d.com\/wp-content\/uploads\/2026\/03\/IMG_2848-15.jpeg\" alt=\"\" class=\"wp-image-7870\" srcset=\"https:\/\/www.xn--kprmedya-n4a6d.com\/wp-content\/uploads\/2026\/03\/IMG_2848-15.jpeg 825w, https:\/\/www.xn--kprmedya-n4a6d.com\/wp-content\/uploads\/2026\/03\/IMG_2848-15-300x182.jpeg 300w, https:\/\/www.xn--kprmedya-n4a6d.com\/wp-content\/uploads\/2026\/03\/IMG_2848-15-768x465.jpeg 768w\" sizes=\"auto, (max-width: 825px) 100vw, 825px\" \/><\/figure>\n","protected":false},"excerpt":{"rendered":"<p>Mustafakemalpa\u015fa\u2019da Ramazan Bayram\u0131\u2019n\u0131n heyecan\u0131 ya\u015fan\u0131rken, bayram namaz\u0131n\u0131n saati de netle\u015fti. 20 Mart Cuma g\u00fcn\u00fc idrak edilecek Ramazan Bayram\u0131 kapsam\u0131nda k\u0131l\u0131nacak bayram namaz\u0131, sabah saat&nbsp;07.38\u2019de&nbsp;eda edilecek.&hellip;<\/p>\n","protected":false},"author":1,"featured_media":7872,"comment_status":"open","ping_status":"open","sticky":false,"template":"","format":"standard","meta":{"advanced_seo_description":"","jetpack_seo_html_title":"","jetpack_seo_noindex":false,"_jetpack_memberships_contains_paid_content":false,"footnotes":"","jetpack_publicize_message":"","jetpack_publicize_feature_enabled":true,"jetpack_social_post_already_shared":true,"jetpack_social_options":{"image_generator_settings":{"template":"highway","default_image_id":0,"font":"","enabled":false},"version":2}},"categories":[8],"tags":[],"class_list":["post-7869","post","type-post","status-publish","format-standard","has-post-thumbnail","hentry","category-foto-galeri"],"jetpack_publicize_connections":[],"jetpack_featured_media_url":"https:\/\/www.xn--kprmedya-n4a6d.com\/wp-content\/uploads\/2026\/03\/IMG_3147.jpeg","jetpack_likes_enabled":true,"jetpack_sharing_enabled":true,"jetpack_shortlink":"https:\/\/wp.me\/pgAB3S-22V","_links":{"self":[{"href":"https:\/\/www.xn--kprmedya-n4a6d.com\/index.php\/wp-json\/wp\/v2\/posts\/7869","targetHints":{"allow":["GET"]}}],"collection":[{"href":"https:\/\/www.xn--kprmedya-n4a6d.com\/index.php\/wp-json\/wp\/v2\/posts"}],"about":[{"href":"https:\/\/www.xn--kprmedya-n4a6d.com\/index.php\/wp-json\/wp\/v2\/types\/post"}],"author":[{"embeddable":true,"href":"https:\/\/www.xn--kprmedya-n4a6d.com\/index.php\/wp-json\/wp\/v2\/users\/1"}],"replies":[{"embeddable":true,"href":"https:\/\/www.xn--kprmedya-n4a6d.com\/index.php\/wp-json\/wp\/v2\/comments?post=7869"}],"version-history":[{"count":1,"href":"https:\/\/www.xn--kprmedya-n4a6d.com\/index.php\/wp-json\/wp\/v2\/posts\/7869\/revisions"}],"predecessor-version":[{"id":7873,"href":"https:\/\/www.xn--kprmedya-n4a6d.com\/index.php\/wp-json\/wp\/v2\/posts\/7869\/revisions\/7873"}],"wp:featuredmedia":[{"embeddable":true,"href":"https:\/\/www.xn--kprmedya-n4a6d.com\/index.php\/wp-json\/wp\/v2\/media\/7872"}],"wp:attachment":[{"href":"https:\/\/www.xn--kprmedya-n4a6d.com\/index.php\/wp-json\/wp\/v2\/media?parent=7869"}],"wp:term":[{"taxonomy":"category","embeddable":true,"href":"https:\/\/www.xn--kprmedya-n4a6d.com\/index.php\/wp-json\/wp\/v2\/categories?post=7869"},{"taxonomy":"post_tag","embeddable":true,"href":"https:\/\/www.xn--kprmedya-n4a6d.com\/index.php\/wp-json\/wp\/v2\/tags?post=7869"}],"curies":[{"name":"wp","href":"https:\/\/api.w.org\/{rel}","templated":true}]}}