{"id":7874,"date":"2026-03-19T09:04:27","date_gmt":"2026-03-19T09:04:27","guid":{"rendered":"https:\/\/www.xn--kprmedya-n4a6d.com\/?p=7874"},"modified":"2026-03-19T09:04:29","modified_gmt":"2026-03-19T09:04:29","slug":"baskan-mutlu-turguttan-ramazan-bayrami-mesaji","status":"publish","type":"post","link":"https:\/\/www.xn--kprmedya-n4a6d.com\/index.php\/2026\/03\/19\/baskan-mutlu-turguttan-ramazan-bayrami-mesaji\/","title":{"rendered":"BA\u015eKAN MUTLU TURGUT\u2019TAN RAMAZAN BAYRAMI MESAJI"},"content":{"rendered":"\n<figure class=\"wp-block-image size-large\"><img loading=\"lazy\" decoding=\"async\" width=\"1024\" height=\"237\" src=\"https:\/\/www.xn--kprmedya-n4a6d.com\/wp-content\/uploads\/2026\/03\/IMG_5300-54-1024x237.jpeg\" alt=\"\" class=\"wp-image-7875\" srcset=\"https:\/\/www.xn--kprmedya-n4a6d.com\/wp-content\/uploads\/2026\/03\/IMG_5300-54-1024x237.jpeg 1024w, https:\/\/www.xn--kprmedya-n4a6d.com\/wp-content\/uploads\/2026\/03\/IMG_5300-54-300x70.jpeg 300w, https:\/\/www.xn--kprmedya-n4a6d.com\/wp-content\/uploads\/2026\/03\/IMG_5300-54-768x178.jpeg 768w, https:\/\/www.xn--kprmedya-n4a6d.com\/wp-content\/uploads\/2026\/03\/IMG_5300-54.jpeg 1200w\" sizes=\"auto, (max-width: 1024px) 100vw, 1024px\" \/><\/figure>\n\n\n\n<p>AK Parti Mustafakemalpa\u015fa \u0130l\u00e7e Ba\u015fkan\u0131 Mutlu Turgut, Ramazan Bayram\u0131 dolay\u0131s\u0131yla bir kutlama mesaj\u0131 yay\u0131mlad\u0131. Turgut, mesaj\u0131nda birlik, beraberlik ve karde\u015flik vurgusu yaparak t\u00fcm vatanda\u015flar\u0131n bayram\u0131n\u0131 tebrik etti.<\/p>\n\n\n\n<p>Rahmet, bereket ve payla\u015fma ay\u0131 olan Ramazan\u2019\u0131 geride b\u0131rakman\u0131n ard\u0131ndan Ramazan Bayram\u0131\u2019na ula\u015fman\u0131n huzurunun ya\u015fand\u0131\u011f\u0131n\u0131 belirten Turgut, bayramlar\u0131n toplumsal dayan\u0131\u015fmay\u0131 g\u00fc\u00e7lendiren \u00f6nemli g\u00fcnler oldu\u011funa dikkat \u00e7ekti. Bayramlar\u0131n; k\u0131rg\u0131nl\u0131klar\u0131n sona erdi\u011fi, sevgi, sayg\u0131 ve ho\u015fg\u00f6r\u00fcn\u00fcn h\u00e2kim oldu\u011fu \u00f6zel zamanlar oldu\u011funu ifade etti.<\/p>\n\n\n\n<p>AK Parti olarak her zaman milletin birli\u011fini ve dirli\u011fini esas ald\u0131klar\u0131n\u0131 vurgulayan Turgut, T\u00fcrkiye Y\u00fczy\u0131l\u0131 hedefleri do\u011frultusunda g\u00fc\u00e7l\u00fc ve b\u00fcy\u00fck T\u00fcrkiye yolunda kararl\u0131l\u0131kla ilerlemeye devam ettiklerini belirtti.<\/p>\n\n\n\n<p>Mutlu Turgut, mesaj\u0131n\u0131n sonunda ba\u015fta Mustafakemalpa\u015fa olmak \u00fczere t\u00fcm T\u00fcrkiye\u2019nin ve \u0130slam \u00e2leminin Ramazan Bayram\u0131\u2019n\u0131 kutlayarak, bayram\u0131n sa\u011fl\u0131k, huzur ve bereket getirmesi temennisinde bulundu.<\/p>\n\n\n\n<figure class=\"wp-block-image size-full\"><img loading=\"lazy\" decoding=\"async\" width=\"825\" height=\"500\" src=\"https:\/\/www.xn--kprmedya-n4a6d.com\/wp-content\/uploads\/2026\/03\/IMG_2848-16.jpeg\" alt=\"\" class=\"wp-image-7876\" srcset=\"https:\/\/www.xn--kprmedya-n4a6d.com\/wp-content\/uploads\/2026\/03\/IMG_2848-16.jpeg 825w, https:\/\/www.xn--kprmedya-n4a6d.com\/wp-content\/uploads\/2026\/03\/IMG_2848-16-300x182.jpeg 300w, https:\/\/www.xn--kprmedya-n4a6d.com\/wp-content\/uploads\/2026\/03\/IMG_2848-16-768x465.jpeg 768w\" sizes=\"auto, (max-width: 825px) 100vw, 825px\" \/><\/figure>\n","protected":false},"excerpt":{"rendered":"<p>AK Parti Mustafakemalpa\u015fa \u0130l\u00e7e Ba\u015fkan\u0131 Mutlu Turgut, Ramazan Bayram\u0131 dolay\u0131s\u0131yla bir kutlama mesaj\u0131 yay\u0131mlad\u0131. Turgut, mesaj\u0131nda birlik, beraberlik ve karde\u015flik vurgusu yaparak t\u00fcm vatanda\u015flar\u0131n bayram\u0131n\u0131&hellip;<\/p>\n","protected":false},"author":1,"featured_media":7877,"comment_status":"open","ping_status":"open","sticky":false,"template":"","format":"standard","meta":{"advanced_seo_description":"","jetpack_seo_html_title":"","jetpack_seo_noindex":false,"_jetpack_memberships_contains_paid_content":false,"footnotes":"","jetpack_publicize_message":"","jetpack_publicize_feature_enabled":true,"jetpack_social_post_already_shared":true,"jetpack_social_options":{"image_generator_settings":{"template":"highway","default_image_id":0,"font":"","enabled":false},"version":2}},"categories":[8],"tags":[],"class_list":["post-7874","post","type-post","status-publish","format-standard","has-post-thumbnail","hentry","category-foto-galeri"],"jetpack_publicize_connections":[],"jetpack_featured_media_url":"https:\/\/www.xn--kprmedya-n4a6d.com\/wp-content\/uploads\/2026\/03\/IMG_3151.jpeg","jetpack_likes_enabled":true,"jetpack_sharing_enabled":true,"jetpack_shortlink":"https:\/\/wp.me\/pgAB3S-230","_links":{"self":[{"href":"https:\/\/www.xn--kprmedya-n4a6d.com\/index.php\/wp-json\/wp\/v2\/posts\/7874","targetHints":{"allow":["GET"]}}],"collection":[{"href":"https:\/\/www.xn--kprmedya-n4a6d.com\/index.php\/wp-json\/wp\/v2\/posts"}],"about":[{"href":"https:\/\/www.xn--kprmedya-n4a6d.com\/index.php\/wp-json\/wp\/v2\/types\/post"}],"author":[{"embeddable":true,"href":"https:\/\/www.xn--kprmedya-n4a6d.com\/index.php\/wp-json\/wp\/v2\/users\/1"}],"replies":[{"embeddable":true,"href":"https:\/\/www.xn--kprmedya-n4a6d.com\/index.php\/wp-json\/wp\/v2\/comments?post=7874"}],"version-history":[{"count":1,"href":"https:\/\/www.xn--kprmedya-n4a6d.com\/index.php\/wp-json\/wp\/v2\/posts\/7874\/revisions"}],"predecessor-version":[{"id":7878,"href":"https:\/\/www.xn--kprmedya-n4a6d.com\/index.php\/wp-json\/wp\/v2\/posts\/7874\/revisions\/7878"}],"wp:featuredmedia":[{"embeddable":true,"href":"https:\/\/www.xn--kprmedya-n4a6d.com\/index.php\/wp-json\/wp\/v2\/media\/7877"}],"wp:attachment":[{"href":"https:\/\/www.xn--kprmedya-n4a6d.com\/index.php\/wp-json\/wp\/v2\/media?parent=7874"}],"wp:term":[{"taxonomy":"category","embeddable":true,"href":"https:\/\/www.xn--kprmedya-n4a6d.com\/index.php\/wp-json\/wp\/v2\/categories?post=7874"},{"taxonomy":"post_tag","embeddable":true,"href":"https:\/\/www.xn--kprmedya-n4a6d.com\/index.php\/wp-json\/wp\/v2\/tags?post=7874"}],"curies":[{"name":"wp","href":"https:\/\/api.w.org\/{rel}","templated":true}]}}