{"id":7901,"date":"2026-03-20T16:14:57","date_gmt":"2026-03-20T16:14:57","guid":{"rendered":"https:\/\/www.xn--kprmedya-n4a6d.com\/?p=7901"},"modified":"2026-03-20T16:17:31","modified_gmt":"2026-03-20T16:17:31","slug":"ak-parti-teskilati-bayramlasmada-bulustu","status":"publish","type":"post","link":"https:\/\/www.xn--kprmedya-n4a6d.com\/index.php\/2026\/03\/20\/ak-parti-teskilati-bayramlasmada-bulustu\/","title":{"rendered":"AK PART\u0130 TE\u015eK\u0130LATI BAYRAMLA\u015eMADA BULU\u015eTU"},"content":{"rendered":"\n<p>Mustafakemalpa\u015fa\u2019da AK Parti \u0130l\u00e7e Te\u015fkilat\u0131 taraf\u0131ndan d\u00fczenlenen geleneksel bayramla\u015fma program\u0131, yo\u011fun kat\u0131l\u0131m ve samimi bir atmosfer e\u015fli\u011finde ger\u00e7ekle\u015ftirildi.<\/p>\n\n\n\n<figure class=\"wp-block-image size-large\"><img loading=\"lazy\" decoding=\"async\" width=\"1024\" height=\"577\" src=\"https:\/\/www.xn--kprmedya-n4a6d.com\/wp-content\/uploads\/2026\/03\/9f8dcc62-6cdc-46ff-98a2-2fe0e18a1e9b-1024x577.jpeg\" alt=\"\" class=\"wp-image-7902\" srcset=\"https:\/\/www.xn--kprmedya-n4a6d.com\/wp-content\/uploads\/2026\/03\/9f8dcc62-6cdc-46ff-98a2-2fe0e18a1e9b-1024x577.jpeg 1024w, https:\/\/www.xn--kprmedya-n4a6d.com\/wp-content\/uploads\/2026\/03\/9f8dcc62-6cdc-46ff-98a2-2fe0e18a1e9b-300x169.jpeg 300w, https:\/\/www.xn--kprmedya-n4a6d.com\/wp-content\/uploads\/2026\/03\/9f8dcc62-6cdc-46ff-98a2-2fe0e18a1e9b-768x432.jpeg 768w, https:\/\/www.xn--kprmedya-n4a6d.com\/wp-content\/uploads\/2026\/03\/9f8dcc62-6cdc-46ff-98a2-2fe0e18a1e9b-1536x865.jpeg 1536w, https:\/\/www.xn--kprmedya-n4a6d.com\/wp-content\/uploads\/2026\/03\/9f8dcc62-6cdc-46ff-98a2-2fe0e18a1e9b-2048x1153.jpeg 2048w\" sizes=\"auto, (max-width: 1024px) 100vw, 1024px\" \/><\/figure>\n\n\n\n<p>Bayramla\u015fma program\u0131na \u00f6nceki d\u00f6nem belediye ba\u015fkan\u0131 Mehmet Kanar, \u00d6nceki D\u00f6nem Bal\u0131kesir Milletvekili Ali Osman Sali, AK Parti \u0130l y\u00f6netim kurulu \u00fcyesi Yi\u011fit Alp Y\u0131ld\u0131r\u0131m, \u00d6nceki D\u00f6nem Belde Belediye Ba\u015fkanlar\u0131 Mahmut Ertu\u011frul, Orhan Alper, \u015eaban Alt\u0131n, \u0130lhan G\u00fcrka\u015f, \u00f6nceki d\u00f6nem il\u00e7e ba\u015fkanlar\u0131 Mithat Yavuz, \u015eaban Korkmaz, Sadettin Akkoyunlu ve Murat Halla\u00e7o\u011flu ile birlikte belediye meclis \u00fcyeleri, mahalle muhtarlar\u0131, mahalle ba\u015fkanlar\u0131 ile birlikte il\u00e7e y\u00f6netim kurulu \u00fcyeleri, gen\u00e7lik ve kad\u0131n kollar\u0131 ba\u015fkanlar\u0131 kat\u0131ld\u0131. Te\u015fkilat mensuplar\u0131 bayram vesilesiyle bir araya gelerek hem hasret giderdi hem de bayram\u0131n manevi iklimini birlikte ya\u015fad\u0131.<\/p>\n\n\n\n<figure class=\"wp-block-image size-large\"><img loading=\"lazy\" decoding=\"async\" width=\"1024\" height=\"576\" src=\"https:\/\/www.xn--kprmedya-n4a6d.com\/wp-content\/uploads\/2026\/03\/a6847b98-b9f3-4467-a2d5-b7fcb36ed39b-1024x576.jpeg\" alt=\"\" class=\"wp-image-7903\" srcset=\"https:\/\/www.xn--kprmedya-n4a6d.com\/wp-content\/uploads\/2026\/03\/a6847b98-b9f3-4467-a2d5-b7fcb36ed39b-1024x576.jpeg 1024w, https:\/\/www.xn--kprmedya-n4a6d.com\/wp-content\/uploads\/2026\/03\/a6847b98-b9f3-4467-a2d5-b7fcb36ed39b-300x169.jpeg 300w, https:\/\/www.xn--kprmedya-n4a6d.com\/wp-content\/uploads\/2026\/03\/a6847b98-b9f3-4467-a2d5-b7fcb36ed39b-768x432.jpeg 768w, https:\/\/www.xn--kprmedya-n4a6d.com\/wp-content\/uploads\/2026\/03\/a6847b98-b9f3-4467-a2d5-b7fcb36ed39b-1536x864.jpeg 1536w, https:\/\/www.xn--kprmedya-n4a6d.com\/wp-content\/uploads\/2026\/03\/a6847b98-b9f3-4467-a2d5-b7fcb36ed39b.jpeg 1600w\" sizes=\"auto, (max-width: 1024px) 100vw, 1024px\" \/><\/figure>\n\n\n\n<p>Programda birlik ve beraberlik vurgusu \u00f6n plana \u00e7\u0131karken, kat\u0131l\u0131mc\u0131lar aras\u0131nda g\u00fc\u00e7l\u00fc bir dayan\u0131\u015fma \u00f6rne\u011fi sergilendi. Bayramla\u015fma s\u0131ras\u0131nda olu\u015fan s\u0131cak ve i\u00e7ten g\u00f6r\u00fcnt\u00fcler, te\u015fkilat i\u00e7indeki uyum ve karde\u015flik ruhunu bir kez daha g\u00f6zler \u00f6n\u00fcne serdi.<\/p>\n\n\n\n<figure class=\"wp-block-image size-large\"><img loading=\"lazy\" decoding=\"async\" width=\"1024\" height=\"576\" src=\"https:\/\/www.xn--kprmedya-n4a6d.com\/wp-content\/uploads\/2026\/03\/bc288646-343d-4887-a865-d1b0e75023d9-1024x576.jpeg\" alt=\"\" class=\"wp-image-7904\" srcset=\"https:\/\/www.xn--kprmedya-n4a6d.com\/wp-content\/uploads\/2026\/03\/bc288646-343d-4887-a865-d1b0e75023d9-1024x576.jpeg 1024w, https:\/\/www.xn--kprmedya-n4a6d.com\/wp-content\/uploads\/2026\/03\/bc288646-343d-4887-a865-d1b0e75023d9-300x169.jpeg 300w, https:\/\/www.xn--kprmedya-n4a6d.com\/wp-content\/uploads\/2026\/03\/bc288646-343d-4887-a865-d1b0e75023d9-768x432.jpeg 768w, https:\/\/www.xn--kprmedya-n4a6d.com\/wp-content\/uploads\/2026\/03\/bc288646-343d-4887-a865-d1b0e75023d9-1536x864.jpeg 1536w, https:\/\/www.xn--kprmedya-n4a6d.com\/wp-content\/uploads\/2026\/03\/bc288646-343d-4887-a865-d1b0e75023d9.jpeg 1600w\" sizes=\"auto, (max-width: 1024px) 100vw, 1024px\" \/><\/figure>\n\n\n\n<p>AK Parti Mustafakemalpa\u015fa \u0130l\u00e7e Ba\u015fkan\u0131&nbsp;Mutlu Turgut&nbsp;ise yapt\u0131\u011f\u0131 de\u011ferlendirmede, geleneksel bayramla\u015fma programlar\u0131n\u0131n te\u015fkilat ba\u011flar\u0131n\u0131 g\u00fc\u00e7lendirdi\u011fine dikkat \u00e7ekerek, \u201cBirlik ve beraberli\u011fimizi her ge\u00e7en g\u00fcn daha da peki\u015ftiriyoruz. Bu g\u00fczel organizasyonda eme\u011fi ge\u00e7en herkese te\u015fekk\u00fcr ediyor, bayram\u0131n il\u00e7emize, \u00fclkemize ve t\u00fcm \u0130slam \u00e2lemine sa\u011fl\u0131k, huzur ve karde\u015flik getirmesini diliyorum. Birlikte daha g\u00fc\u00e7l\u00fc, birlikte daha g\u00fczel yar\u0131nlara\u201d ifadelerini kulland\u0131.<\/p>\n\n\n\n<figure class=\"wp-block-image size-large\"><img loading=\"lazy\" decoding=\"async\" width=\"1024\" height=\"577\" src=\"https:\/\/www.xn--kprmedya-n4a6d.com\/wp-content\/uploads\/2026\/03\/e3fc2702-a2fc-4b29-b0f4-eaa45554e82f-1024x577.jpeg\" alt=\"\" class=\"wp-image-7905\" srcset=\"https:\/\/www.xn--kprmedya-n4a6d.com\/wp-content\/uploads\/2026\/03\/e3fc2702-a2fc-4b29-b0f4-eaa45554e82f-1024x577.jpeg 1024w, https:\/\/www.xn--kprmedya-n4a6d.com\/wp-content\/uploads\/2026\/03\/e3fc2702-a2fc-4b29-b0f4-eaa45554e82f-300x169.jpeg 300w, https:\/\/www.xn--kprmedya-n4a6d.com\/wp-content\/uploads\/2026\/03\/e3fc2702-a2fc-4b29-b0f4-eaa45554e82f-768x432.jpeg 768w, https:\/\/www.xn--kprmedya-n4a6d.com\/wp-content\/uploads\/2026\/03\/e3fc2702-a2fc-4b29-b0f4-eaa45554e82f-1536x865.jpeg 1536w, https:\/\/www.xn--kprmedya-n4a6d.com\/wp-content\/uploads\/2026\/03\/e3fc2702-a2fc-4b29-b0f4-eaa45554e82f-2048x1153.jpeg 2048w\" sizes=\"auto, (max-width: 1024px) 100vw, 1024px\" \/><\/figure>\n","protected":false},"excerpt":{"rendered":"<p>Mustafakemalpa\u015fa\u2019da AK Parti \u0130l\u00e7e Te\u015fkilat\u0131 taraf\u0131ndan d\u00fczenlenen geleneksel bayramla\u015fma program\u0131, yo\u011fun kat\u0131l\u0131m ve samimi bir atmosfer e\u015fli\u011finde ger\u00e7ekle\u015ftirildi. Bayramla\u015fma program\u0131na \u00f6nceki d\u00f6nem belediye ba\u015fkan\u0131 Mehmet&hellip;<\/p>\n","protected":false},"author":1,"featured_media":7906,"comment_status":"open","ping_status":"open","sticky":false,"template":"","format":"standard","meta":{"advanced_seo_description":"","jetpack_seo_html_title":"","jetpack_seo_noindex":false,"_jetpack_memberships_contains_paid_content":false,"footnotes":"","jetpack_publicize_message":"","jetpack_publicize_feature_enabled":true,"jetpack_social_post_already_shared":true,"jetpack_social_options":{"image_generator_settings":{"template":"highway","default_image_id":0,"font":"","enabled":false},"version":2}},"categories":[8],"tags":[],"class_list":["post-7901","post","type-post","status-publish","format-standard","has-post-thumbnail","hentry","category-foto-galeri"],"jetpack_publicize_connections":[],"jetpack_featured_media_url":"https:\/\/www.xn--kprmedya-n4a6d.com\/wp-content\/uploads\/2026\/03\/42bea828-2250-4576-8e31-4c59651b20b2-scaled.jpeg","jetpack_likes_enabled":true,"jetpack_sharing_enabled":true,"jetpack_shortlink":"https:\/\/wp.me\/pgAB3S-23r","_links":{"self":[{"href":"https:\/\/www.xn--kprmedya-n4a6d.com\/index.php\/wp-json\/wp\/v2\/posts\/7901","targetHints":{"allow":["GET"]}}],"collection":[{"href":"https:\/\/www.xn--kprmedya-n4a6d.com\/index.php\/wp-json\/wp\/v2\/posts"}],"about":[{"href":"https:\/\/www.xn--kprmedya-n4a6d.com\/index.php\/wp-json\/wp\/v2\/types\/post"}],"author":[{"embeddable":true,"href":"https:\/\/www.xn--kprmedya-n4a6d.com\/index.php\/wp-json\/wp\/v2\/users\/1"}],"replies":[{"embeddable":true,"href":"https:\/\/www.xn--kprmedya-n4a6d.com\/index.php\/wp-json\/wp\/v2\/comments?post=7901"}],"version-history":[{"count":2,"href":"https:\/\/www.xn--kprmedya-n4a6d.com\/index.php\/wp-json\/wp\/v2\/posts\/7901\/revisions"}],"predecessor-version":[{"id":7909,"href":"https:\/\/www.xn--kprmedya-n4a6d.com\/index.php\/wp-json\/wp\/v2\/posts\/7901\/revisions\/7909"}],"wp:featuredmedia":[{"embeddable":true,"href":"https:\/\/www.xn--kprmedya-n4a6d.com\/index.php\/wp-json\/wp\/v2\/media\/7906"}],"wp:attachment":[{"href":"https:\/\/www.xn--kprmedya-n4a6d.com\/index.php\/wp-json\/wp\/v2\/media?parent=7901"}],"wp:term":[{"taxonomy":"category","embeddable":true,"href":"https:\/\/www.xn--kprmedya-n4a6d.com\/index.php\/wp-json\/wp\/v2\/categories?post=7901"},{"taxonomy":"post_tag","embeddable":true,"href":"https:\/\/www.xn--kprmedya-n4a6d.com\/index.php\/wp-json\/wp\/v2\/tags?post=7901"}],"curies":[{"name":"wp","href":"https:\/\/api.w.org\/{rel}","templated":true}]}}