{"id":7947,"date":"2026-03-24T12:54:00","date_gmt":"2026-03-24T12:54:00","guid":{"rendered":"https:\/\/www.xn--kprmedya-n4a6d.com\/?p=7947"},"modified":"2026-03-24T12:54:02","modified_gmt":"2026-03-24T12:54:02","slug":"yuksekokuldan-topluma-dokunan-proje","status":"publish","type":"post","link":"https:\/\/www.xn--kprmedya-n4a6d.com\/index.php\/2026\/03\/24\/yuksekokuldan-topluma-dokunan-proje\/","title":{"rendered":"Y\u00dcKSEKOKULDAN TOPLUMA DOKUNAN PROJE"},"content":{"rendered":"\n<figure class=\"wp-block-image size-large\"><img loading=\"lazy\" decoding=\"async\" width=\"1024\" height=\"237\" src=\"https:\/\/www.xn--kprmedya-n4a6d.com\/wp-content\/uploads\/2026\/03\/IMG_5300-62-1024x237.jpeg\" alt=\"\" class=\"wp-image-7951\" srcset=\"https:\/\/www.xn--kprmedya-n4a6d.com\/wp-content\/uploads\/2026\/03\/IMG_5300-62-1024x237.jpeg 1024w, https:\/\/www.xn--kprmedya-n4a6d.com\/wp-content\/uploads\/2026\/03\/IMG_5300-62-300x70.jpeg 300w, https:\/\/www.xn--kprmedya-n4a6d.com\/wp-content\/uploads\/2026\/03\/IMG_5300-62-768x178.jpeg 768w, https:\/\/www.xn--kprmedya-n4a6d.com\/wp-content\/uploads\/2026\/03\/IMG_5300-62.jpeg 1200w\" sizes=\"auto, (max-width: 1024px) 100vw, 1024px\" \/><\/figure>\n\n\n\n<p>Bursa Uluda\u011f \u00dcniversitesi Mustafakemalpa\u015fa Meslek Y\u00fcksekokulu \u00f6\u011frencileri, toplumla ba\u011f kuran anlaml\u0131 bir sosyal sorumluluk projesine imza att\u0131.<\/p>\n\n\n\n<p>\u2018Toplum Bilinci ve Sosyal Sorumluluk\u2019 dersi kapsam\u0131nda y\u00fcr\u00fct\u00fclen proje ile \u00fcniversiteli gen\u00e7ler, ilkokul ve \u00f6zel e\u011fitim \u00f6\u011frencilerinin e\u011fitsel ve sosyal geli\u015fimlerine katk\u0131 sa\u011flayacak etkinlikler ger\u00e7ekle\u015ftirdi. 2025-2026 Bahar d\u00f6neminde de devam eden proje kapsam\u0131nda Muhasebe ve Vergi Uygulamalar\u0131 ile Pazarlama program\u0131 \u00f6\u011frencileri, g\u00f6n\u00fcll\u00fc olarak sahaya \u00e7\u0131karak \u0130bni Sina \u00d6zel E\u011fitim Meslek Okulu ve Cahit Zarifo\u011flu \u0130lkokulu ile i\u015f birli\u011fi i\u00e7inde \u00e7ocuklara y\u00f6nelik \u00e7e\u015fitli faaliyetler y\u00fcr\u00fctt\u00fc.<\/p>\n\n\n\n<figure class=\"wp-block-image size-large\"><img loading=\"lazy\" decoding=\"async\" width=\"1024\" height=\"660\" src=\"https:\/\/www.xn--kprmedya-n4a6d.com\/wp-content\/uploads\/2026\/03\/IMG_3343-1024x660.jpeg\" alt=\"\" class=\"wp-image-7948\" srcset=\"https:\/\/www.xn--kprmedya-n4a6d.com\/wp-content\/uploads\/2026\/03\/IMG_3343-1024x660.jpeg 1024w, https:\/\/www.xn--kprmedya-n4a6d.com\/wp-content\/uploads\/2026\/03\/IMG_3343-300x194.jpeg 300w, https:\/\/www.xn--kprmedya-n4a6d.com\/wp-content\/uploads\/2026\/03\/IMG_3343-768x495.jpeg 768w, https:\/\/www.xn--kprmedya-n4a6d.com\/wp-content\/uploads\/2026\/03\/IMG_3343.jpeg 1200w\" sizes=\"auto, (max-width: 1024px) 100vw, 1024px\" \/><\/figure>\n\n\n\n<p><strong>\u00d6\u011eRENC\u0130LERDEN \u00c7OCUKLARA UZANAN G\u00d6N\u00dcL K\u00d6PR\u00dcS\u00dc<\/strong><\/p>\n\n\n\n<p>Meslek Y\u00fcksekokulu \u00f6nc\u00fcl\u00fc\u011f\u00fcnde \u2018Toplum Bilinci ve Sosyal Sorumluluk\u2019 dersi kapsam\u0131nda ger\u00e7ekle\u015ftirilen proje, \u00d6\u011fr. G\u00f6r. Dr. Merve Ak\u00e7a ve \u00d6\u011fr. G\u00f6r. Serkan Abi\u015f taraf\u0131ndan y\u00fcr\u00fct\u00fcld\u00fc.<\/p>\n\n\n\n<p>Projenin ilk aya\u011f\u0131nda MYO \u00f6\u011frencileri, Cahit Zarifo\u011flu \u0130lkokulu\u2019nda birinci s\u0131n\u0131f \u00f6\u011frencileriyle bulu\u015farak kitap okuma etkinlikleri d\u00fczenledi. Bu etkinlikler sayesinde \u00e7ocuklar\u0131n erken ya\u015fta okuma al\u0131\u015fkanl\u0131\u011f\u0131 kazanmas\u0131 desteklenirken, \u00fcniversite \u00f6\u011frencileri de toplumsal sorumluluk bilincini uygulamal\u0131 olarak deneyimleme f\u0131rsat\u0131 buldu.&nbsp;<\/p>\n\n\n\n<p>Projenin di\u011fer aya\u011f\u0131nda ise \u0130bni Sina \u00d6zel E\u011fitim Meslek Okulu \u00f6\u011frencileriyle \u00e7e\u015fitli sosyal ve e\u011fitsel etkinlikler yap\u0131ld\u0131. Bu kapsamda d\u00fczenlenen oyunlar, birlikte yap\u0131lan etkinlikler ve etkile\u015fim temelli \u00e7al\u0131\u015fmalar arac\u0131l\u0131\u011f\u0131yla \u00f6zel gereksinimli \u00f6\u011frencilerin sosyal kat\u0131l\u0131m\u0131 g\u00fc\u00e7lendirildi.<\/p>\n\n\n\n<p><strong>\u00dcN\u0130VERS\u0130TE-TOPLUM \u0130\u015e B\u0130RL\u0130\u011e\u0130NE G\u00dc\u00c7L\u00dc \u00d6RNEK<\/strong><\/p>\n\n\n\n<p>Y\u00fcksekokul M\u00fcd\u00fcr\u00fc Prof. Dr. Mehmet \u00d6z, \u00fcniversite ile yerel e\u011fitim kurumlar\u0131 aras\u0131ndaki bu t\u00fcr i\u015f birliklerinin hem \u00f6\u011frenciler hem de toplum a\u00e7\u0131s\u0131ndan \u00f6nemli kazan\u0131mlar sa\u011flad\u0131\u011f\u0131n\u0131 belirterek, sosyal sorumluluk projelerinin ilerleyen d\u00f6nemlerde de devam edece\u011fini ifade etti.&nbsp;<\/p>\n\n\n\n<p>Proje sayesinde \u00fcniversite \u00f6\u011frencilerinin yaln\u0131zca mesleki bilgi edinmekle kalmad\u0131\u011f\u0131n\u0131 s\u00f6yleyen Prof. Dr. \u00d6z ayn\u0131 zamanda empati, g\u00f6n\u00fcll\u00fcl\u00fck ve toplumsal duyarl\u0131l\u0131k gibi de\u011ferleri de sahada deneyimleyerek \u00f6\u011frenme f\u0131rsat\u0131 bulduklar\u0131n\u0131, bu y\u00f6n\u00fcyle projenin, \u00fcniversite-toplum i\u015f birli\u011finin g\u00fc\u00e7l\u00fc bir \u00f6rne\u011fi olarak dikkat \u00e7ekti\u011fini s\u00f6zlerine ekledi.<\/p>\n\n\n\n<figure class=\"wp-block-image size-full\"><img loading=\"lazy\" decoding=\"async\" width=\"825\" height=\"500\" src=\"https:\/\/www.xn--kprmedya-n4a6d.com\/wp-content\/uploads\/2026\/03\/IMG_2848-24.jpeg\" alt=\"\" class=\"wp-image-7950\" srcset=\"https:\/\/www.xn--kprmedya-n4a6d.com\/wp-content\/uploads\/2026\/03\/IMG_2848-24.jpeg 825w, https:\/\/www.xn--kprmedya-n4a6d.com\/wp-content\/uploads\/2026\/03\/IMG_2848-24-300x182.jpeg 300w, https:\/\/www.xn--kprmedya-n4a6d.com\/wp-content\/uploads\/2026\/03\/IMG_2848-24-768x465.jpeg 768w\" sizes=\"auto, (max-width: 825px) 100vw, 825px\" \/><\/figure>\n","protected":false},"excerpt":{"rendered":"<p>Bursa Uluda\u011f \u00dcniversitesi Mustafakemalpa\u015fa Meslek Y\u00fcksekokulu \u00f6\u011frencileri, toplumla ba\u011f kuran anlaml\u0131 bir sosyal sorumluluk projesine imza att\u0131. \u2018Toplum Bilinci ve Sosyal Sorumluluk\u2019 dersi kapsam\u0131nda y\u00fcr\u00fct\u00fclen&hellip;<\/p>\n","protected":false},"author":1,"featured_media":7949,"comment_status":"open","ping_status":"open","sticky":false,"template":"","format":"standard","meta":{"advanced_seo_description":"","jetpack_seo_html_title":"","jetpack_seo_noindex":false,"_jetpack_memberships_contains_paid_content":false,"footnotes":"","jetpack_publicize_message":"","jetpack_publicize_feature_enabled":true,"jetpack_social_post_already_shared":true,"jetpack_social_options":{"image_generator_settings":{"template":"highway","default_image_id":0,"font":"","enabled":false},"version":2}},"categories":[8],"tags":[],"class_list":["post-7947","post","type-post","status-publish","format-standard","has-post-thumbnail","hentry","category-foto-galeri"],"jetpack_publicize_connections":[],"jetpack_featured_media_url":"https:\/\/www.xn--kprmedya-n4a6d.com\/wp-content\/uploads\/2026\/03\/IMG_3344.jpeg","jetpack_likes_enabled":true,"jetpack_sharing_enabled":true,"jetpack_shortlink":"https:\/\/wp.me\/pgAB3S-24b","_links":{"self":[{"href":"https:\/\/www.xn--kprmedya-n4a6d.com\/index.php\/wp-json\/wp\/v2\/posts\/7947","targetHints":{"allow":["GET"]}}],"collection":[{"href":"https:\/\/www.xn--kprmedya-n4a6d.com\/index.php\/wp-json\/wp\/v2\/posts"}],"about":[{"href":"https:\/\/www.xn--kprmedya-n4a6d.com\/index.php\/wp-json\/wp\/v2\/types\/post"}],"author":[{"embeddable":true,"href":"https:\/\/www.xn--kprmedya-n4a6d.com\/index.php\/wp-json\/wp\/v2\/users\/1"}],"replies":[{"embeddable":true,"href":"https:\/\/www.xn--kprmedya-n4a6d.com\/index.php\/wp-json\/wp\/v2\/comments?post=7947"}],"version-history":[{"count":1,"href":"https:\/\/www.xn--kprmedya-n4a6d.com\/index.php\/wp-json\/wp\/v2\/posts\/7947\/revisions"}],"predecessor-version":[{"id":7952,"href":"https:\/\/www.xn--kprmedya-n4a6d.com\/index.php\/wp-json\/wp\/v2\/posts\/7947\/revisions\/7952"}],"wp:featuredmedia":[{"embeddable":true,"href":"https:\/\/www.xn--kprmedya-n4a6d.com\/index.php\/wp-json\/wp\/v2\/media\/7949"}],"wp:attachment":[{"href":"https:\/\/www.xn--kprmedya-n4a6d.com\/index.php\/wp-json\/wp\/v2\/media?parent=7947"}],"wp:term":[{"taxonomy":"category","embeddable":true,"href":"https:\/\/www.xn--kprmedya-n4a6d.com\/index.php\/wp-json\/wp\/v2\/categories?post=7947"},{"taxonomy":"post_tag","embeddable":true,"href":"https:\/\/www.xn--kprmedya-n4a6d.com\/index.php\/wp-json\/wp\/v2\/tags?post=7947"}],"curies":[{"name":"wp","href":"https:\/\/api.w.org\/{rel}","templated":true}]}}