{"id":7960,"date":"2026-03-25T11:23:48","date_gmt":"2026-03-25T11:23:48","guid":{"rendered":"https:\/\/www.xn--kprmedya-n4a6d.com\/?p=7960"},"modified":"2026-03-25T11:23:50","modified_gmt":"2026-03-25T11:23:50","slug":"dolluk-mahallesi-tarihi-kararin-esiginde","status":"publish","type":"post","link":"https:\/\/www.xn--kprmedya-n4a6d.com\/index.php\/2026\/03\/25\/dolluk-mahallesi-tarihi-kararin-esiginde\/","title":{"rendered":"D\u00d6LL\u00dcK MAHALLES\u0130 TAR\u0130H\u0130 KARARIN E\u015e\u0130\u011e\u0130NDE"},"content":{"rendered":"\n<figure class=\"wp-block-image size-large\"><img loading=\"lazy\" decoding=\"async\" width=\"1024\" height=\"237\" src=\"https:\/\/www.xn--kprmedya-n4a6d.com\/wp-content\/uploads\/2026\/03\/IMG_5300-63-1024x237.jpeg\" alt=\"\" class=\"wp-image-7963\" srcset=\"https:\/\/www.xn--kprmedya-n4a6d.com\/wp-content\/uploads\/2026\/03\/IMG_5300-63-1024x237.jpeg 1024w, https:\/\/www.xn--kprmedya-n4a6d.com\/wp-content\/uploads\/2026\/03\/IMG_5300-63-300x70.jpeg 300w, https:\/\/www.xn--kprmedya-n4a6d.com\/wp-content\/uploads\/2026\/03\/IMG_5300-63-768x178.jpeg 768w, https:\/\/www.xn--kprmedya-n4a6d.com\/wp-content\/uploads\/2026\/03\/IMG_5300-63.jpeg 1200w\" sizes=\"auto, (max-width: 1024px) 100vw, 1024px\" \/><\/figure>\n\n\n\n<p>Mustafakemalpa\u015fa\u2019ya ba\u011fl\u0131 D\u00f6ll\u00fck Mahallesi\u2019nde isim de\u011fi\u015fikli\u011fi s\u00fcreci resmen ba\u015flat\u0131ld\u0131. Mahalle Muhtar\u0131 Hasan Karaduman, gelen talepler do\u011frultusunda harekete ge\u00e7tiklerini belirterek, \u00f6zellikle gen\u00e7lerden yo\u011fun geri d\u00f6n\u00fc\u015f ald\u0131klar\u0131n\u0131 a\u00e7\u0131klad\u0131.<\/p>\n\n\n\n<p>Mahalle isminin zaman zaman farkl\u0131 alg\u0131lara yol a\u00e7t\u0131\u011f\u0131n\u0131 ifade eden Karaduman, bu durumun mahalle sakinlerini rahats\u0131z etti\u011fini dile getirdi. D\u0131\u015far\u0131dan gelen ki\u015filere mahalle ismini s\u00f6ylerken \u00e7e\u015fitli tepkilerle kar\u015f\u0131la\u015f\u0131ld\u0131\u011f\u0131n\u0131 aktaran Karaduman, bu nedenle isim de\u011fi\u015fikli\u011finin ka\u00e7\u0131n\u0131lmaz hale geldi\u011fini vurgulad\u0131.<\/p>\n\n\n\n<p>Yeni isim konusunda \u201cKafkas Mahallesi\u201d \u00fczerinde durduklar\u0131n\u0131 belirten Karaduman, bu do\u011frultuda resmi giri\u015fimlerin ba\u015flat\u0131ld\u0131\u011f\u0131n\u0131 s\u00f6yledi.<\/p>\n\n\n\n<p><strong>S\u00dcRE\u00c7 RESMEN BA\u015eLADI<\/strong><\/p>\n\n\n\n<p>Karaduman, ge\u00e7ti\u011fimiz g\u00fcnlerde s\u00fcrecin ilk ad\u0131m\u0131n\u0131 atarak Mustafakemalpa\u015fa Belediyesi\u2019ne ba\u015fvuruda bulunduklar\u0131n\u0131 ifade etti. S\u00fcrecin bundan sonraki a\u015famalar\u0131na ili\u015fkin bilgi veren Karaduman, \u015fu ifadeleri kulland\u0131:<\/p>\n\n\n\n<p>\u201c\u00d6ncelikle talebimiz belediye meclisinde g\u00f6r\u00fc\u015f\u00fclecek. Meclisten olumlu karar \u00e7\u0131kmas\u0131 halinde dosya kaymakaml\u0131\u011fa iletilecek, ard\u0131ndan valilik onay\u0131na sunulacak. T\u00fcm bu s\u00fcre\u00e7lerin tamamlanmas\u0131yla birlikte mahallemizin yeni ismi resmiyet kazanacak.\u201d<\/p>\n\n\n\n<p>\u0130sim de\u011fi\u015fikli\u011fi s\u00fcrecinin idari prosed\u00fcrlere ba\u011fl\u0131 olarak ilerledi\u011fini belirten Karaduman, ilgili kurumlar\u0131n onaylar\u0131n\u0131n b\u00fcy\u00fck \u00f6nem ta\u015f\u0131d\u0131\u011f\u0131na dikkat \u00e7ekti.<\/p>\n\n\n\n<figure class=\"wp-block-image size-full\"><img loading=\"lazy\" decoding=\"async\" width=\"825\" height=\"500\" src=\"https:\/\/www.xn--kprmedya-n4a6d.com\/wp-content\/uploads\/2026\/03\/IMG_2848-25.jpeg\" alt=\"\" class=\"wp-image-7962\" srcset=\"https:\/\/www.xn--kprmedya-n4a6d.com\/wp-content\/uploads\/2026\/03\/IMG_2848-25.jpeg 825w, https:\/\/www.xn--kprmedya-n4a6d.com\/wp-content\/uploads\/2026\/03\/IMG_2848-25-300x182.jpeg 300w, https:\/\/www.xn--kprmedya-n4a6d.com\/wp-content\/uploads\/2026\/03\/IMG_2848-25-768x465.jpeg 768w\" sizes=\"auto, (max-width: 825px) 100vw, 825px\" \/><\/figure>\n","protected":false},"excerpt":{"rendered":"<p>Mustafakemalpa\u015fa\u2019ya ba\u011fl\u0131 D\u00f6ll\u00fck Mahallesi\u2019nde isim de\u011fi\u015fikli\u011fi s\u00fcreci resmen ba\u015flat\u0131ld\u0131. Mahalle Muhtar\u0131 Hasan Karaduman, gelen talepler do\u011frultusunda harekete ge\u00e7tiklerini belirterek, \u00f6zellikle gen\u00e7lerden yo\u011fun geri d\u00f6n\u00fc\u015f ald\u0131klar\u0131n\u0131&hellip;<\/p>\n","protected":false},"author":1,"featured_media":7961,"comment_status":"open","ping_status":"open","sticky":false,"template":"","format":"standard","meta":{"advanced_seo_description":"","jetpack_seo_html_title":"","jetpack_seo_noindex":false,"_jetpack_memberships_contains_paid_content":false,"footnotes":"","jetpack_publicize_message":"","jetpack_publicize_feature_enabled":true,"jetpack_social_post_already_shared":true,"jetpack_social_options":{"image_generator_settings":{"template":"highway","default_image_id":0,"font":"","enabled":false},"version":2}},"categories":[8],"tags":[],"class_list":["post-7960","post","type-post","status-publish","format-standard","has-post-thumbnail","hentry","category-foto-galeri"],"jetpack_publicize_connections":[],"jetpack_featured_media_url":"https:\/\/www.xn--kprmedya-n4a6d.com\/wp-content\/uploads\/2026\/03\/IMG_3364.jpeg","jetpack_likes_enabled":true,"jetpack_sharing_enabled":true,"jetpack_shortlink":"https:\/\/wp.me\/pgAB3S-24o","_links":{"self":[{"href":"https:\/\/www.xn--kprmedya-n4a6d.com\/index.php\/wp-json\/wp\/v2\/posts\/7960","targetHints":{"allow":["GET"]}}],"collection":[{"href":"https:\/\/www.xn--kprmedya-n4a6d.com\/index.php\/wp-json\/wp\/v2\/posts"}],"about":[{"href":"https:\/\/www.xn--kprmedya-n4a6d.com\/index.php\/wp-json\/wp\/v2\/types\/post"}],"author":[{"embeddable":true,"href":"https:\/\/www.xn--kprmedya-n4a6d.com\/index.php\/wp-json\/wp\/v2\/users\/1"}],"replies":[{"embeddable":true,"href":"https:\/\/www.xn--kprmedya-n4a6d.com\/index.php\/wp-json\/wp\/v2\/comments?post=7960"}],"version-history":[{"count":1,"href":"https:\/\/www.xn--kprmedya-n4a6d.com\/index.php\/wp-json\/wp\/v2\/posts\/7960\/revisions"}],"predecessor-version":[{"id":7964,"href":"https:\/\/www.xn--kprmedya-n4a6d.com\/index.php\/wp-json\/wp\/v2\/posts\/7960\/revisions\/7964"}],"wp:featuredmedia":[{"embeddable":true,"href":"https:\/\/www.xn--kprmedya-n4a6d.com\/index.php\/wp-json\/wp\/v2\/media\/7961"}],"wp:attachment":[{"href":"https:\/\/www.xn--kprmedya-n4a6d.com\/index.php\/wp-json\/wp\/v2\/media?parent=7960"}],"wp:term":[{"taxonomy":"category","embeddable":true,"href":"https:\/\/www.xn--kprmedya-n4a6d.com\/index.php\/wp-json\/wp\/v2\/categories?post=7960"},{"taxonomy":"post_tag","embeddable":true,"href":"https:\/\/www.xn--kprmedya-n4a6d.com\/index.php\/wp-json\/wp\/v2\/tags?post=7960"}],"curies":[{"name":"wp","href":"https:\/\/api.w.org\/{rel}","templated":true}]}}