{"id":7965,"date":"2026-03-26T06:29:53","date_gmt":"2026-03-26T06:29:53","guid":{"rendered":"https:\/\/www.xn--kprmedya-n4a6d.com\/?p=7965"},"modified":"2026-03-26T06:29:55","modified_gmt":"2026-03-26T06:29:55","slug":"chpde-kritik-toplanti-saldiriya-sert-tepki-sahte-hesaplara-hukuk-hamlesi","status":"publish","type":"post","link":"https:\/\/www.xn--kprmedya-n4a6d.com\/index.php\/2026\/03\/26\/chpde-kritik-toplanti-saldiriya-sert-tepki-sahte-hesaplara-hukuk-hamlesi\/","title":{"rendered":"CHP\u2019DE KR\u0130T\u0130K TOPLANTI: SALDIRIYA SERT TEPK\u0130, SAHTE HESAPLARA HUKUK HAMLES\u0130"},"content":{"rendered":"\n<figure class=\"wp-block-image size-large\"><img loading=\"lazy\" decoding=\"async\" width=\"1024\" height=\"237\" src=\"https:\/\/www.xn--kprmedya-n4a6d.com\/wp-content\/uploads\/2026\/03\/IMG_5300-64-1024x237.jpeg\" alt=\"\" class=\"wp-image-7970\" srcset=\"https:\/\/www.xn--kprmedya-n4a6d.com\/wp-content\/uploads\/2026\/03\/IMG_5300-64-1024x237.jpeg 1024w, https:\/\/www.xn--kprmedya-n4a6d.com\/wp-content\/uploads\/2026\/03\/IMG_5300-64-300x70.jpeg 300w, https:\/\/www.xn--kprmedya-n4a6d.com\/wp-content\/uploads\/2026\/03\/IMG_5300-64-768x178.jpeg 768w, https:\/\/www.xn--kprmedya-n4a6d.com\/wp-content\/uploads\/2026\/03\/IMG_5300-64.jpeg 1200w\" sizes=\"auto, (max-width: 1024px) 100vw, 1024px\" \/><\/figure>\n\n\n\n<p>Cumhuriyet Halk Partisi (CHP) Mustafakemalpa\u015fa \u0130l\u00e7e Y\u00f6netimi, \u0130l\u00e7e Ba\u015fkan\u0131 G\u00f6khan Demir ba\u015fkanl\u0131\u011f\u0131nda bu ak\u015fam \u0130l\u00e7e Ba\u015fkanl\u0131\u011f\u0131 binas\u0131nda ger\u00e7ekle\u015ftirilen Y\u00f6netim Kurulu toplant\u0131s\u0131nda bir araya geldi. Toplant\u0131da il\u00e7ede son g\u00fcnlerde ya\u015fanan geli\u015fmeler kapsaml\u0131 \u015fekilde ele al\u0131narak de\u011ferlendirildi.<\/p>\n\n\n\n<figure class=\"wp-block-image size-large\"><img loading=\"lazy\" decoding=\"async\" width=\"1024\" height=\"683\" src=\"https:\/\/www.xn--kprmedya-n4a6d.com\/wp-content\/uploads\/2026\/03\/9e4a9a2d-a6d3-4aaf-86e9-334c441cdd83-1024x683.jpeg\" alt=\"\" class=\"wp-image-7967\" srcset=\"https:\/\/www.xn--kprmedya-n4a6d.com\/wp-content\/uploads\/2026\/03\/9e4a9a2d-a6d3-4aaf-86e9-334c441cdd83-1024x683.jpeg 1024w, https:\/\/www.xn--kprmedya-n4a6d.com\/wp-content\/uploads\/2026\/03\/9e4a9a2d-a6d3-4aaf-86e9-334c441cdd83-300x200.jpeg 300w, https:\/\/www.xn--kprmedya-n4a6d.com\/wp-content\/uploads\/2026\/03\/9e4a9a2d-a6d3-4aaf-86e9-334c441cdd83-768x512.jpeg 768w, https:\/\/www.xn--kprmedya-n4a6d.com\/wp-content\/uploads\/2026\/03\/9e4a9a2d-a6d3-4aaf-86e9-334c441cdd83-1536x1025.jpeg 1536w, https:\/\/www.xn--kprmedya-n4a6d.com\/wp-content\/uploads\/2026\/03\/9e4a9a2d-a6d3-4aaf-86e9-334c441cdd83.jpeg 2048w\" sizes=\"auto, (max-width: 1024px) 100vw, 1024px\" \/><\/figure>\n\n\n\n<p><strong>YEN\u0130CE\u2019DEK\u0130 SALDIRIYA SERT TEPK\u0130<\/strong><\/p>\n\n\n\n<p>Demir a\u00e7\u0131klamas\u0131nda, Yenice Mahallesi\u2019nde bulunan Do\u011fal Ya\u015fam Alan\u0131 ve Rehabilitasyon Merkezi\u2019ne y\u00f6nelik ger\u00e7ekle\u015ftirilen sald\u0131r\u0131ya sert s\u00f6zlerle tepki g\u00f6sterdi.<\/p>\n\n\n\n<p>\u201cBug\u00fcn Yenice Mahallemizde bulunan Do\u011fal ya\u015fam alan\u0131 ve rehabilitasyon merkezine y\u00f6nelik ger\u00e7ekle\u015ftirilen sald\u0131r\u0131y\u0131 b\u00fcy\u00fck bir \u00fcz\u00fcnt\u00fc ve \u00f6fkeyle \u00f6\u011frenmi\u015f bulunuyoruz.<\/p>\n\n\n\n<p>Bu yap\u0131lan sadece bir yap\u0131ya de\u011fil, savunmas\u0131z canlara haz\u0131rlanan bir yuvaya, vicdana ve insanl\u0131\u011f\u0131m\u0131za y\u00f6nelmi\u015f a\u00e7\u0131k bir sald\u0131r\u0131d\u0131r.<\/p>\n\n\n\n<p>Bu t\u00fcr yap\u0131lar; korunmaya muhta\u00e7 hayvanlar\u0131n ya\u015fam alan\u0131d\u0131r. Toplum olarak merhameti, birlikte ya\u015fam k\u00fclt\u00fcr\u00fcn\u00fc ve sorumluluk bilincini b\u00fcy\u00fctmek zorunday\u0131z.<\/p>\n\n\n\n<p>Bu t\u00fcr eylemler, Mustafakemalpa\u015fa\u2019l\u0131lar\u0131n de\u011ferleriyle asla \u00f6rt\u00fc\u015fmemektedir.<\/p>\n\n\n\n<p>\u015eiddetin ve vandall\u0131\u011f\u0131n kar\u015f\u0131s\u0131nda, vicdan\u0131n ve sa\u011fduyunun yan\u0131nda durmaya devam edecek, sorumlular\u0131n yarg\u0131 kar\u015f\u0131s\u0131nda hesap verebilmesi i\u00e7in konunun takip\u00e7isi olaca\u011f\u0131m\u0131z\u0131 siz de\u011ferli kamuoyu ile payla\u015f\u0131yoruz, bununla beraber \u00f6zellikle son birka\u00e7 g\u00fcnd\u00fcr facebook \u00fczerinde ger\u00e7ek kimli\u011fi gizlenmi\u015f ancak bizce malum bir sosyal medya hesab\u0131 \u00fczerinden partimizin ve belediyemizin kurumsal kimli\u011fini hedef alan, alayc\u0131 ve itibars\u0131zla\u015ft\u0131rmaya y\u00f6nelik i\u00e7eriklerin dola\u015f\u0131ma sokuldu\u011funu \u00fcz\u00fclerek g\u00f6rmekteyiz.\u201d<\/p>\n\n\n\n<figure class=\"wp-block-image size-full\"><img loading=\"lazy\" decoding=\"async\" width=\"600\" height=\"380\" src=\"https:\/\/www.xn--kprmedya-n4a6d.com\/wp-content\/uploads\/2026\/03\/IMG_3422.jpeg\" alt=\"\" class=\"wp-image-7966\" srcset=\"https:\/\/www.xn--kprmedya-n4a6d.com\/wp-content\/uploads\/2026\/03\/IMG_3422.jpeg 600w, https:\/\/www.xn--kprmedya-n4a6d.com\/wp-content\/uploads\/2026\/03\/IMG_3422-300x190.jpeg 300w\" sizes=\"auto, (max-width: 600px) 100vw, 600px\" \/><\/figure>\n\n\n\n<p><strong>SAHTE HESAPLAR \u0130\u00c7\u0130N HUKUK\u0130 S\u00dcRE\u00c7 BA\u015eLATILIYOR<\/strong><\/p>\n\n\n\n<p>A\u00e7\u0131klaman\u0131n devam\u0131nda sosyal medyada anonim hesaplar \u00fczerinden yap\u0131lan payla\u015f\u0131mlara dikkat \u00e7eken Demir, bu giri\u015fimlerin ifade \u00f6zg\u00fcrl\u00fc\u011f\u00fc kapsam\u0131nda de\u011ferlendirilemeyece\u011fini vurgulad\u0131.<\/p>\n\n\n\n<p>Kimli\u011fini gizleyerek, sahte hesaplar \u00fczerinden siyaset \u00fcretmeye \u00e7al\u0131\u015fan bu anlay\u0131\u015f\u0131n demokratik ele\u015ftiriyle ba\u011fda\u015fmad\u0131\u011f\u0131n\u0131 belirten Demir, yap\u0131lanlar\u0131n kurumsal itibara zarar verme ve kamuoyunu yan\u0131ltma amac\u0131 ta\u015f\u0131d\u0131\u011f\u0131n\u0131 ifade etti.<\/p>\n\n\n\n<p>Ele\u015ftirinin a\u00e7\u0131k kimlikle ve sorumlulukla yap\u0131lmas\u0131 gerekti\u011fini vurgulayan Demir, anonim hesaplar \u00fczerinden y\u00fcr\u00fct\u00fclen bu t\u00fcr giri\u015fimlerin \u201csiyasi acziyet ve etik yoksunluk\u201d g\u00f6stergesi oldu\u011funu dile getirdi.<\/p>\n\n\n\n<p>CHP Mustafakemalpa\u015fa \u0130l\u00e7e Ba\u015fkanl\u0131\u011f\u0131 olarak partilerine ve belediyeye y\u00f6nelik bu organize itibars\u0131zla\u015ft\u0131rma giri\u015fimlerine kar\u015f\u0131 hukuki s\u00fcre\u00e7 ba\u015flatacaklar\u0131n\u0131 a\u00e7\u0131klayan Demir, su\u00e7 duyurusunda bulunacaklar\u0131n\u0131 kamuoyuna duyurdu.<\/p>\n\n\n\n<p>Demir a\u00e7\u0131klamas\u0131n\u0131, \u201cHi\u00e7 kimse, sahte hesaplar\u0131n arkas\u0131na saklanarak bu il\u00e7enin siyasetini kirletemez. Mustafakemalpa\u015fa\u2019da siyaset; a\u00e7\u0131k, d\u00fcr\u00fcst ve y\u00fcz y\u00fcze yap\u0131l\u0131r\u201d s\u00f6zleriyle tamamlad\u0131.<\/p>\n\n\n\n<figure class=\"wp-block-image size-full\"><img loading=\"lazy\" decoding=\"async\" width=\"825\" height=\"500\" src=\"https:\/\/www.xn--kprmedya-n4a6d.com\/wp-content\/uploads\/2026\/03\/IMG_2848-26.jpeg\" alt=\"\" class=\"wp-image-7969\" srcset=\"https:\/\/www.xn--kprmedya-n4a6d.com\/wp-content\/uploads\/2026\/03\/IMG_2848-26.jpeg 825w, https:\/\/www.xn--kprmedya-n4a6d.com\/wp-content\/uploads\/2026\/03\/IMG_2848-26-300x182.jpeg 300w, https:\/\/www.xn--kprmedya-n4a6d.com\/wp-content\/uploads\/2026\/03\/IMG_2848-26-768x465.jpeg 768w\" sizes=\"auto, (max-width: 825px) 100vw, 825px\" \/><\/figure>\n","protected":false},"excerpt":{"rendered":"<p>Cumhuriyet Halk Partisi (CHP) Mustafakemalpa\u015fa \u0130l\u00e7e Y\u00f6netimi, \u0130l\u00e7e Ba\u015fkan\u0131 G\u00f6khan Demir ba\u015fkanl\u0131\u011f\u0131nda bu ak\u015fam \u0130l\u00e7e Ba\u015fkanl\u0131\u011f\u0131 binas\u0131nda ger\u00e7ekle\u015ftirilen Y\u00f6netim Kurulu toplant\u0131s\u0131nda bir araya geldi. Toplant\u0131da&hellip;<\/p>\n","protected":false},"author":1,"featured_media":7968,"comment_status":"open","ping_status":"open","sticky":false,"template":"","format":"standard","meta":{"advanced_seo_description":"","jetpack_seo_html_title":"","jetpack_seo_noindex":false,"_jetpack_memberships_contains_paid_content":false,"footnotes":"","jetpack_publicize_message":"","jetpack_publicize_feature_enabled":true,"jetpack_social_post_already_shared":true,"jetpack_social_options":{"image_generator_settings":{"template":"highway","default_image_id":0,"font":"","enabled":false},"version":2}},"categories":[8],"tags":[],"class_list":["post-7965","post","type-post","status-publish","format-standard","has-post-thumbnail","hentry","category-foto-galeri"],"jetpack_publicize_connections":[],"jetpack_featured_media_url":"https:\/\/www.xn--kprmedya-n4a6d.com\/wp-content\/uploads\/2026\/03\/4290ca51-cb76-42b4-8002-715dd6321807.jpeg","jetpack_likes_enabled":true,"jetpack_sharing_enabled":true,"jetpack_shortlink":"https:\/\/wp.me\/pgAB3S-24t","_links":{"self":[{"href":"https:\/\/www.xn--kprmedya-n4a6d.com\/index.php\/wp-json\/wp\/v2\/posts\/7965","targetHints":{"allow":["GET"]}}],"collection":[{"href":"https:\/\/www.xn--kprmedya-n4a6d.com\/index.php\/wp-json\/wp\/v2\/posts"}],"about":[{"href":"https:\/\/www.xn--kprmedya-n4a6d.com\/index.php\/wp-json\/wp\/v2\/types\/post"}],"author":[{"embeddable":true,"href":"https:\/\/www.xn--kprmedya-n4a6d.com\/index.php\/wp-json\/wp\/v2\/users\/1"}],"replies":[{"embeddable":true,"href":"https:\/\/www.xn--kprmedya-n4a6d.com\/index.php\/wp-json\/wp\/v2\/comments?post=7965"}],"version-history":[{"count":1,"href":"https:\/\/www.xn--kprmedya-n4a6d.com\/index.php\/wp-json\/wp\/v2\/posts\/7965\/revisions"}],"predecessor-version":[{"id":7971,"href":"https:\/\/www.xn--kprmedya-n4a6d.com\/index.php\/wp-json\/wp\/v2\/posts\/7965\/revisions\/7971"}],"wp:featuredmedia":[{"embeddable":true,"href":"https:\/\/www.xn--kprmedya-n4a6d.com\/index.php\/wp-json\/wp\/v2\/media\/7968"}],"wp:attachment":[{"href":"https:\/\/www.xn--kprmedya-n4a6d.com\/index.php\/wp-json\/wp\/v2\/media?parent=7965"}],"wp:term":[{"taxonomy":"category","embeddable":true,"href":"https:\/\/www.xn--kprmedya-n4a6d.com\/index.php\/wp-json\/wp\/v2\/categories?post=7965"},{"taxonomy":"post_tag","embeddable":true,"href":"https:\/\/www.xn--kprmedya-n4a6d.com\/index.php\/wp-json\/wp\/v2\/tags?post=7965"}],"curies":[{"name":"wp","href":"https:\/\/api.w.org\/{rel}","templated":true}]}}