{"id":8037,"date":"2026-03-31T08:10:06","date_gmt":"2026-03-31T08:10:06","guid":{"rendered":"https:\/\/www.xn--kprmedya-n4a6d.com\/?p=8037"},"modified":"2026-03-31T08:10:08","modified_gmt":"2026-03-31T08:10:08","slug":"demirden-sert-cikis-millet-iradesine-mudahaleye-boyun-egmeyecegiz","status":"publish","type":"post","link":"https:\/\/www.xn--kprmedya-n4a6d.com\/index.php\/2026\/03\/31\/demirden-sert-cikis-millet-iradesine-mudahaleye-boyun-egmeyecegiz\/","title":{"rendered":"DEM\u0130R\u2019DEN SERT \u00c7IKI\u015e: \u201cM\u0130LLET \u0130RADES\u0130NE M\u00dcDAHALEYE BOYUN E\u011eMEYECE\u011e\u0130Z\u201d"},"content":{"rendered":"\n<figure class=\"wp-block-image size-large\"><img loading=\"lazy\" decoding=\"async\" width=\"1024\" height=\"237\" src=\"https:\/\/www.xn--kprmedya-n4a6d.com\/wp-content\/uploads\/2026\/03\/IMG_5300-74-1024x237.jpeg\" alt=\"\" class=\"wp-image-8040\" srcset=\"https:\/\/www.xn--kprmedya-n4a6d.com\/wp-content\/uploads\/2026\/03\/IMG_5300-74-1024x237.jpeg 1024w, https:\/\/www.xn--kprmedya-n4a6d.com\/wp-content\/uploads\/2026\/03\/IMG_5300-74-300x70.jpeg 300w, https:\/\/www.xn--kprmedya-n4a6d.com\/wp-content\/uploads\/2026\/03\/IMG_5300-74-768x178.jpeg 768w, https:\/\/www.xn--kprmedya-n4a6d.com\/wp-content\/uploads\/2026\/03\/IMG_5300-74.jpeg 1200w\" sizes=\"auto, (max-width: 1024px) 100vw, 1024px\" \/><\/figure>\n\n\n\n<p>CHP Mustafakemalpa\u015fa \u0130l\u00e7e Ba\u015fkan\u0131 G\u00f6khan Demir, Bursa B\u00fcy\u00fck\u015fehir Belediye Ba\u015fkan\u0131 Mustafa Bozbey hakk\u0131nda ya\u015fanan geli\u015fmelere ili\u015fkin sert bir a\u00e7\u0131klama yapt\u0131.<\/p>\n\n\n\n<p>Demir, ya\u015fanan s\u00fcrecin yaln\u0131zca bir belediye ba\u015fkan\u0131n\u0131 de\u011fil, do\u011frudan halk\u0131n iradesini ilgilendirdi\u011fini belirterek, durumu demokrasi a\u00e7\u0131s\u0131ndan de\u011ferlendirdi. A\u00e7\u0131klamas\u0131nda, \u201cSand\u0131kta kaybedenler, \u015fimdi yarg\u0131 \u00fczerinden r\u00f6van\u015f alma pe\u015fine d\u00fc\u015fm\u00fc\u015ft\u00fcr\u201d ifadelerine yer verdi.<\/p>\n\n\n\n<p>Demokrasiye ve millet iradesine vurgu yapan Demir, hi\u00e7bir bask\u0131n\u0131n halk\u0131n iradesini teslim alamayaca\u011f\u0131n\u0131 ifade etti. S\u00fcrecin toplumda ciddi bir hassasiyet olu\u015fturdu\u011funu belirten Demir, vatanda\u015flar\u0131 dayan\u0131\u015fmaya ve iradelerine sahip \u00e7\u0131kmaya davet etti.<\/p>\n\n\n\n<p>\u201cBug\u00fcn susarsak yar\u0131n konu\u015facak bir zemin bulamay\u0131z\u201d diyen Demir, a\u00e7\u0131klamas\u0131nda birlik ve beraberlik \u00e7a\u011fr\u0131s\u0131n\u0131 yineledi.<\/p>\n\n\n\n<p>Bursa kamuoyunda geni\u015f yank\u0131 uyand\u0131ran geli\u015fmelerin yak\u0131ndan takip edildi\u011fi s\u00fcre\u00e7te, Demir a\u00e7\u0131klamas\u0131n\u0131 \u201cBu \u015fehir sahipsiz de\u011fildir\u201d s\u00f6zleriyle tamamlad\u0131.<\/p>\n\n\n\n<figure class=\"wp-block-image size-large\"><img loading=\"lazy\" decoding=\"async\" width=\"819\" height=\"1024\" src=\"https:\/\/www.xn--kprmedya-n4a6d.com\/wp-content\/uploads\/2026\/03\/5e3be17b-4698-472c-a08e-abe71bfd6169-2-819x1024.jpeg\" alt=\"\" class=\"wp-image-8038\" srcset=\"https:\/\/www.xn--kprmedya-n4a6d.com\/wp-content\/uploads\/2026\/03\/5e3be17b-4698-472c-a08e-abe71bfd6169-2-819x1024.jpeg 819w, https:\/\/www.xn--kprmedya-n4a6d.com\/wp-content\/uploads\/2026\/03\/5e3be17b-4698-472c-a08e-abe71bfd6169-2-240x300.jpeg 240w, https:\/\/www.xn--kprmedya-n4a6d.com\/wp-content\/uploads\/2026\/03\/5e3be17b-4698-472c-a08e-abe71bfd6169-2-768x960.jpeg 768w, https:\/\/www.xn--kprmedya-n4a6d.com\/wp-content\/uploads\/2026\/03\/5e3be17b-4698-472c-a08e-abe71bfd6169-2.jpeg 1080w\" sizes=\"auto, (max-width: 819px) 100vw, 819px\" \/><\/figure>\n\n\n\n<figure class=\"wp-block-image size-full\"><img loading=\"lazy\" decoding=\"async\" width=\"825\" height=\"500\" src=\"https:\/\/www.xn--kprmedya-n4a6d.com\/wp-content\/uploads\/2026\/03\/IMG_2848-35.jpeg\" alt=\"\" class=\"wp-image-8039\" srcset=\"https:\/\/www.xn--kprmedya-n4a6d.com\/wp-content\/uploads\/2026\/03\/IMG_2848-35.jpeg 825w, https:\/\/www.xn--kprmedya-n4a6d.com\/wp-content\/uploads\/2026\/03\/IMG_2848-35-300x182.jpeg 300w, https:\/\/www.xn--kprmedya-n4a6d.com\/wp-content\/uploads\/2026\/03\/IMG_2848-35-768x465.jpeg 768w\" sizes=\"auto, (max-width: 825px) 100vw, 825px\" \/><\/figure>\n","protected":false},"excerpt":{"rendered":"<p>CHP Mustafakemalpa\u015fa \u0130l\u00e7e Ba\u015fkan\u0131 G\u00f6khan Demir, Bursa B\u00fcy\u00fck\u015fehir Belediye Ba\u015fkan\u0131 Mustafa Bozbey hakk\u0131nda ya\u015fanan geli\u015fmelere ili\u015fkin sert bir a\u00e7\u0131klama yapt\u0131. Demir, ya\u015fanan s\u00fcrecin yaln\u0131zca bir&hellip;<\/p>\n","protected":false},"author":1,"featured_media":8041,"comment_status":"open","ping_status":"open","sticky":false,"template":"","format":"standard","meta":{"advanced_seo_description":"","jetpack_seo_html_title":"","jetpack_seo_noindex":false,"_jetpack_memberships_contains_paid_content":false,"footnotes":"","jetpack_publicize_message":"","jetpack_publicize_feature_enabled":true,"jetpack_social_post_already_shared":true,"jetpack_social_options":{"image_generator_settings":{"template":"highway","default_image_id":0,"font":"","enabled":false},"version":2}},"categories":[8],"tags":[],"class_list":["post-8037","post","type-post","status-publish","format-standard","has-post-thumbnail","hentry","category-foto-galeri"],"jetpack_publicize_connections":[],"jetpack_featured_media_url":"https:\/\/www.xn--kprmedya-n4a6d.com\/wp-content\/uploads\/2026\/03\/IMG_3607.jpeg","jetpack_likes_enabled":true,"jetpack_sharing_enabled":true,"jetpack_shortlink":"https:\/\/wp.me\/pgAB3S-25D","_links":{"self":[{"href":"https:\/\/www.xn--kprmedya-n4a6d.com\/index.php\/wp-json\/wp\/v2\/posts\/8037","targetHints":{"allow":["GET"]}}],"collection":[{"href":"https:\/\/www.xn--kprmedya-n4a6d.com\/index.php\/wp-json\/wp\/v2\/posts"}],"about":[{"href":"https:\/\/www.xn--kprmedya-n4a6d.com\/index.php\/wp-json\/wp\/v2\/types\/post"}],"author":[{"embeddable":true,"href":"https:\/\/www.xn--kprmedya-n4a6d.com\/index.php\/wp-json\/wp\/v2\/users\/1"}],"replies":[{"embeddable":true,"href":"https:\/\/www.xn--kprmedya-n4a6d.com\/index.php\/wp-json\/wp\/v2\/comments?post=8037"}],"version-history":[{"count":1,"href":"https:\/\/www.xn--kprmedya-n4a6d.com\/index.php\/wp-json\/wp\/v2\/posts\/8037\/revisions"}],"predecessor-version":[{"id":8042,"href":"https:\/\/www.xn--kprmedya-n4a6d.com\/index.php\/wp-json\/wp\/v2\/posts\/8037\/revisions\/8042"}],"wp:featuredmedia":[{"embeddable":true,"href":"https:\/\/www.xn--kprmedya-n4a6d.com\/index.php\/wp-json\/wp\/v2\/media\/8041"}],"wp:attachment":[{"href":"https:\/\/www.xn--kprmedya-n4a6d.com\/index.php\/wp-json\/wp\/v2\/media?parent=8037"}],"wp:term":[{"taxonomy":"category","embeddable":true,"href":"https:\/\/www.xn--kprmedya-n4a6d.com\/index.php\/wp-json\/wp\/v2\/categories?post=8037"},{"taxonomy":"post_tag","embeddable":true,"href":"https:\/\/www.xn--kprmedya-n4a6d.com\/index.php\/wp-json\/wp\/v2\/tags?post=8037"}],"curies":[{"name":"wp","href":"https:\/\/api.w.org\/{rel}","templated":true}]}}