{"id":8043,"date":"2026-03-31T17:59:28","date_gmt":"2026-03-31T17:59:28","guid":{"rendered":"https:\/\/www.xn--kprmedya-n4a6d.com\/?p=8043"},"modified":"2026-03-31T18:00:08","modified_gmt":"2026-03-31T18:00:08","slug":"bursa-caddesinde-ustyapi-hamlesi-basladi-engelli-dostu-adimlar-dikkat-cekiyor","status":"publish","type":"post","link":"https:\/\/www.xn--kprmedya-n4a6d.com\/index.php\/2026\/03\/31\/bursa-caddesinde-ustyapi-hamlesi-basladi-engelli-dostu-adimlar-dikkat-cekiyor\/","title":{"rendered":"BURSA CADDES\u0130\u2019NDE \u00dcSTYAPI HAMLES\u0130 BA\u015eLADI: ENGELL\u0130 DOSTU ADIMLAR D\u0130KKAT \u00c7EK\u0130YOR"},"content":{"rendered":"\n<figure class=\"wp-block-image size-large\"><img loading=\"lazy\" decoding=\"async\" width=\"1024\" height=\"237\" src=\"https:\/\/www.xn--kprmedya-n4a6d.com\/wp-content\/uploads\/2026\/03\/IMG_5300-75-1024x237.jpeg\" alt=\"\" class=\"wp-image-8051\" srcset=\"https:\/\/www.xn--kprmedya-n4a6d.com\/wp-content\/uploads\/2026\/03\/IMG_5300-75-1024x237.jpeg 1024w, https:\/\/www.xn--kprmedya-n4a6d.com\/wp-content\/uploads\/2026\/03\/IMG_5300-75-300x70.jpeg 300w, https:\/\/www.xn--kprmedya-n4a6d.com\/wp-content\/uploads\/2026\/03\/IMG_5300-75-768x178.jpeg 768w, https:\/\/www.xn--kprmedya-n4a6d.com\/wp-content\/uploads\/2026\/03\/IMG_5300-75.jpeg 1200w\" sizes=\"auto, (max-width: 1024px) 100vw, 1024px\" \/><\/figure>\n\n\n\n<p>Mustafakemalpa\u015fa Belediyesi taraf\u0131ndan Bursa Caddesi\u2019nde y\u00fcr\u00fct\u00fclen altyap\u0131 \u00e7al\u0131\u015fmalar\u0131n\u0131n tamamlanmas\u0131n\u0131n ard\u0131ndan \u00fcstyap\u0131 d\u00fczenlemeleri h\u0131z kazan\u0131rken, engelli bireylerin eri\u015fimini kolayla\u015ft\u0131rmaya y\u00f6nelik \u00e7al\u0131\u015fmalar da proje kapsam\u0131nda titizlikle planlan\u0131yor. Kamuoyunda g\u00fcndeme gelen \u201cengelli rampas\u0131 ve hissedilebilir y\u00fczey olacak m\u0131?\u201d sorular\u0131na ili\u015fkin yap\u0131lan de\u011ferlendirmelerde, d\u00fczenlemelerin&nbsp;<strong>standartlara uygun ve ihtiya\u00e7 odakl\u0131 \u015fekilde hayata ge\u00e7irilece\u011fi<\/strong>&nbsp;ifade edildi.<\/p>\n\n\n\n<figure class=\"wp-block-image size-large\"><img loading=\"lazy\" decoding=\"async\" width=\"1024\" height=\"576\" src=\"https:\/\/www.xn--kprmedya-n4a6d.com\/wp-content\/uploads\/2026\/03\/IMG_3642-1024x576.jpeg\" alt=\"\" class=\"wp-image-8048\" srcset=\"https:\/\/www.xn--kprmedya-n4a6d.com\/wp-content\/uploads\/2026\/03\/IMG_3642-1024x576.jpeg 1024w, https:\/\/www.xn--kprmedya-n4a6d.com\/wp-content\/uploads\/2026\/03\/IMG_3642-300x169.jpeg 300w, https:\/\/www.xn--kprmedya-n4a6d.com\/wp-content\/uploads\/2026\/03\/IMG_3642-768x432.jpeg 768w, https:\/\/www.xn--kprmedya-n4a6d.com\/wp-content\/uploads\/2026\/03\/IMG_3642.jpeg 1440w\" sizes=\"auto, (max-width: 1024px) 100vw, 1024px\" \/><\/figure>\n\n\n\n<p>Uzun s\u00fcredir devam eden \u00e7al\u0131\u015fmalar kapsam\u0131nda cadde boyunca i\u00e7me suyu, ya\u011fmur suyu ve kanalizasyon hatlar\u0131 tamamen yenilenerek modern bir altyap\u0131 olu\u015fturuldu. Altyap\u0131n\u0131n tamamlanmas\u0131yla birlikte ekipler vakit kaybetmeden \u00fcstyap\u0131 \u00e7al\u0131\u015fmalar\u0131na ba\u015flad\u0131.<\/p>\n\n\n\n<p><strong>KALDIRIMLAR YEN\u0130LEN\u0130YOR, G\u00dcVENL\u0130K ARTIYOR<\/strong><\/p>\n\n\n\n<p>Cadde boyunca ba\u015flat\u0131lan kald\u0131r\u0131m d\u00fczenlemeleriyle birlikte hem estetik hem de dayan\u0131kl\u0131l\u0131k \u00f6n planda tutuluyor. Yeni kald\u0131r\u0131mlar\u0131n daha uzun \u00f6m\u00fcrl\u00fc olmas\u0131 hedeflenirken, \u00e7al\u0131\u015fmalar tamamland\u0131\u011f\u0131nda Bursa Caddesi\u2019nde yaya ve ara\u00e7 trafi\u011finin daha g\u00fcvenli ve konforlu hale gelmesi bekleniyor.<\/p>\n\n\n\n<figure class=\"wp-block-image size-large\"><img loading=\"lazy\" decoding=\"async\" width=\"1024\" height=\"576\" src=\"https:\/\/www.xn--kprmedya-n4a6d.com\/wp-content\/uploads\/2026\/03\/IMG_3635-1024x576.jpeg\" alt=\"\" class=\"wp-image-8045\" srcset=\"https:\/\/www.xn--kprmedya-n4a6d.com\/wp-content\/uploads\/2026\/03\/IMG_3635-1024x576.jpeg 1024w, https:\/\/www.xn--kprmedya-n4a6d.com\/wp-content\/uploads\/2026\/03\/IMG_3635-300x169.jpeg 300w, https:\/\/www.xn--kprmedya-n4a6d.com\/wp-content\/uploads\/2026\/03\/IMG_3635-768x432.jpeg 768w, https:\/\/www.xn--kprmedya-n4a6d.com\/wp-content\/uploads\/2026\/03\/IMG_3635.jpeg 1440w\" sizes=\"auto, (max-width: 1024px) 100vw, 1024px\" \/><\/figure>\n\n\n\n<p><strong>ENGELL\u0130LER \u0130\u00c7\u0130N PLANLI VE STANDARTLARA UYGUN UYGULAMA<\/strong><\/p>\n\n\n\n<p>Yetkililer, eri\u015filebilirlik konusunda hassasiyetle hareket edildi\u011fini vurgulayarak, g\u00f6rme engelli vatanda\u015flar i\u00e7in uyar\u0131c\u0131 y\u00fczeylerin kald\u0131r\u0131m giri\u015f ve \u00e7\u0131k\u0131\u015f noktalar\u0131nda yer alaca\u011f\u0131n\u0131 belirtti. Ayr\u0131ca \u00fcstyap\u0131 \u00e7al\u0131\u015fmalar\u0131n\u0131n ilerleyen a\u015famalar\u0131nda engelli rampalar\u0131n\u0131n da yap\u0131laca\u011f\u0131 ifade edildi.<\/p>\n\n\n\n<p>Hissedilebilir y\u00fczey uygulamalar\u0131n\u0131n zorunlulu\u011funun devam etti\u011fi, ancak bu uygulamalar\u0131n cadde boyunca kesintisiz de\u011fil,&nbsp;<strong>eri\u015fimin kritik oldu\u011fu noktalarda standartlara uygun \u015fekilde uygulanaca\u011f\u0131<\/strong>&nbsp;bildirildi. Bu yakla\u015f\u0131m\u0131n, hem teknik gerekliliklere hem de kullan\u0131c\u0131 ihtiya\u00e7lar\u0131na uygun bir planlama do\u011frultusunda y\u00fcr\u00fct\u00fcld\u00fc\u011f\u00fc kaydedildi.<\/p>\n\n\n\n<figure class=\"wp-block-image size-large\"><img loading=\"lazy\" decoding=\"async\" width=\"1024\" height=\"576\" src=\"https:\/\/www.xn--kprmedya-n4a6d.com\/wp-content\/uploads\/2026\/03\/IMG_3637-1-1024x576.jpeg\" alt=\"\" class=\"wp-image-8046\" srcset=\"https:\/\/www.xn--kprmedya-n4a6d.com\/wp-content\/uploads\/2026\/03\/IMG_3637-1-1024x576.jpeg 1024w, https:\/\/www.xn--kprmedya-n4a6d.com\/wp-content\/uploads\/2026\/03\/IMG_3637-1-300x169.jpeg 300w, https:\/\/www.xn--kprmedya-n4a6d.com\/wp-content\/uploads\/2026\/03\/IMG_3637-1-768x432.jpeg 768w, https:\/\/www.xn--kprmedya-n4a6d.com\/wp-content\/uploads\/2026\/03\/IMG_3637-1.jpeg 1440w\" sizes=\"auto, (max-width: 1024px) 100vw, 1024px\" \/><\/figure>\n\n\n\n<p><strong>ESNAF VE VATANDA\u015e MEMNUN<\/strong><\/p>\n\n\n\n<p>Cadde esnaf\u0131 ve vatanda\u015flar ise yap\u0131lan \u00e7al\u0131\u015fmalardan duyduklar\u0131 memnuniyeti dile getirerek, d\u00fczenlemelerin b\u00f6lgeye de\u011fer katt\u0131\u011f\u0131n\u0131 belirtti. \u00d6zellikle kald\u0131r\u0131mlar\u0131n geni\u015fletilmesi ve daha d\u00fczenli hale getirilmesiyle birlikte yaya hareketlili\u011finin rahatlayaca\u011f\u0131 ifade ediliyor.<\/p>\n\n\n\n<figure class=\"wp-block-image size-large\"><img loading=\"lazy\" decoding=\"async\" width=\"1024\" height=\"576\" src=\"https:\/\/www.xn--kprmedya-n4a6d.com\/wp-content\/uploads\/2026\/03\/IMG_3634-1024x576.jpeg\" alt=\"\" class=\"wp-image-8047\" srcset=\"https:\/\/www.xn--kprmedya-n4a6d.com\/wp-content\/uploads\/2026\/03\/IMG_3634-1024x576.jpeg 1024w, https:\/\/www.xn--kprmedya-n4a6d.com\/wp-content\/uploads\/2026\/03\/IMG_3634-300x169.jpeg 300w, https:\/\/www.xn--kprmedya-n4a6d.com\/wp-content\/uploads\/2026\/03\/IMG_3634-768x432.jpeg 768w, https:\/\/www.xn--kprmedya-n4a6d.com\/wp-content\/uploads\/2026\/03\/IMG_3634.jpeg 1440w\" sizes=\"auto, (max-width: 1024px) 100vw, 1024px\" \/><\/figure>\n\n\n\n<p><strong>ORTAK \u00c7ALI\u015eMA, ORTAK HEDEF<\/strong><\/p>\n\n\n\n<p>Mustafakemalpa\u015fa Belediye Ba\u015fkan\u0131 \u015e\u00fckr\u00fc Erdem \u00f6nc\u00fcl\u00fc\u011f\u00fcnde, Bursa B\u00fcy\u00fck\u015fehir Belediyesi ve y\u00fcklenici firman\u0131n koordinasyonuyla s\u00fcrd\u00fcr\u00fclen \u00e7al\u0131\u015fmalar\u0131n planlanan takvim do\u011frultusunda k\u0131sa s\u00fcrede tamamlanmas\u0131 hedefleniyor.<\/p>\n\n\n\n<p>Bursa Caddesi\u2019nde ba\u015flat\u0131lan \u00fcstyap\u0131 hamlesiyle birlikte, il\u00e7e merkezi daha modern, g\u00fcvenli ve&nbsp;<strong>herkes i\u00e7in eri\u015filebilir bir ya\u015fam alan\u0131<\/strong>&nbsp;haline getiriliyor.<\/p>\n\n\n\n<figure class=\"wp-block-image size-large\"><img loading=\"lazy\" decoding=\"async\" width=\"819\" height=\"1024\" src=\"https:\/\/www.xn--kprmedya-n4a6d.com\/wp-content\/uploads\/2026\/03\/5e3be17b-4698-472c-a08e-abe71bfd6169-2-819x1024.jpeg\" alt=\"\" class=\"wp-image-8038\" srcset=\"https:\/\/www.xn--kprmedya-n4a6d.com\/wp-content\/uploads\/2026\/03\/5e3be17b-4698-472c-a08e-abe71bfd6169-2-819x1024.jpeg 819w, https:\/\/www.xn--kprmedya-n4a6d.com\/wp-content\/uploads\/2026\/03\/5e3be17b-4698-472c-a08e-abe71bfd6169-2-240x300.jpeg 240w, https:\/\/www.xn--kprmedya-n4a6d.com\/wp-content\/uploads\/2026\/03\/5e3be17b-4698-472c-a08e-abe71bfd6169-2-768x960.jpeg 768w, https:\/\/www.xn--kprmedya-n4a6d.com\/wp-content\/uploads\/2026\/03\/5e3be17b-4698-472c-a08e-abe71bfd6169-2.jpeg 1080w\" sizes=\"auto, (max-width: 819px) 100vw, 819px\" \/><\/figure>\n\n\n\n<figure class=\"wp-block-image size-full\"><img loading=\"lazy\" decoding=\"async\" width=\"825\" height=\"500\" src=\"https:\/\/www.xn--kprmedya-n4a6d.com\/wp-content\/uploads\/2026\/03\/IMG_2848-36.jpeg\" alt=\"\" class=\"wp-image-8050\" srcset=\"https:\/\/www.xn--kprmedya-n4a6d.com\/wp-content\/uploads\/2026\/03\/IMG_2848-36.jpeg 825w, https:\/\/www.xn--kprmedya-n4a6d.com\/wp-content\/uploads\/2026\/03\/IMG_2848-36-300x182.jpeg 300w, https:\/\/www.xn--kprmedya-n4a6d.com\/wp-content\/uploads\/2026\/03\/IMG_2848-36-768x465.jpeg 768w\" sizes=\"auto, (max-width: 825px) 100vw, 825px\" \/><\/figure>\n","protected":false},"excerpt":{"rendered":"<p>Mustafakemalpa\u015fa Belediyesi taraf\u0131ndan Bursa Caddesi\u2019nde y\u00fcr\u00fct\u00fclen altyap\u0131 \u00e7al\u0131\u015fmalar\u0131n\u0131n tamamlanmas\u0131n\u0131n ard\u0131ndan \u00fcstyap\u0131 d\u00fczenlemeleri h\u0131z kazan\u0131rken, engelli bireylerin eri\u015fimini kolayla\u015ft\u0131rmaya y\u00f6nelik \u00e7al\u0131\u015fmalar da proje kapsam\u0131nda titizlikle planlan\u0131yor.&hellip;<\/p>\n","protected":false},"author":1,"featured_media":8054,"comment_status":"open","ping_status":"open","sticky":false,"template":"","format":"standard","meta":{"advanced_seo_description":"","jetpack_seo_html_title":"","jetpack_seo_noindex":false,"_jetpack_memberships_contains_paid_content":false,"footnotes":"","jetpack_publicize_message":"","jetpack_publicize_feature_enabled":true,"jetpack_social_post_already_shared":true,"jetpack_social_options":{"image_generator_settings":{"template":"highway","default_image_id":0,"font":"","enabled":false},"version":2}},"categories":[8],"tags":[],"class_list":["post-8043","post","type-post","status-publish","format-standard","has-post-thumbnail","hentry","category-foto-galeri"],"jetpack_publicize_connections":[],"jetpack_featured_media_url":"https:\/\/www.xn--kprmedya-n4a6d.com\/wp-content\/uploads\/2026\/03\/IMG_3636-1.jpeg","jetpack_likes_enabled":true,"jetpack_sharing_enabled":true,"jetpack_shortlink":"https:\/\/wp.me\/pgAB3S-25J","_links":{"self":[{"href":"https:\/\/www.xn--kprmedya-n4a6d.com\/index.php\/wp-json\/wp\/v2\/posts\/8043","targetHints":{"allow":["GET"]}}],"collection":[{"href":"https:\/\/www.xn--kprmedya-n4a6d.com\/index.php\/wp-json\/wp\/v2\/posts"}],"about":[{"href":"https:\/\/www.xn--kprmedya-n4a6d.com\/index.php\/wp-json\/wp\/v2\/types\/post"}],"author":[{"embeddable":true,"href":"https:\/\/www.xn--kprmedya-n4a6d.com\/index.php\/wp-json\/wp\/v2\/users\/1"}],"replies":[{"embeddable":true,"href":"https:\/\/www.xn--kprmedya-n4a6d.com\/index.php\/wp-json\/wp\/v2\/comments?post=8043"}],"version-history":[{"count":1,"href":"https:\/\/www.xn--kprmedya-n4a6d.com\/index.php\/wp-json\/wp\/v2\/posts\/8043\/revisions"}],"predecessor-version":[{"id":8052,"href":"https:\/\/www.xn--kprmedya-n4a6d.com\/index.php\/wp-json\/wp\/v2\/posts\/8043\/revisions\/8052"}],"wp:featuredmedia":[{"embeddable":true,"href":"https:\/\/www.xn--kprmedya-n4a6d.com\/index.php\/wp-json\/wp\/v2\/media\/8054"}],"wp:attachment":[{"href":"https:\/\/www.xn--kprmedya-n4a6d.com\/index.php\/wp-json\/wp\/v2\/media?parent=8043"}],"wp:term":[{"taxonomy":"category","embeddable":true,"href":"https:\/\/www.xn--kprmedya-n4a6d.com\/index.php\/wp-json\/wp\/v2\/categories?post=8043"},{"taxonomy":"post_tag","embeddable":true,"href":"https:\/\/www.xn--kprmedya-n4a6d.com\/index.php\/wp-json\/wp\/v2\/tags?post=8043"}],"curies":[{"name":"wp","href":"https:\/\/api.w.org\/{rel}","templated":true}]}}