{"id":8055,"date":"2026-04-01T08:13:14","date_gmt":"2026-04-01T08:13:14","guid":{"rendered":"https:\/\/www.xn--kprmedya-n4a6d.com\/?p=8055"},"modified":"2026-04-01T08:13:15","modified_gmt":"2026-04-01T08:13:15","slug":"bursa-tek-yurek-bozbeye-destek","status":"publish","type":"post","link":"https:\/\/www.xn--kprmedya-n4a6d.com\/index.php\/2026\/04\/01\/bursa-tek-yurek-bozbeye-destek\/","title":{"rendered":"BURSA TEK Y\u00dcREK: BOZBEY\u2019E DESTEK"},"content":{"rendered":"\n<figure class=\"wp-block-image size-large\"><img loading=\"lazy\" decoding=\"async\" width=\"1024\" height=\"237\" src=\"https:\/\/www.xn--kprmedya-n4a6d.com\/wp-content\/uploads\/2026\/04\/IMG_5300-1024x237.jpeg\" alt=\"\" class=\"wp-image-8062\" srcset=\"https:\/\/www.xn--kprmedya-n4a6d.com\/wp-content\/uploads\/2026\/04\/IMG_5300-1024x237.jpeg 1024w, https:\/\/www.xn--kprmedya-n4a6d.com\/wp-content\/uploads\/2026\/04\/IMG_5300-300x70.jpeg 300w, https:\/\/www.xn--kprmedya-n4a6d.com\/wp-content\/uploads\/2026\/04\/IMG_5300-768x178.jpeg 768w, https:\/\/www.xn--kprmedya-n4a6d.com\/wp-content\/uploads\/2026\/04\/IMG_5300.jpeg 1200w\" sizes=\"auto, (max-width: 1024px) 100vw, 1024px\" \/><\/figure>\n\n\n\n<p>Mustafakemalpa\u015fa Belediye Ba\u015fkan\u0131 \u015e\u00fckr\u00fc Erdem, hakk\u0131nda y\u00fcr\u00fct\u00fclen soru\u015fturma kapsam\u0131nda d\u00fcn g\u00f6zalt\u0131na al\u0131nan Bursa B\u00fcy\u00fck\u015fehir Belediye Ba\u015fkan\u0131 Mustafa Bozbey\u2019e destek mitingine kat\u0131ld\u0131.<\/p>\n\n\n\n<figure class=\"wp-block-image size-large\"><img loading=\"lazy\" decoding=\"async\" width=\"1024\" height=\"683\" src=\"https:\/\/www.xn--kprmedya-n4a6d.com\/wp-content\/uploads\/2026\/04\/IMG_3659-1024x683.jpeg\" alt=\"\" class=\"wp-image-8056\" srcset=\"https:\/\/www.xn--kprmedya-n4a6d.com\/wp-content\/uploads\/2026\/04\/IMG_3659-1024x683.jpeg 1024w, https:\/\/www.xn--kprmedya-n4a6d.com\/wp-content\/uploads\/2026\/04\/IMG_3659-300x200.jpeg 300w, https:\/\/www.xn--kprmedya-n4a6d.com\/wp-content\/uploads\/2026\/04\/IMG_3659-768x512.jpeg 768w, https:\/\/www.xn--kprmedya-n4a6d.com\/wp-content\/uploads\/2026\/04\/IMG_3659.jpeg 1440w\" sizes=\"auto, (max-width: 1024px) 100vw, 1024px\" \/><\/figure>\n\n\n\n<p>Erdem ve CHP Mustafakemalpa\u015fa \u0130l\u00e7e Ba\u015fkan\u0131 G\u00f6khan Demir, g\u00f6zalt\u0131 karar\u0131 sonras\u0131 Bursa B\u00fcy\u00fck\u015fehir Belediyesi \u00f6n\u00fcnde toplanan vatanda\u015flar, CHP\u2019li y\u00f6neticiler ve belediye ba\u015fkanlar\u0131yla birlikte Bozbey i\u00e7in dayan\u0131\u015fma \u00e7a\u011fr\u0131s\u0131 yapt\u0131. Vatanda\u015flar, \u201c\u0130radeye sahip \u00e7\u0131k\u201d ve \u201cBozbey yaln\u0131z de\u011fildir\u201d sloganlar\u0131yla destek mesajlar\u0131n\u0131 dile getirdi.<\/p>\n\n\n\n<figure class=\"wp-block-image size-large\"><img loading=\"lazy\" decoding=\"async\" width=\"1024\" height=\"683\" src=\"https:\/\/www.xn--kprmedya-n4a6d.com\/wp-content\/uploads\/2026\/04\/IMG_3661-1024x683.jpeg\" alt=\"\" class=\"wp-image-8057\" srcset=\"https:\/\/www.xn--kprmedya-n4a6d.com\/wp-content\/uploads\/2026\/04\/IMG_3661-1024x683.jpeg 1024w, https:\/\/www.xn--kprmedya-n4a6d.com\/wp-content\/uploads\/2026\/04\/IMG_3661-300x200.jpeg 300w, https:\/\/www.xn--kprmedya-n4a6d.com\/wp-content\/uploads\/2026\/04\/IMG_3661-768x512.jpeg 768w, https:\/\/www.xn--kprmedya-n4a6d.com\/wp-content\/uploads\/2026\/04\/IMG_3661.jpeg 1440w\" sizes=\"auto, (max-width: 1024px) 100vw, 1024px\" \/><\/figure>\n\n\n\n<p><strong>BOZBEY\u2019DEN 3 MEKTUP<\/strong><\/p>\n\n\n\n<p>Mitingde konu\u015fan CHP Bursa \u0130l Ba\u015fkan\u0131 Nihat Ye\u015filta\u015f, Bursa B\u00fcy\u00fck\u015fehir Belediye Ba\u015fkan\u0131 Mustafa Bozbey\u2019e y\u00f6nelik s\u00fcrecin \u201csiyasi operasyon\u201d oldu\u011funu savunarak iktidar\u0131 ele\u015ftirdi ve \u201chukukun ara\u00e7 haline getirildi\u011fini\u201d s\u00f6yledi.<\/p>\n\n\n\n<figure class=\"wp-block-image size-large\"><img loading=\"lazy\" decoding=\"async\" width=\"1024\" height=\"683\" src=\"https:\/\/www.xn--kprmedya-n4a6d.com\/wp-content\/uploads\/2026\/04\/IMG_3656-1024x683.jpeg\" alt=\"\" class=\"wp-image-8058\" srcset=\"https:\/\/www.xn--kprmedya-n4a6d.com\/wp-content\/uploads\/2026\/04\/IMG_3656-1024x683.jpeg 1024w, https:\/\/www.xn--kprmedya-n4a6d.com\/wp-content\/uploads\/2026\/04\/IMG_3656-300x200.jpeg 300w, https:\/\/www.xn--kprmedya-n4a6d.com\/wp-content\/uploads\/2026\/04\/IMG_3656-768x512.jpeg 768w, https:\/\/www.xn--kprmedya-n4a6d.com\/wp-content\/uploads\/2026\/04\/IMG_3656.jpeg 1440w\" sizes=\"auto, (max-width: 1024px) 100vw, 1024px\" \/><\/figure>\n\n\n\n<p>B\u00fcy\u00fck\u015fehir Belediyesi Ba\u015fkan Vekili Mehmet Ayd\u0131n Sald\u0131z ise g\u00f6zalt\u0131n\u0131n halk iradesine m\u00fcdahale oldu\u011funu belirtirken, CHP Yerel Y\u00f6netimlerden Sorumlu Genel Ba\u015fkan Yard\u0131mc\u0131s\u0131 G\u00f6kan Zeybek de Bozbey\u2019in g\u00fc\u00e7l\u00fc halk deste\u011fine sahip oldu\u011funu ifade etti.<\/p>\n\n\n\n<p>Mitingde ayr\u0131ca Bozbey\u2019in Bursaspor taraftar\u0131na, CHP \u00f6rg\u00fct\u00fcne ve Bursal\u0131lara hitaben yazd\u0131\u011f\u0131 mektuplar okunarak birlik, dayan\u0131\u015fma ve hizmet vurgusu yap\u0131ld\u0131.<\/p>\n\n\n\n<figure class=\"wp-block-image size-large\"><img loading=\"lazy\" decoding=\"async\" width=\"1024\" height=\"992\" src=\"https:\/\/www.xn--kprmedya-n4a6d.com\/wp-content\/uploads\/2026\/04\/IMG_3654-1024x992.jpeg\" alt=\"\" class=\"wp-image-8059\" srcset=\"https:\/\/www.xn--kprmedya-n4a6d.com\/wp-content\/uploads\/2026\/04\/IMG_3654-1024x992.jpeg 1024w, https:\/\/www.xn--kprmedya-n4a6d.com\/wp-content\/uploads\/2026\/04\/IMG_3654-300x291.jpeg 300w, https:\/\/www.xn--kprmedya-n4a6d.com\/wp-content\/uploads\/2026\/04\/IMG_3654-768x744.jpeg 768w, https:\/\/www.xn--kprmedya-n4a6d.com\/wp-content\/uploads\/2026\/04\/IMG_3654.jpeg 1125w\" sizes=\"auto, (max-width: 1024px) 100vw, 1024px\" \/><\/figure>\n\n\n\n<p><strong>BUG\u00dcN \u0130\u00c7\u0130N YEN\u0130 BULU\u015eMA \u00c7A\u011eRISI&nbsp;<\/strong><\/p>\n\n\n\n<p>D\u00fcn Bozbey i\u00e7in meydanda bulunan CHP Mustafakemalpa\u015fa \u0130l\u00e7e Ba\u015fkan\u0131 G\u00f6khan Demir ve Mustafakemalpa\u015fa Belediye Ba\u015fkan\u0131 \u015e\u00fckr\u00fc Erdem\u2019in ard\u0131ndan, bug\u00fcn i\u00e7in de yeni bir \u00e7a\u011fr\u0131 yap\u0131ld\u0131.<\/p>\n\n\n\n<p>CHP Mustafakemalpa\u015fa \u0130l\u00e7e Ba\u015fkan\u0131 G\u00f6khan Demir\u2019in sosyal medya \u00fczerinden yapt\u0131\u011f\u0131 payla\u015f\u0131mda, 1 Nisan saat 17.00\u2019de Adnan Menderes Meydan\u0131\u2019ndan otob\u00fcslerin kald\u0131r\u0131laca\u011f\u0131 ve Bursa B\u00fcy\u00fck\u015fehir Belediyesi \u00f6n\u00fcnde Ba\u015fkan Bozbey\u2019e destek i\u00e7in toplan\u0131laca\u011f\u0131 bildirildi.<\/p>\n\n\n\n<p>Demir, payla\u015f\u0131m\u0131nda \u201cDemokrasiye inanc\u0131m\u0131z tam. T\u00fcm hem\u015ferilerimizi dayan\u0131\u015fmay\u0131 b\u00fcy\u00fctmeye davet ediyoruz\u201d ifadelerine yer verdi.<\/p>\n\n\n\n<figure class=\"wp-block-image size-large\"><img loading=\"lazy\" decoding=\"async\" width=\"819\" height=\"1024\" src=\"https:\/\/www.xn--kprmedya-n4a6d.com\/wp-content\/uploads\/2026\/04\/5e3be17b-4698-472c-a08e-abe71bfd6169-819x1024.jpeg\" alt=\"\" class=\"wp-image-8060\" srcset=\"https:\/\/www.xn--kprmedya-n4a6d.com\/wp-content\/uploads\/2026\/04\/5e3be17b-4698-472c-a08e-abe71bfd6169-819x1024.jpeg 819w, https:\/\/www.xn--kprmedya-n4a6d.com\/wp-content\/uploads\/2026\/04\/5e3be17b-4698-472c-a08e-abe71bfd6169-240x300.jpeg 240w, https:\/\/www.xn--kprmedya-n4a6d.com\/wp-content\/uploads\/2026\/04\/5e3be17b-4698-472c-a08e-abe71bfd6169-768x960.jpeg 768w, https:\/\/www.xn--kprmedya-n4a6d.com\/wp-content\/uploads\/2026\/04\/5e3be17b-4698-472c-a08e-abe71bfd6169.jpeg 1080w\" sizes=\"auto, (max-width: 819px) 100vw, 819px\" \/><\/figure>\n\n\n\n<figure class=\"wp-block-image size-full\"><img loading=\"lazy\" decoding=\"async\" width=\"825\" height=\"500\" src=\"https:\/\/www.xn--kprmedya-n4a6d.com\/wp-content\/uploads\/2026\/04\/IMG_2848.jpeg\" alt=\"\" class=\"wp-image-8061\" srcset=\"https:\/\/www.xn--kprmedya-n4a6d.com\/wp-content\/uploads\/2026\/04\/IMG_2848.jpeg 825w, https:\/\/www.xn--kprmedya-n4a6d.com\/wp-content\/uploads\/2026\/04\/IMG_2848-300x182.jpeg 300w, https:\/\/www.xn--kprmedya-n4a6d.com\/wp-content\/uploads\/2026\/04\/IMG_2848-768x465.jpeg 768w\" sizes=\"auto, (max-width: 825px) 100vw, 825px\" \/><\/figure>\n","protected":false},"excerpt":{"rendered":"<p>Mustafakemalpa\u015fa Belediye Ba\u015fkan\u0131 \u015e\u00fckr\u00fc Erdem, hakk\u0131nda y\u00fcr\u00fct\u00fclen soru\u015fturma kapsam\u0131nda d\u00fcn g\u00f6zalt\u0131na al\u0131nan Bursa B\u00fcy\u00fck\u015fehir Belediye Ba\u015fkan\u0131 Mustafa Bozbey\u2019e destek mitingine kat\u0131ld\u0131. Erdem ve CHP Mustafakemalpa\u015fa&hellip;<\/p>\n","protected":false},"author":1,"featured_media":8063,"comment_status":"open","ping_status":"open","sticky":false,"template":"","format":"standard","meta":{"advanced_seo_description":"","jetpack_seo_html_title":"","jetpack_seo_noindex":false,"_jetpack_memberships_contains_paid_content":false,"footnotes":"","jetpack_publicize_message":"","jetpack_publicize_feature_enabled":true,"jetpack_social_post_already_shared":true,"jetpack_social_options":{"image_generator_settings":{"template":"highway","default_image_id":0,"font":"","enabled":false},"version":2}},"categories":[8],"tags":[],"class_list":["post-8055","post","type-post","status-publish","format-standard","has-post-thumbnail","hentry","category-foto-galeri"],"jetpack_publicize_connections":[],"jetpack_featured_media_url":"https:\/\/www.xn--kprmedya-n4a6d.com\/wp-content\/uploads\/2026\/04\/IMG_3657.jpeg","jetpack_likes_enabled":true,"jetpack_sharing_enabled":true,"jetpack_shortlink":"https:\/\/wp.me\/pgAB3S-25V","_links":{"self":[{"href":"https:\/\/www.xn--kprmedya-n4a6d.com\/index.php\/wp-json\/wp\/v2\/posts\/8055","targetHints":{"allow":["GET"]}}],"collection":[{"href":"https:\/\/www.xn--kprmedya-n4a6d.com\/index.php\/wp-json\/wp\/v2\/posts"}],"about":[{"href":"https:\/\/www.xn--kprmedya-n4a6d.com\/index.php\/wp-json\/wp\/v2\/types\/post"}],"author":[{"embeddable":true,"href":"https:\/\/www.xn--kprmedya-n4a6d.com\/index.php\/wp-json\/wp\/v2\/users\/1"}],"replies":[{"embeddable":true,"href":"https:\/\/www.xn--kprmedya-n4a6d.com\/index.php\/wp-json\/wp\/v2\/comments?post=8055"}],"version-history":[{"count":1,"href":"https:\/\/www.xn--kprmedya-n4a6d.com\/index.php\/wp-json\/wp\/v2\/posts\/8055\/revisions"}],"predecessor-version":[{"id":8064,"href":"https:\/\/www.xn--kprmedya-n4a6d.com\/index.php\/wp-json\/wp\/v2\/posts\/8055\/revisions\/8064"}],"wp:featuredmedia":[{"embeddable":true,"href":"https:\/\/www.xn--kprmedya-n4a6d.com\/index.php\/wp-json\/wp\/v2\/media\/8063"}],"wp:attachment":[{"href":"https:\/\/www.xn--kprmedya-n4a6d.com\/index.php\/wp-json\/wp\/v2\/media?parent=8055"}],"wp:term":[{"taxonomy":"category","embeddable":true,"href":"https:\/\/www.xn--kprmedya-n4a6d.com\/index.php\/wp-json\/wp\/v2\/categories?post=8055"},{"taxonomy":"post_tag","embeddable":true,"href":"https:\/\/www.xn--kprmedya-n4a6d.com\/index.php\/wp-json\/wp\/v2\/tags?post=8055"}],"curies":[{"name":"wp","href":"https:\/\/api.w.org\/{rel}","templated":true}]}}