{"id":8371,"date":"2026-04-26T16:03:24","date_gmt":"2026-04-26T16:03:24","guid":{"rendered":"https:\/\/www.xn--kprmedya-n4a6d.com\/?p=8371"},"modified":"2026-04-26T16:03:26","modified_gmt":"2026-04-26T16:03:26","slug":"baskan-demirden-kamuoyuna-davet-saglik-ocagina-dokunmayin","status":"publish","type":"post","link":"https:\/\/www.xn--kprmedya-n4a6d.com\/index.php\/2026\/04\/26\/baskan-demirden-kamuoyuna-davet-saglik-ocagina-dokunmayin\/","title":{"rendered":"BA\u015eKAN DEM\u0130R\u2019DEN KAMUOYUNA DAVET: \u201cSA\u011eLIK OCA\u011eINA DOKUNMAYIN!\u201d"},"content":{"rendered":"\n<figure class=\"wp-block-image size-large\"><img loading=\"lazy\" decoding=\"async\" width=\"1024\" height=\"237\" src=\"https:\/\/www.xn--kprmedya-n4a6d.com\/wp-content\/uploads\/2026\/04\/IMG_5300-44-1024x237.jpeg\" alt=\"\" class=\"wp-image-8372\" srcset=\"https:\/\/www.xn--kprmedya-n4a6d.com\/wp-content\/uploads\/2026\/04\/IMG_5300-44-1024x237.jpeg 1024w, https:\/\/www.xn--kprmedya-n4a6d.com\/wp-content\/uploads\/2026\/04\/IMG_5300-44-300x70.jpeg 300w, https:\/\/www.xn--kprmedya-n4a6d.com\/wp-content\/uploads\/2026\/04\/IMG_5300-44-768x178.jpeg 768w, https:\/\/www.xn--kprmedya-n4a6d.com\/wp-content\/uploads\/2026\/04\/IMG_5300-44.jpeg 1200w\" sizes=\"auto, (max-width: 1024px) 100vw, 1024px\" \/><\/figure>\n\n\n\n<p>Cumhuriyet Halk Partisi Mustafakemalpa\u015fa \u0130l\u00e7e Ba\u015fkan\u0131 G\u00f6khan Demir, Tepecik Sa\u011fl\u0131k Oca\u011f\u0131\u2019n\u0131n \u00f6zelle\u015ftirme ad\u0131 alt\u0131nda sat\u0131\u015fa \u00e7\u0131kar\u0131lmas\u0131na tepki g\u00f6stererek vatanda\u015flar\u0131 yap\u0131lacak bas\u0131n a\u00e7\u0131klamas\u0131na davet etti.<\/p>\n\n\n\n<p>Demir, yar\u0131n (Pazartesi) saat 10.00\u2019da Tepecik Sa\u011fl\u0131k Oca\u011f\u0131 \u00f6n\u00fcnde d\u00fczenlenecek bas\u0131n a\u00e7\u0131klamas\u0131na, Kay\u0131han Pala ile \u015e\u00fckr\u00fc Erdem\u2019in de kat\u0131laca\u011f\u0131n\u0131 duyurdu.<\/p>\n\n\n\n<p>\u0130l\u00e7e Ba\u015fkan\u0131 Demir yapt\u0131\u011f\u0131 a\u00e7\u0131klamada, yakla\u015f\u0131k 1600 kay\u0131tl\u0131 hastaya hizmet veren sa\u011fl\u0131k merkezinin b\u00f6lge halk\u0131 a\u00e7\u0131s\u0131ndan b\u00fcy\u00fck \u00f6nem ta\u015f\u0131d\u0131\u011f\u0131n\u0131 belirterek, aile hekimi, hem\u015fire, yard\u0131mc\u0131 sa\u011fl\u0131k personeli ve temizlik g\u00f6revlileriyle temel sa\u011fl\u0131k hizmetlerinin s\u00fcrd\u00fcr\u00fcld\u00fc\u011f\u00fcn\u00fc ifade etti.<\/p>\n\n\n\n<p>Sa\u011fl\u0131k oca\u011f\u0131n\u0131n sat\u0131\u015fa \u00e7\u0131kar\u0131lmas\u0131n\u0131n \u00f6zellikle ya\u015fl\u0131lar, \u00e7ocuklar ve dar gelirli vatanda\u015flar a\u00e7\u0131s\u0131ndan ma\u011fduriyet olu\u015fturaca\u011f\u0131n\u0131 vurgulayan Demir, kamu sa\u011fl\u0131k hizmetlerinin ticari anlay\u0131\u015fa teslim edilmesine kar\u015f\u0131 olduklar\u0131n\u0131 s\u00f6yledi.<\/p>\n\n\n\n<p>Demir a\u00e7\u0131klamas\u0131nda ayr\u0131ca, s\u00f6z konusu sa\u011fl\u0131k oca\u011f\u0131n\u0131n temellerinin Belediye Ba\u015fkan\u0131 \u015e\u00fckr\u00fc Erdem\u2019in Bakanl\u0131k d\u00f6neminde halk\u0131n hizmetine sunulmak amac\u0131yla at\u0131ld\u0131\u011f\u0131n\u0131 hat\u0131rlatarak, \u201cD\u00fcn kamu yarar\u0131 i\u00e7in yap\u0131lan yat\u0131r\u0131m\u0131n bug\u00fcn sat\u0131\u015f konusu yap\u0131lmas\u0131 vicdanlara s\u0131\u011fmaz\u201d ifadelerini kulland\u0131.<\/p>\n\n\n\n<p>Cumhuriyet Halk Partisi olarak halk\u0131n mal\u0131n\u0131n sat\u0131lmas\u0131na ve sa\u011fl\u0131k hizmetlerinin \u00f6zelle\u015ftirme ad\u0131 alt\u0131nda ticarile\u015ftirilmesine kar\u015f\u0131 olduklar\u0131n\u0131 belirten Demir, t\u00fcm vatanda\u015flar\u0131 bas\u0131n a\u00e7\u0131klamas\u0131na kat\u0131lmaya \u00e7a\u011f\u0131rd\u0131.<\/p>\n","protected":false},"excerpt":{"rendered":"<p>Cumhuriyet Halk Partisi Mustafakemalpa\u015fa \u0130l\u00e7e Ba\u015fkan\u0131 G\u00f6khan Demir, Tepecik Sa\u011fl\u0131k Oca\u011f\u0131\u2019n\u0131n \u00f6zelle\u015ftirme ad\u0131 alt\u0131nda sat\u0131\u015fa \u00e7\u0131kar\u0131lmas\u0131na tepki g\u00f6stererek vatanda\u015flar\u0131 yap\u0131lacak bas\u0131n a\u00e7\u0131klamas\u0131na davet etti. Demir,&hellip;<\/p>\n","protected":false},"author":1,"featured_media":8373,"comment_status":"open","ping_status":"open","sticky":false,"template":"","format":"standard","meta":{"advanced_seo_description":"","jetpack_seo_html_title":"","jetpack_seo_noindex":false,"_jetpack_memberships_contains_paid_content":false,"footnotes":"","jetpack_publicize_message":"","jetpack_publicize_feature_enabled":true,"jetpack_social_post_already_shared":true,"jetpack_social_options":{"image_generator_settings":{"template":"highway","default_image_id":0,"font":"","enabled":false},"version":2}},"categories":[8],"tags":[],"class_list":["post-8371","post","type-post","status-publish","format-standard","has-post-thumbnail","hentry","category-foto-galeri"],"jetpack_publicize_connections":[],"jetpack_featured_media_url":"https:\/\/www.xn--kprmedya-n4a6d.com\/wp-content\/uploads\/2026\/04\/IMG_4652-scaled.jpeg","jetpack_likes_enabled":true,"jetpack_sharing_enabled":true,"jetpack_shortlink":"https:\/\/wp.me\/pgAB3S-2b1","_links":{"self":[{"href":"https:\/\/www.xn--kprmedya-n4a6d.com\/index.php\/wp-json\/wp\/v2\/posts\/8371","targetHints":{"allow":["GET"]}}],"collection":[{"href":"https:\/\/www.xn--kprmedya-n4a6d.com\/index.php\/wp-json\/wp\/v2\/posts"}],"about":[{"href":"https:\/\/www.xn--kprmedya-n4a6d.com\/index.php\/wp-json\/wp\/v2\/types\/post"}],"author":[{"embeddable":true,"href":"https:\/\/www.xn--kprmedya-n4a6d.com\/index.php\/wp-json\/wp\/v2\/users\/1"}],"replies":[{"embeddable":true,"href":"https:\/\/www.xn--kprmedya-n4a6d.com\/index.php\/wp-json\/wp\/v2\/comments?post=8371"}],"version-history":[{"count":1,"href":"https:\/\/www.xn--kprmedya-n4a6d.com\/index.php\/wp-json\/wp\/v2\/posts\/8371\/revisions"}],"predecessor-version":[{"id":8374,"href":"https:\/\/www.xn--kprmedya-n4a6d.com\/index.php\/wp-json\/wp\/v2\/posts\/8371\/revisions\/8374"}],"wp:featuredmedia":[{"embeddable":true,"href":"https:\/\/www.xn--kprmedya-n4a6d.com\/index.php\/wp-json\/wp\/v2\/media\/8373"}],"wp:attachment":[{"href":"https:\/\/www.xn--kprmedya-n4a6d.com\/index.php\/wp-json\/wp\/v2\/media?parent=8371"}],"wp:term":[{"taxonomy":"category","embeddable":true,"href":"https:\/\/www.xn--kprmedya-n4a6d.com\/index.php\/wp-json\/wp\/v2\/categories?post=8371"},{"taxonomy":"post_tag","embeddable":true,"href":"https:\/\/www.xn--kprmedya-n4a6d.com\/index.php\/wp-json\/wp\/v2\/tags?post=8371"}],"curies":[{"name":"wp","href":"https:\/\/api.w.org\/{rel}","templated":true}]}}