{"id":8379,"date":"2026-04-27T10:31:54","date_gmt":"2026-04-27T10:31:54","guid":{"rendered":"https:\/\/www.xn--kprmedya-n4a6d.com\/?p=8379"},"modified":"2026-04-27T10:33:49","modified_gmt":"2026-04-27T10:33:49","slug":"chp-karsi-cikti-ak-partiden-aciklama-gecikmedi","status":"publish","type":"post","link":"https:\/\/www.xn--kprmedya-n4a6d.com\/index.php\/2026\/04\/27\/chp-karsi-cikti-ak-partiden-aciklama-gecikmedi\/","title":{"rendered":"CHP KAR\u015eI \u00c7IKTI, AK PART\u0130\u2019DEN A\u00c7IKLAMA GEC\u0130KMED\u0130"},"content":{"rendered":"\n<p><strong>Tepecik Sa\u011fl\u0131k Oca\u011f\u0131 Tart\u0131\u015fmas\u0131nda Geri Ad\u0131m Sinyali<\/strong><\/p>\n\n\n\n<p>Mustafakemalpa\u015fa\u2019da Tepecik Aile Sa\u011fl\u0131\u011f\u0131 Merkezi\u2019nin \u00f6zelle\u015ftirme ad\u0131 alt\u0131nda sat\u0131\u015fa \u00e7\u0131kar\u0131laca\u011f\u0131 y\u00f6n\u00fcndeki iddialar il\u00e7ede geni\u015f yank\u0131 uyand\u0131rd\u0131. Kamuoyunda olu\u015fan tepkinin ard\u0131ndan siyasette pe\u015f pe\u015fe a\u00e7\u0131klamalar gelirken, CHP\u2019nin sert \u00e7\u0131k\u0131\u015f\u0131n\u0131n ard\u0131ndan AK Parti cephesinden de dikkat \u00e7eken bir de\u011ferlendirme geldi.<\/p>\n\n\n\n<p>\u0130lk olarak Cumhuriyet Halk Partisi Mustafakemalpa\u015fa \u0130l\u00e7e Ba\u015fkanl\u0131\u011f\u0131, sa\u011fl\u0131k oca\u011f\u0131n\u0131n sat\u0131\u015f\u0131na kar\u015f\u0131 olduklar\u0131n\u0131 belirterek Tepecik Sa\u011fl\u0131k Oca\u011f\u0131 \u00f6n\u00fcnde bas\u0131n a\u00e7\u0131klamas\u0131 yap\u0131laca\u011f\u0131n\u0131 duyurdu. Yap\u0131lan \u00e7a\u011fr\u0131da, sa\u011fl\u0131k hizmetlerinin ticari anlay\u0131\u015fa teslim edilemeyece\u011fi vurgulan\u0131rken, vatanda\u015flar eyleme davet edildi.<\/p>\n\n\n\n<p>CHP\u2019nin a\u00e7\u0131klamas\u0131nda, yakla\u015f\u0131k 1600 kay\u0131tl\u0131 hastaya hizmet verdi\u011fi belirtilen sa\u011fl\u0131k merkezinin \u00f6zellikle ya\u015fl\u0131lar, \u00e7ocuklar ve dar gelirli vatanda\u015flar a\u00e7\u0131s\u0131ndan b\u00fcy\u00fck \u00f6nem ta\u015f\u0131d\u0131\u011f\u0131 ifade edildi. Ayr\u0131ca sa\u011fl\u0131k oca\u011f\u0131n\u0131n ge\u00e7mi\u015fte kamu hizmeti amac\u0131yla in\u015fa edildi\u011fi hat\u0131rlat\u0131larak sat\u0131\u015f iddialar\u0131na tepki g\u00f6sterildi.<\/p>\n\n\n\n<figure class=\"wp-block-image size-large\"><img loading=\"lazy\" decoding=\"async\" width=\"1024\" height=\"426\" src=\"https:\/\/www.xn--kprmedya-n4a6d.com\/wp-content\/uploads\/2026\/04\/IMG_4664-1024x426.jpeg\" alt=\"\" class=\"wp-image-8381\" srcset=\"https:\/\/www.xn--kprmedya-n4a6d.com\/wp-content\/uploads\/2026\/04\/IMG_4664-1024x426.jpeg 1024w, https:\/\/www.xn--kprmedya-n4a6d.com\/wp-content\/uploads\/2026\/04\/IMG_4664-300x125.jpeg 300w, https:\/\/www.xn--kprmedya-n4a6d.com\/wp-content\/uploads\/2026\/04\/IMG_4664-768x319.jpeg 768w, https:\/\/www.xn--kprmedya-n4a6d.com\/wp-content\/uploads\/2026\/04\/IMG_4664-1536x638.jpeg 1536w, https:\/\/www.xn--kprmedya-n4a6d.com\/wp-content\/uploads\/2026\/04\/IMG_4664.jpeg 2048w\" sizes=\"auto, (max-width: 1024px) 100vw, 1024px\" \/><\/figure>\n\n\n\n<p>Tart\u0131\u015fmalar s\u00fcrerken, yap\u0131lmas\u0131 planlanan bas\u0131n a\u00e7\u0131klamas\u0131na k\u0131sa s\u00fcre kala \u00f6nceki d\u00f6nem AK Parti Bursa Milletvekili Mustafa Esgin\u2019den a\u00e7\u0131klama geldi. Esgin, sosyal medya \u00fczerinden yapt\u0131\u011f\u0131 payla\u015f\u0131mda sa\u011fl\u0131k kurulu\u015flar\u0131n\u0131n sat\u0131lamayaca\u011f\u0131n\u0131 belirterek vatanda\u015flar\u0131n i\u00e7inin rahat olmas\u0131 gerekti\u011fini ifade etti.<\/p>\n\n\n\n<p>S\u00f6z konusu a\u00e7\u0131klama, kamuoyunda \u201cgeri ad\u0131m sinyali\u201d ve \u201cartan tepkilere yan\u0131t\u201d \u015feklinde yorumland\u0131. \u0130l\u00e7ede bir\u00e7ok vatanda\u015f, toplumun ortak refleksiyle konunun k\u0131sa s\u00fcrede g\u00fcndeme ta\u015f\u0131nd\u0131\u011f\u0131n\u0131 ve kamuoyu bask\u0131s\u0131n\u0131n etkili oldu\u011funu dile getirdi.<\/p>\n\n\n\n<p>Tepecik Sa\u011fl\u0131k Oca\u011f\u0131 ile ilgili s\u00fcre\u00e7te resmi makamlar\u0131n ataca\u011f\u0131 ad\u0131mlar merakla beklenirken, il\u00e7ede sa\u011fl\u0131k hizmetlerinin gelece\u011fine ili\u015fkin geli\u015fmeler yak\u0131ndan takip ediliyor.<\/p>\n","protected":false},"excerpt":{"rendered":"<p>Tepecik Sa\u011fl\u0131k Oca\u011f\u0131 Tart\u0131\u015fmas\u0131nda Geri Ad\u0131m Sinyali Mustafakemalpa\u015fa\u2019da Tepecik Aile Sa\u011fl\u0131\u011f\u0131 Merkezi\u2019nin \u00f6zelle\u015ftirme ad\u0131 alt\u0131nda sat\u0131\u015fa \u00e7\u0131kar\u0131laca\u011f\u0131 y\u00f6n\u00fcndeki iddialar il\u00e7ede geni\u015f yank\u0131 uyand\u0131rd\u0131. Kamuoyunda olu\u015fan&hellip;<\/p>\n","protected":false},"author":1,"featured_media":8380,"comment_status":"open","ping_status":"open","sticky":false,"template":"","format":"standard","meta":{"advanced_seo_description":"","jetpack_seo_html_title":"","jetpack_seo_noindex":false,"_jetpack_memberships_contains_paid_content":false,"footnotes":"","jetpack_publicize_message":"","jetpack_publicize_feature_enabled":true,"jetpack_social_post_already_shared":true,"jetpack_social_options":{"image_generator_settings":{"template":"highway","default_image_id":0,"font":"","enabled":false},"version":2}},"categories":[8],"tags":[],"class_list":["post-8379","post","type-post","status-publish","format-standard","has-post-thumbnail","hentry","category-foto-galeri"],"jetpack_publicize_connections":[],"jetpack_featured_media_url":"https:\/\/www.xn--kprmedya-n4a6d.com\/wp-content\/uploads\/2026\/04\/IMG_4667.jpeg","jetpack_likes_enabled":true,"jetpack_sharing_enabled":true,"jetpack_shortlink":"https:\/\/wp.me\/pgAB3S-2b9","_links":{"self":[{"href":"https:\/\/www.xn--kprmedya-n4a6d.com\/index.php\/wp-json\/wp\/v2\/posts\/8379","targetHints":{"allow":["GET"]}}],"collection":[{"href":"https:\/\/www.xn--kprmedya-n4a6d.com\/index.php\/wp-json\/wp\/v2\/posts"}],"about":[{"href":"https:\/\/www.xn--kprmedya-n4a6d.com\/index.php\/wp-json\/wp\/v2\/types\/post"}],"author":[{"embeddable":true,"href":"https:\/\/www.xn--kprmedya-n4a6d.com\/index.php\/wp-json\/wp\/v2\/users\/1"}],"replies":[{"embeddable":true,"href":"https:\/\/www.xn--kprmedya-n4a6d.com\/index.php\/wp-json\/wp\/v2\/comments?post=8379"}],"version-history":[{"count":2,"href":"https:\/\/www.xn--kprmedya-n4a6d.com\/index.php\/wp-json\/wp\/v2\/posts\/8379\/revisions"}],"predecessor-version":[{"id":8384,"href":"https:\/\/www.xn--kprmedya-n4a6d.com\/index.php\/wp-json\/wp\/v2\/posts\/8379\/revisions\/8384"}],"wp:featuredmedia":[{"embeddable":true,"href":"https:\/\/www.xn--kprmedya-n4a6d.com\/index.php\/wp-json\/wp\/v2\/media\/8380"}],"wp:attachment":[{"href":"https:\/\/www.xn--kprmedya-n4a6d.com\/index.php\/wp-json\/wp\/v2\/media?parent=8379"}],"wp:term":[{"taxonomy":"category","embeddable":true,"href":"https:\/\/www.xn--kprmedya-n4a6d.com\/index.php\/wp-json\/wp\/v2\/categories?post=8379"},{"taxonomy":"post_tag","embeddable":true,"href":"https:\/\/www.xn--kprmedya-n4a6d.com\/index.php\/wp-json\/wp\/v2\/tags?post=8379"}],"curies":[{"name":"wp","href":"https:\/\/api.w.org\/{rel}","templated":true}]}}