{"id":8385,"date":"2026-04-28T12:03:34","date_gmt":"2026-04-28T12:03:34","guid":{"rendered":"https:\/\/www.xn--kprmedya-n4a6d.com\/?p=8385"},"modified":"2026-04-28T12:03:36","modified_gmt":"2026-04-28T12:03:36","slug":"potada-yeni-donem-cirpan-spor-basketbol-akademi-sahaya-indi","status":"publish","type":"post","link":"https:\/\/www.xn--kprmedya-n4a6d.com\/index.php\/2026\/04\/28\/potada-yeni-donem-cirpan-spor-basketbol-akademi-sahaya-indi\/","title":{"rendered":"POTADA YEN\u0130 D\u00d6NEM: \u00c7IRPAN SPOR BASKETBOL AKADEM\u0130 SAHAYA \u0130ND\u0130!"},"content":{"rendered":"\n<figure class=\"wp-block-image size-full\"><img loading=\"lazy\" decoding=\"async\" width=\"1024\" height=\"237\" src=\"https:\/\/www.xn--kprmedya-n4a6d.com\/wp-content\/uploads\/2026\/04\/IMG_4679.jpeg\" alt=\"\" class=\"wp-image-8389\" srcset=\"https:\/\/www.xn--kprmedya-n4a6d.com\/wp-content\/uploads\/2026\/04\/IMG_4679.jpeg 1024w, https:\/\/www.xn--kprmedya-n4a6d.com\/wp-content\/uploads\/2026\/04\/IMG_4679-300x69.jpeg 300w, https:\/\/www.xn--kprmedya-n4a6d.com\/wp-content\/uploads\/2026\/04\/IMG_4679-768x178.jpeg 768w\" sizes=\"auto, (max-width: 1024px) 100vw, 1024px\" \/><\/figure>\n\n\n\n<p>Mustafakemalpa\u015fa\u2019da sporun geli\u015fimine katk\u0131 sunmay\u0131 hedefleyen (\u00c7SK) \u00c7\u0131rpan Spor Basketbol Akademi, 2017, 2018 ve 2019 do\u011fumlu sporcularla \u00e7al\u0131\u015fmalar\u0131na resmen ba\u015flad\u0131.<\/p>\n\n\n\n<figure class=\"wp-block-image size-large\"><img loading=\"lazy\" decoding=\"async\" width=\"1024\" height=\"678\" src=\"https:\/\/www.xn--kprmedya-n4a6d.com\/wp-content\/uploads\/2026\/04\/IMG_4686-1024x678.webp\" alt=\"\" class=\"wp-image-8387\" srcset=\"https:\/\/www.xn--kprmedya-n4a6d.com\/wp-content\/uploads\/2026\/04\/IMG_4686-1024x678.webp 1024w, https:\/\/www.xn--kprmedya-n4a6d.com\/wp-content\/uploads\/2026\/04\/IMG_4686-300x199.webp 300w, https:\/\/www.xn--kprmedya-n4a6d.com\/wp-content\/uploads\/2026\/04\/IMG_4686-768x508.webp 768w, https:\/\/www.xn--kprmedya-n4a6d.com\/wp-content\/uploads\/2026\/04\/IMG_4686-1536x1017.webp 1536w, https:\/\/www.xn--kprmedya-n4a6d.com\/wp-content\/uploads\/2026\/04\/IMG_4686.webp 1600w\" sizes=\"auto, (max-width: 1024px) 100vw, 1024px\" \/><\/figure>\n\n\n\n<p>Hafta sonu ger\u00e7ekle\u015ftirilen antrenmanda sporcular, veliler ve kul\u00fcp y\u00f6netimi bir araya gelirken, organizasyon yo\u011fun ilgi g\u00f6rd\u00fc.<\/p>\n\n\n\n<p>Ger\u00e7ekle\u015ftirilen bulu\u015fmada Kul\u00fcp Ba\u015fkan\u0131 Tamer Kayhan ve Basketbol \u015eube Ba\u015fkan\u0131 Abd\u00fclkadir Bakkal \u00f6nemli a\u00e7\u0131klamalarda bulundu. Yetkililer, \u00f6n\u00fcm\u00fczdeki y\u0131llarda Bursa Yerel Ligleri\u2019nde m\u00fccadele edecek g\u00fc\u00e7l\u00fc alt yap\u0131 tak\u0131mlar\u0131 olu\u015fturmay\u0131 hedeflediklerini belirterek, il\u00e7e basketboluna kal\u0131c\u0131 katk\u0131lar sunmak i\u00e7in \u00e7al\u0131\u015fmalar\u0131n h\u0131z kesmeden devam edece\u011fini ifade etti.<\/p>\n\n\n\n<figure class=\"wp-block-image size-large\"><img loading=\"lazy\" decoding=\"async\" width=\"1024\" height=\"678\" src=\"https:\/\/www.xn--kprmedya-n4a6d.com\/wp-content\/uploads\/2026\/04\/IMG_4687-1024x678.webp\" alt=\"\" class=\"wp-image-8386\" srcset=\"https:\/\/www.xn--kprmedya-n4a6d.com\/wp-content\/uploads\/2026\/04\/IMG_4687-1024x678.webp 1024w, https:\/\/www.xn--kprmedya-n4a6d.com\/wp-content\/uploads\/2026\/04\/IMG_4687-300x199.webp 300w, https:\/\/www.xn--kprmedya-n4a6d.com\/wp-content\/uploads\/2026\/04\/IMG_4687-768x508.webp 768w, https:\/\/www.xn--kprmedya-n4a6d.com\/wp-content\/uploads\/2026\/04\/IMG_4687-1536x1017.webp 1536w, https:\/\/www.xn--kprmedya-n4a6d.com\/wp-content\/uploads\/2026\/04\/IMG_4687.webp 1600w\" sizes=\"auto, (max-width: 1024px) 100vw, 1024px\" \/><\/figure>\n\n\n\n<p>Kul\u00fcb\u00fcn e\u011fitim kadrosuna da dikkat \u00e7eken y\u00f6neticiler, deneyimli antren\u00f6rler Muzaffer Manav, Aykut Uyrum, Melek \u00d6zger ve Sueda Yavuz ile birlikte altyap\u0131 sporcular\u0131na en iyi e\u011fitimi vermeyi ama\u00e7lad\u0131klar\u0131n\u0131 vurgulad\u0131.<\/p>\n\n\n\n<p>\u00c7\u0131rpan Spor Basketbol Akademi y\u00f6netimi, il\u00e7edeki gen\u00e7leri spora y\u00f6nlendirmek ve sa\u011fl\u0131kl\u0131 bireyler yeti\u015fmesine katk\u0131 sa\u011flamak ad\u0131na t\u00fcm \u00e7ocuklar\u0131 kul\u00fcplerine davet etti. Yeni ba\u015flayan bu s\u00fcre\u00e7le birlikte Mustafakemalpa\u015fa\u2019da basketbola olan ilginin daha da artmas\u0131 bekleniyor.<\/p>\n\n\n\n<figure class=\"wp-block-image size-full\"><img loading=\"lazy\" decoding=\"async\" width=\"825\" height=\"500\" src=\"https:\/\/www.xn--kprmedya-n4a6d.com\/wp-content\/uploads\/2026\/04\/IMG_4677.jpeg\" alt=\"\" class=\"wp-image-8388\" srcset=\"https:\/\/www.xn--kprmedya-n4a6d.com\/wp-content\/uploads\/2026\/04\/IMG_4677.jpeg 825w, https:\/\/www.xn--kprmedya-n4a6d.com\/wp-content\/uploads\/2026\/04\/IMG_4677-300x182.jpeg 300w, https:\/\/www.xn--kprmedya-n4a6d.com\/wp-content\/uploads\/2026\/04\/IMG_4677-768x465.jpeg 768w\" sizes=\"auto, (max-width: 825px) 100vw, 825px\" \/><\/figure>\n","protected":false},"excerpt":{"rendered":"<p>Mustafakemalpa\u015fa\u2019da sporun geli\u015fimine katk\u0131 sunmay\u0131 hedefleyen (\u00c7SK) \u00c7\u0131rpan Spor Basketbol Akademi, 2017, 2018 ve 2019 do\u011fumlu sporcularla \u00e7al\u0131\u015fmalar\u0131na resmen ba\u015flad\u0131. Hafta sonu ger\u00e7ekle\u015ftirilen antrenmanda sporcular,&hellip;<\/p>\n","protected":false},"author":1,"featured_media":8390,"comment_status":"open","ping_status":"open","sticky":false,"template":"","format":"standard","meta":{"advanced_seo_description":"","jetpack_seo_html_title":"","jetpack_seo_noindex":false,"_jetpack_memberships_contains_paid_content":false,"footnotes":"","jetpack_publicize_message":"","jetpack_publicize_feature_enabled":true,"jetpack_social_post_already_shared":true,"jetpack_social_options":{"image_generator_settings":{"template":"highway","default_image_id":0,"font":"","enabled":false},"version":2}},"categories":[8],"tags":[],"class_list":["post-8385","post","type-post","status-publish","format-standard","has-post-thumbnail","hentry","category-foto-galeri"],"jetpack_publicize_connections":[],"jetpack_featured_media_url":"https:\/\/www.xn--kprmedya-n4a6d.com\/wp-content\/uploads\/2026\/04\/IMG_4685.webp","jetpack_likes_enabled":true,"jetpack_sharing_enabled":true,"jetpack_shortlink":"https:\/\/wp.me\/pgAB3S-2bf","_links":{"self":[{"href":"https:\/\/www.xn--kprmedya-n4a6d.com\/index.php\/wp-json\/wp\/v2\/posts\/8385","targetHints":{"allow":["GET"]}}],"collection":[{"href":"https:\/\/www.xn--kprmedya-n4a6d.com\/index.php\/wp-json\/wp\/v2\/posts"}],"about":[{"href":"https:\/\/www.xn--kprmedya-n4a6d.com\/index.php\/wp-json\/wp\/v2\/types\/post"}],"author":[{"embeddable":true,"href":"https:\/\/www.xn--kprmedya-n4a6d.com\/index.php\/wp-json\/wp\/v2\/users\/1"}],"replies":[{"embeddable":true,"href":"https:\/\/www.xn--kprmedya-n4a6d.com\/index.php\/wp-json\/wp\/v2\/comments?post=8385"}],"version-history":[{"count":1,"href":"https:\/\/www.xn--kprmedya-n4a6d.com\/index.php\/wp-json\/wp\/v2\/posts\/8385\/revisions"}],"predecessor-version":[{"id":8391,"href":"https:\/\/www.xn--kprmedya-n4a6d.com\/index.php\/wp-json\/wp\/v2\/posts\/8385\/revisions\/8391"}],"wp:featuredmedia":[{"embeddable":true,"href":"https:\/\/www.xn--kprmedya-n4a6d.com\/index.php\/wp-json\/wp\/v2\/media\/8390"}],"wp:attachment":[{"href":"https:\/\/www.xn--kprmedya-n4a6d.com\/index.php\/wp-json\/wp\/v2\/media?parent=8385"}],"wp:term":[{"taxonomy":"category","embeddable":true,"href":"https:\/\/www.xn--kprmedya-n4a6d.com\/index.php\/wp-json\/wp\/v2\/categories?post=8385"},{"taxonomy":"post_tag","embeddable":true,"href":"https:\/\/www.xn--kprmedya-n4a6d.com\/index.php\/wp-json\/wp\/v2\/tags?post=8385"}],"curies":[{"name":"wp","href":"https:\/\/api.w.org\/{rel}","templated":true}]}}