{"id":8393,"date":"2026-04-28T16:45:46","date_gmt":"2026-04-28T16:45:46","guid":{"rendered":"https:\/\/www.xn--kprmedya-n4a6d.com\/?p=8393"},"modified":"2026-04-28T16:45:48","modified_gmt":"2026-04-28T16:45:48","slug":"2024-yilinda-duyurulan-mutlu-haberin-uzerinden-613-gun-gectikyk-projesi-rafta-mi-kaldi","status":"publish","type":"post","link":"https:\/\/www.xn--kprmedya-n4a6d.com\/index.php\/2026\/04\/28\/2024-yilinda-duyurulan-mutlu-haberin-uzerinden-613-gun-gectikyk-projesi-rafta-mi-kaldi\/","title":{"rendered":"2024 YILINDA DUYURULAN \u2018MUTLU\u2019 HABER\u0130N \u00dcZER\u0130NDEN 613 G\u00dcN GE\u00c7T\u0130:KYK PROJES\u0130 RAFTA MI KALDI?"},"content":{"rendered":"\n<figure class=\"wp-block-image size-full\"><img loading=\"lazy\" decoding=\"async\" width=\"1024\" height=\"237\" src=\"https:\/\/www.xn--kprmedya-n4a6d.com\/wp-content\/uploads\/2026\/04\/IMG_4679-1.jpeg\" alt=\"\" class=\"wp-image-8394\" srcset=\"https:\/\/www.xn--kprmedya-n4a6d.com\/wp-content\/uploads\/2026\/04\/IMG_4679-1.jpeg 1024w, https:\/\/www.xn--kprmedya-n4a6d.com\/wp-content\/uploads\/2026\/04\/IMG_4679-1-300x69.jpeg 300w, https:\/\/www.xn--kprmedya-n4a6d.com\/wp-content\/uploads\/2026\/04\/IMG_4679-1-768x178.jpeg 768w\" sizes=\"auto, (max-width: 1024px) 100vw, 1024px\" \/><\/figure>\n\n\n\n<p><strong>KYK PROJES\u0130NDE SON DURUM NE?<\/strong><\/p>\n\n\n\n<p>Mustafakemalpa\u015fa\u2019da \u00f6\u011frenciler ve aileler taraf\u0131ndan uzun s\u00fcredir ihtiya\u00e7 olarak g\u00f6r\u00fclen KYK yurdu konusu, 2024 y\u0131l\u0131nda yap\u0131lan a\u00e7\u0131klamayla g\u00fcndeme gelmi\u015fti. AK Parti Mustafakemalpa\u015fa \u0130l\u00e7e Ba\u015fkan\u0131 Mutlu Turgut taraf\u0131ndan kamuoyuna duyurulan projede, il\u00e7eye KYK yerle\u015fkesi kazand\u0131r\u0131lmas\u0131 hedefi payla\u015f\u0131lm\u0131\u015ft\u0131.<\/p>\n\n\n\n<p>Yap\u0131lan a\u00e7\u0131klamada, AK Parti Bursa Milletvekili&nbsp;<a href=\"chatgpt:\/\/generic-entity?number=0\">Ahmet K\u0131l\u0131\u00e7<\/a>, \u0130l\u00e7e Gen\u00e7lik ve Spor M\u00fcd\u00fcr\u00fc Mahmut G\u00f6k ve&nbsp;<a href=\"chatgpt:\/\/generic-entity?number=1\">Bursa Uluda\u011f \u00dcniversitesi<\/a>&nbsp;Mustafakemalpa\u015fa Meslek Y\u00fcksekokulu yetkilileriyle birlikte il\u00e7e merkezinde devlet sorumlulu\u011funda bulunan bir binan\u0131n KYK yerle\u015fkesi olarak de\u011ferlendirilmesinin planland\u0131\u011f\u0131 belirtilmi\u015fti.<\/p>\n\n\n\n<p>A\u00e7\u0131klaman\u0131n ard\u0131ndan kamuoyunda beklenti olu\u015furken, aradan ge\u00e7en s\u00fcrede projeyle ilgili somut bir geli\u015fme kamuoyuna yans\u0131mad\u0131. \u00d6\u011frenciler ve veliler ise \u00f6zellikle yeni e\u011fitim d\u00f6nemleri yakla\u015f\u0131rken KYK projesinde gelinen noktan\u0131n merak edildi\u011fini ifade ediyor.<\/p>\n\n\n\n<p>Mustafakemalpa\u015fa\u2019da y\u00fcksek\u00f6\u011frenim g\u00f6ren \u00f6\u011frencilerin bar\u0131nma ihtiyac\u0131 devam ederken, vatanda\u015flar da projeye ili\u015fkin g\u00fcncel durumun yetkililer taraf\u0131ndan payla\u015f\u0131lmas\u0131n\u0131 bekliyor.<\/p>\n\n\n\n<figure class=\"wp-block-image size-full\"><img loading=\"lazy\" decoding=\"async\" width=\"825\" height=\"500\" src=\"https:\/\/www.xn--kprmedya-n4a6d.com\/wp-content\/uploads\/2026\/04\/IMG_4677-1.jpeg\" alt=\"\" class=\"wp-image-8395\" srcset=\"https:\/\/www.xn--kprmedya-n4a6d.com\/wp-content\/uploads\/2026\/04\/IMG_4677-1.jpeg 825w, https:\/\/www.xn--kprmedya-n4a6d.com\/wp-content\/uploads\/2026\/04\/IMG_4677-1-300x182.jpeg 300w, https:\/\/www.xn--kprmedya-n4a6d.com\/wp-content\/uploads\/2026\/04\/IMG_4677-1-768x465.jpeg 768w\" sizes=\"auto, (max-width: 825px) 100vw, 825px\" \/><\/figure>\n","protected":false},"excerpt":{"rendered":"<p>KYK PROJES\u0130NDE SON DURUM NE? Mustafakemalpa\u015fa\u2019da \u00f6\u011frenciler ve aileler taraf\u0131ndan uzun s\u00fcredir ihtiya\u00e7 olarak g\u00f6r\u00fclen KYK yurdu konusu, 2024 y\u0131l\u0131nda yap\u0131lan a\u00e7\u0131klamayla g\u00fcndeme gelmi\u015fti. AK&hellip;<\/p>\n","protected":false},"author":1,"featured_media":8396,"comment_status":"open","ping_status":"open","sticky":false,"template":"","format":"standard","meta":{"advanced_seo_description":"","jetpack_seo_html_title":"","jetpack_seo_noindex":false,"_jetpack_memberships_contains_paid_content":false,"footnotes":"","jetpack_publicize_message":"","jetpack_publicize_feature_enabled":true,"jetpack_social_post_already_shared":true,"jetpack_social_options":{"image_generator_settings":{"template":"highway","default_image_id":0,"font":"","enabled":false},"version":2}},"categories":[8],"tags":[],"class_list":["post-8393","post","type-post","status-publish","format-standard","has-post-thumbnail","hentry","category-foto-galeri"],"jetpack_publicize_connections":[],"jetpack_featured_media_url":"https:\/\/www.xn--kprmedya-n4a6d.com\/wp-content\/uploads\/2026\/04\/IMG_4704-scaled.jpeg","jetpack_likes_enabled":true,"jetpack_sharing_enabled":true,"jetpack_shortlink":"https:\/\/wp.me\/pgAB3S-2bn","_links":{"self":[{"href":"https:\/\/www.xn--kprmedya-n4a6d.com\/index.php\/wp-json\/wp\/v2\/posts\/8393","targetHints":{"allow":["GET"]}}],"collection":[{"href":"https:\/\/www.xn--kprmedya-n4a6d.com\/index.php\/wp-json\/wp\/v2\/posts"}],"about":[{"href":"https:\/\/www.xn--kprmedya-n4a6d.com\/index.php\/wp-json\/wp\/v2\/types\/post"}],"author":[{"embeddable":true,"href":"https:\/\/www.xn--kprmedya-n4a6d.com\/index.php\/wp-json\/wp\/v2\/users\/1"}],"replies":[{"embeddable":true,"href":"https:\/\/www.xn--kprmedya-n4a6d.com\/index.php\/wp-json\/wp\/v2\/comments?post=8393"}],"version-history":[{"count":2,"href":"https:\/\/www.xn--kprmedya-n4a6d.com\/index.php\/wp-json\/wp\/v2\/posts\/8393\/revisions"}],"predecessor-version":[{"id":8398,"href":"https:\/\/www.xn--kprmedya-n4a6d.com\/index.php\/wp-json\/wp\/v2\/posts\/8393\/revisions\/8398"}],"wp:featuredmedia":[{"embeddable":true,"href":"https:\/\/www.xn--kprmedya-n4a6d.com\/index.php\/wp-json\/wp\/v2\/media\/8396"}],"wp:attachment":[{"href":"https:\/\/www.xn--kprmedya-n4a6d.com\/index.php\/wp-json\/wp\/v2\/media?parent=8393"}],"wp:term":[{"taxonomy":"category","embeddable":true,"href":"https:\/\/www.xn--kprmedya-n4a6d.com\/index.php\/wp-json\/wp\/v2\/categories?post=8393"},{"taxonomy":"post_tag","embeddable":true,"href":"https:\/\/www.xn--kprmedya-n4a6d.com\/index.php\/wp-json\/wp\/v2\/tags?post=8393"}],"curies":[{"name":"wp","href":"https:\/\/api.w.org\/{rel}","templated":true}]}}